{"id":67190,"date":"2025-03-24T16:40:49","date_gmt":"2025-03-24T22:40:49","guid":{"rendered":"https:\/\/informativoelvalledeaguascalientes.online\/?p=67190"},"modified":"2025-03-24T16:40:49","modified_gmt":"2025-03-24T22:40:49","slug":"compromiso-con-la-mujer-indigena-y-rural-es-un-llamado-a-la-accion","status":"publish","type":"post","link":"https:\/\/informativoelvalledeaguascalientes.online\/?p=67190","title":{"rendered":"COMPROMISO CON LA MUJER INDIGENA Y RURAL, ES UN LLAMADO A LA ACCI\u00d3N"},"content":{"rendered":"<p>#informativoelvalledeaguascalientes #novaradioaguascalientes #informativoelvalledeaguascalientesll #Aguascalientes<\/p>\n<p>&nbsp;<\/p>\n<p>&nbsp;<\/p>\n<p>\u2022 Trabajar\u00e1 en acciones legislativas que sirvan para impulsar pol\u00edticas p\u00fablicas que mejoren el desarrollo y crecimiento de cada una de ellas.<br \/>\n\u2022 Fundamental fortalecer su acceso a recursos productivos, oportunidades de empleo digno y educaci\u00f3n de calidad<\/p>\n<p>&nbsp;<\/p>\n<p>Impulsar acciones legislativas concretas para mejorar la calidad de vida de las mujeres ind\u00edgenas y rurales es una tarea urgente. Es momento de fortalecer sus derechos, generar oportunidades de desarrollo y fomentar su participaci\u00f3n en la vida econ\u00f3mica y social del estado, as\u00ed lo destaca la Diputada Mirna Medina Ruvalcaba.<\/p>\n<p>Hizo \u00e9nfasis en que las mujeres rurales e ind\u00edgenas son la base del tejido social y econ\u00f3mico de sus comunidades. Con su trabajo diario en la agricultura, la crianza de ganado, la producci\u00f3n de alimentos y la educaci\u00f3n de nuevas generaciones, sostienen el progreso de sus localidades. No obstante, contin\u00faan enfrentando profundas desigualdades en el acceso al empleo, la educaci\u00f3n y la toma de decisiones. Mientras que el 50.2% de las mujeres urbanas en M\u00e9xico cuentan con empleo remunerado, en las zonas rurales esta cifra se reduce al 35.6%.<\/p>\n<p>Es fundamental fortalecer su acceso a recursos productivos, oportunidades de empleo digno y educaci\u00f3n de calidad. Adem\u00e1s, se debe promover su inclusi\u00f3n en la toma de decisiones, asegurando su participaci\u00f3n en el desarrollo econ\u00f3mico y social de Aguascalientes.<\/p>\n<p>Finalmente, Medina Ruvalcaba enfatiz\u00f3 la urgencia de actuar con responsabilidad y visi\u00f3n de futuro: \u201cEste no es solo un reconocimiento simb\u00f3lico, es un compromiso con nuestra historia y con el presente de miles de mujeres. Es momento de transformar este acuerdo en pol\u00edticas y programas que impulsen su bienestar y empoderamiento. La mujer rural e ind\u00edgena no solo merece ser reconocida, sino apoyada con acciones reales que mejoren su calidad de vida&#8221;.<\/p>\n<p>Es momento de un cambio real para el desarrollo equitativo, donde el esfuerzo de las mujeres ind\u00edgenas y rurales sea valorado, respetado y potenciado con oportunidades reales.<\/p>\n","protected":false},"excerpt":{"rendered":"<p>#informativoelvalledeaguascalientes #novaradioaguascalientes #informativoelvalledeaguascalientesll #Aguascalientes &nbsp; &nbsp; \u2022 Trabajar\u00e1 en acciones legislativas que sirvan para impulsar pol\u00edticas p\u00fablicas que mejoren el desarrollo y crecimiento de cada una de ellas. \u2022 Fundamental fortalecer su acceso a recursos productivos, oportunidades de empleo digno y educaci\u00f3n de calidad &nbsp; Impulsar acciones legislativas concretas para mejorar la calidad de vida [&hellip;]<\/p>\n","protected":false},"author":1,"featured_media":67191,"comment_status":"closed","ping_status":"open","sticky":false,"template":"","format":"standard","meta":{"advanced_seo_description":"","jetpack_seo_html_title":"","jetpack_seo_noindex":false,"_jetpack_memberships_contains_paid_content":false,"footnotes":"","jetpack_publicize_message":"","jetpack_publicize_feature_enabled":true,"jetpack_social_post_already_shared":true,"jetpack_social_options":{"image_generator_settings":{"template":"highway","default_image_id":0,"font":"","enabled":false},"version":2}},"categories":[21,5],"tags":[22,872],"class_list":["post-67190","post","type-post","status-publish","format-standard","has-post-thumbnail","hentry","category-aguascalientes","category-h-congreso-del-estado-aguascalientes","tag-aguascalientes","tag-lxvi-legislatura-aguascalientes"],"jetpack_publicize_connections":[],"jetpack_featured_media_url":"https:\/\/i0.wp.com\/informativoelvalledeaguascalientes.online\/wp-content\/uploads\/2025\/03\/47905360-8a1a-4c49-b1fc-f8229deebe90.jpg?fit=1280%2C960&ssl=1","jetpack-related-posts":[],"jetpack_sharing_enabled":true,"jetpack_likes_enabled":true,"_links":{"self":[{"href":"https:\/\/informativoelvalledeaguascalientes.online\/index.php?rest_route=\/wp\/v2\/posts\/67190","targetHints":{"allow":["GET"]}}],"collection":[{"href":"https:\/\/informativoelvalledeaguascalientes.online\/index.php?rest_route=\/wp\/v2\/posts"}],"about":[{"href":"https:\/\/informativoelvalledeaguascalientes.online\/index.php?rest_route=\/wp\/v2\/types\/post"}],"author":[{"embeddable":true,"href":"https:\/\/informativoelvalledeaguascalientes.online\/index.php?rest_route=\/wp\/v2\/users\/1"}],"replies":[{"embeddable":true,"href":"https:\/\/informativoelvalledeaguascalientes.online\/index.php?rest_route=%2Fwp%2Fv2%2Fcomments&post=67190"}],"version-history":[{"count":1,"href":"https:\/\/informativoelvalledeaguascalientes.online\/index.php?rest_route=\/wp\/v2\/posts\/67190\/revisions"}],"predecessor-version":[{"id":67192,"href":"https:\/\/informativoelvalledeaguascalientes.online\/index.php?rest_route=\/wp\/v2\/posts\/67190\/revisions\/67192"}],"wp:featuredmedia":[{"embeddable":true,"href":"https:\/\/informativoelvalledeaguascalientes.online\/index.php?rest_route=\/wp\/v2\/media\/67191"}],"wp:attachment":[{"href":"https:\/\/informativoelvalledeaguascalientes.online\/index.php?rest_route=%2Fwp%2Fv2%2Fmedia&parent=67190"}],"wp:term":[{"taxonomy":"category","embeddable":true,"href":"https:\/\/informativoelvalledeaguascalientes.online\/index.php?rest_route=%2Fwp%2Fv2%2Fcategories&post=67190"},{"taxonomy":"post_tag","embeddable":true,"href":"https:\/\/informativoelvalledeaguascalientes.online\/index.php?rest_route=%2Fwp%2Fv2%2Ftags&post=67190"}],"curies":[{"name":"wp","href":"https:\/\/api.w.org\/{rel}","templated":true}]}}