{"id":67143,"date":"2025-03-23T20:09:16","date_gmt":"2025-03-24T02:09:16","guid":{"rendered":"https:\/\/informativoelvalledeaguascalientes.online\/?p=67143"},"modified":"2025-03-23T20:09:16","modified_gmt":"2025-03-24T02:09:16","slug":"todo-listo-para-la-primera-exhibicion-hecho-en-jesus-maria-rural","status":"publish","type":"post","link":"https:\/\/informativoelvalledeaguascalientes.online\/?p=67143","title":{"rendered":"TODO LISTO PARA LA PRIMERA EXHIBICI\u00d3N HECHO EN JES\u00daS MAR\u00cdA RURAL"},"content":{"rendered":"<p>#informativoelvalledeaguascalientes #novaradioaguascalientes #informativoelvalledeaguascalientesll #Aguascalientes<\/p>\n<p>&nbsp;<\/p>\n<p>&nbsp;<\/p>\n<p>\u2022 Habr\u00e1 destacadas participaciones art\u00edsticas de la Escuela Estatal de Danza y el Taller de Danza Espa\u00f1ola Triana, del Instituto Cultural de Aguascalientes<br \/>\n\u2022 Se contar\u00e1 con las presentaciones de los grupos Duo Bossanova, Mi Tierra Mestiza, Chicahual Bong y El Ballet Tepochpainal<\/p>\n<p>El presidente municipal de Jes\u00fas Mar\u00eda, C\u00e9sar Medina Cervantes, inform\u00f3 que todo se encuentra listo para la realizaci\u00f3n de la Primera Exhibici\u00f3n Hecho en Jes\u00fas Mar\u00eda Rural, para lo cual se cuenta con la participaci\u00f3n de 60 expositores, adem\u00e1s de conferencias, eventos culturales, el Museo de Bichos y del Reptil, un taller infantil de cartoner\u00eda, as\u00ed como un \u00e1rea gastron\u00f3mica, por lo que los visitantes podr\u00e1n degustar productos locales y de otros municipios, al mismo tiempo que disfrutan en familia de diferentes actividades.<\/p>\n<p>Por su parte el titular de la Secretar\u00eda de Desarrollo Agrario y Rural de Jes\u00fas Mar\u00eda, J. Guadalupe Valtierra P\u00e9rez, detall\u00f3 que la inauguraci\u00f3n se efectuar\u00e1 el mi\u00e9rcoles 26 en punto de las 5 de la tarde, y despu\u00e9s del acto protocolario en el que se contar\u00e1 con la presencia de la gobernadora Tere Jim\u00e9nez, se llevar\u00e1 a cabo la presentaci\u00f3n de la Compa\u00f1\u00eda Estatal de Danza del Instituto Cultural de Aguascalientes.<\/p>\n<p>El jueves 27 de marzo se realizar\u00e1 el Taller del Reptil, posteriormente la conferencia \u201cUso de la energ\u00eda solar para preservar la vida \u00fatil de productos primarios con el doctor Jorge Zegbe, investigador del Inifap, y al final del se contar\u00e1 con la actuaci\u00f3n del Duo Bossanova.<\/p>\n<p>Para el viernes 28 de marzo, se llevar\u00e1 a cabo la conferencia \u201cConoce el mundo de Samantha la Tar\u00e1ntula\u201d, posteriormente una conferencia sobre agrocr\u00e9ditos con SIFIA, y para cerrar con broche de oro, se llevar\u00e1 a cabo la presentaci\u00f3n art\u00edstica del grupo Mi Tierra Mestiza.<\/p>\n<p>El s\u00e1bado 29 de marzo, la Caja Solidaria participar\u00e1 tambi\u00e9n con una charla sobre agrocr\u00e9ditos, posteriormente el grupo Chicahual Bong dar\u00e1 un concierto, m\u00e1s tarde se llevar\u00e1 a cabo una conferencia sobre \u201cCunicultura: producci\u00f3n y opci\u00f3n alimeticia\u201d, y para finalizar se presentar\u00e1n los Huapangueros de Aguascalientes.<\/p>\n<p>Finalmente, el domingo 30 de marzo, se contar\u00e1 con la presentaci\u00f3n del Ballet Tepochpainal, posteriormente la conferencia magistral \u201cDel sue\u00f1o del toreo al sue\u00f1o del olivo\u201d con el matador Arturo Mac\u00edas \u201cEl Cejas\u201d, para finalizar con la participaci\u00f3n del Taller de Danza Espa\u00f1ola Triana, del Instituto Cultural de Aguascalientes.<\/p>\n<p>C\u00e9sar Medina coment\u00f3 que quienes asistan podr\u00e1n degustar de productos hechos en Jes\u00fas Mar\u00eda, y de otros municipios invitados como Calvillo, Cos\u00edo, El Llano, Rinc\u00f3n de Romos, Tepezal\u00e1 y San Jos\u00e9 de Gracia, cuyos expositores mostrar\u00e1n sus productos hechos de manera artesanal como quesos, vinos, mezcal, cajetas, frutos secos, helados, miel, pan, dulces t\u00edpicos, postres, salsas machas, carne seca, kombucha, as\u00ed como artesan\u00edas.<\/p>\n<p>De igual forma podr\u00e1n disfrutar del \u00e1rea gastron\u00f3mica en donde habr\u00e1 paella, mariscos, antojitos mexicanos, tacos al pastor, as\u00ed como de la exposici\u00f3n de bichos y serpientes y de un taller infantil de cartoner\u00eda.<\/p>\n","protected":false},"excerpt":{"rendered":"<p>#informativoelvalledeaguascalientes #novaradioaguascalientes #informativoelvalledeaguascalientesll #Aguascalientes &nbsp; &nbsp; \u2022 Habr\u00e1 destacadas participaciones art\u00edsticas de la Escuela Estatal de Danza y el Taller de Danza Espa\u00f1ola Triana, del Instituto Cultural de Aguascalientes \u2022 Se contar\u00e1 con las presentaciones de los grupos Duo Bossanova, Mi Tierra Mestiza, Chicahual Bong y El Ballet Tepochpainal El presidente municipal de Jes\u00fas Mar\u00eda, [&hellip;]<\/p>\n","protected":false},"author":1,"featured_media":67144,"comment_status":"closed","ping_status":"open","sticky":false,"template":"","format":"standard","meta":{"advanced_seo_description":"","jetpack_seo_html_title":"","jetpack_seo_noindex":false,"_jetpack_memberships_contains_paid_content":false,"footnotes":"","jetpack_publicize_message":"","jetpack_publicize_feature_enabled":true,"jetpack_social_post_already_shared":true,"jetpack_social_options":{"image_generator_settings":{"template":"highway","default_image_id":0,"font":"","enabled":false},"version":2}},"categories":[21,14],"tags":[22,45],"class_list":["post-67143","post","type-post","status-publish","format-standard","has-post-thumbnail","hentry","category-aguascalientes","category-jesus-maria-aguascalientes","tag-aguascalientes","tag-jesus-maria-aguascalientes"],"jetpack_publicize_connections":[],"jetpack_featured_media_url":"https:\/\/i0.wp.com\/informativoelvalledeaguascalientes.online\/wp-content\/uploads\/2025\/03\/b94637f2-9b66-4858-acba-cdc8e83df120.jpg?fit=1280%2C1280&ssl=1","jetpack-related-posts":[],"jetpack_sharing_enabled":true,"jetpack_likes_enabled":true,"_links":{"self":[{"href":"https:\/\/informativoelvalledeaguascalientes.online\/index.php?rest_route=\/wp\/v2\/posts\/67143","targetHints":{"allow":["GET"]}}],"collection":[{"href":"https:\/\/informativoelvalledeaguascalientes.online\/index.php?rest_route=\/wp\/v2\/posts"}],"about":[{"href":"https:\/\/informativoelvalledeaguascalientes.online\/index.php?rest_route=\/wp\/v2\/types\/post"}],"author":[{"embeddable":true,"href":"https:\/\/informativoelvalledeaguascalientes.online\/index.php?rest_route=\/wp\/v2\/users\/1"}],"replies":[{"embeddable":true,"href":"https:\/\/informativoelvalledeaguascalientes.online\/index.php?rest_route=%2Fwp%2Fv2%2Fcomments&post=67143"}],"version-history":[{"count":1,"href":"https:\/\/informativoelvalledeaguascalientes.online\/index.php?rest_route=\/wp\/v2\/posts\/67143\/revisions"}],"predecessor-version":[{"id":67145,"href":"https:\/\/informativoelvalledeaguascalientes.online\/index.php?rest_route=\/wp\/v2\/posts\/67143\/revisions\/67145"}],"wp:featuredmedia":[{"embeddable":true,"href":"https:\/\/informativoelvalledeaguascalientes.online\/index.php?rest_route=\/wp\/v2\/media\/67144"}],"wp:attachment":[{"href":"https:\/\/informativoelvalledeaguascalientes.online\/index.php?rest_route=%2Fwp%2Fv2%2Fmedia&parent=67143"}],"wp:term":[{"taxonomy":"category","embeddable":true,"href":"https:\/\/informativoelvalledeaguascalientes.online\/index.php?rest_route=%2Fwp%2Fv2%2Fcategories&post=67143"},{"taxonomy":"post_tag","embeddable":true,"href":"https:\/\/informativoelvalledeaguascalientes.online\/index.php?rest_route=%2Fwp%2Fv2%2Ftags&post=67143"}],"curies":[{"name":"wp","href":"https:\/\/api.w.org\/{rel}","templated":true}]}}