{"id":67117,"date":"2025-03-23T18:41:48","date_gmt":"2025-03-24T00:41:48","guid":{"rendered":"https:\/\/informativoelvalledeaguascalientes.online\/?p=67117"},"modified":"2025-03-23T18:41:48","modified_gmt":"2025-03-24T00:41:48","slug":"caravanas-de-la-salud-visitaran-comunidades-mas-alejadas-del-24-al-27-de-marzo","status":"publish","type":"post","link":"https:\/\/informativoelvalledeaguascalientes.online\/?p=67117","title":{"rendered":"CARAVANAS DE LA SALUD VISITAR\u00c1N COMUNIDADES M\u00c1S ALEJADAS DEL 24 AL 27 DE MARZO"},"content":{"rendered":"<p>#informativoelvalledeaguascalientes #novaradioaguascalientes #informativoelvalledeaguascalientesll #Aguascalientes<\/p>\n<p>&nbsp;<\/p>\n<div id=\"bgLayers_comp-l7sjppch\" class=\"MW5IWV\" data-hook=\"bgLayers\" data-motion-part=\"BG_LAYER comp-l7sjppch\">\n<div id=\"bgMedia_comp-l7sjppch\" class=\"VgO9Yg\" data-motion-part=\"BG_MEDIA comp-l7sjppch\"><\/div>\n<\/div>\n<div class=\"\" data-mesh-id=\"comp-l7sjppchinlineContent\" data-testid=\"inline-content\">\n<div data-mesh-id=\"comp-l7sjppchinlineContent-gridContainer\" data-testid=\"mesh-container-content\">\n<div id=\"comp-l962pmr4\" class=\"MazNVa comp-l962pmr4 wixui-image\"><\/div>\n<section id=\"comp-l7sh9ubq\" class=\"comp-l7sh9ubq CohWsy wixui-column-strip\">\n<div class=\"V5AUxf\" data-testid=\"columns\">\n<div id=\"comp-l7sh9ubr2\" class=\"comp-l7sh9ubr2 YzqVVZ wixui-column-strip__column\">\n<div class=\"\" data-mesh-id=\"comp-l7sh9ubr2inlineContent\" data-testid=\"inline-content\">\n<div data-mesh-id=\"comp-l7sh9ubr2inlineContent-gridContainer\" data-testid=\"mesh-container-content\">\n<div id=\"comp-l7yvxqo2\" class=\"MazNVa comp-l7yvxqo2 wixui-image\">\n<div class=\"j7pOnl\" data-testid=\"linkElement\">El Gobierno del Estado, a trav\u00e9s del Instituto de Servicios de Salud del Estado de Aguascalientes (ISSEA), invita a la poblaci\u00f3n a participar en las Caravanas de Salud que se llevar\u00e1n a cabo en m\u00e1s de 20 comunidades del estado, del 24 al 27 de marzo, de las 8:00 a las 3:30 de la tarde.<\/div>\n<\/div>\n<div id=\"comp-l7sh9ubx\" class=\"TWFxr5 \">\n<div class=\"comp-l7sh9ubx\">\n<div class=\"sGWYken comp-l7sh9ubx\" data-hook=\"ricosviewer-wrapper\">\n<div class=\"nIlW2\" dir=\"ltr\" data-id=\"content-viewer\">\n<div class=\"C0hbR\">\n<div class=\"av0i6\">\n<div id=\"viewer-38us4125\" class=\"o0STb GF80u _6Vwzd HjRUP\" dir=\"auto\"><span class=\"B-fpk _6Vwzd\">\u00a0<\/span><\/div>\n<p id=\"viewer-sn3h6126\" class=\"o0STb GF80u _6Vwzd HjRUP\" dir=\"auto\"><span class=\"B-fpk _6Vwzd\">Durante estas jornadas se ofrecer\u00e1 una serie de servicios gratuitos, entre ellos atenci\u00f3n m\u00e9dica y dental, detecci\u00f3n de enfermedades como diabetes e hipertensi\u00f3n, promoci\u00f3n de la salud, planificaci\u00f3n familiar y control del ni\u00f1o sano, entre otros.<\/span><\/p>\n<div id=\"viewer-4gesc128\" class=\"o0STb GF80u _6Vwzd HjRUP\" dir=\"auto\"><span class=\"B-fpk _6Vwzd\">\u00a0<\/span><\/div>\n<p id=\"viewer-pce13129\" class=\"o0STb GF80u _6Vwzd HjRUP\" dir=\"auto\"><span class=\"B-fpk _6Vwzd\">El objetivo de este programa es acercar los servicios m\u00e9dicos a las localidades m\u00e1s alejadas del estado, de tal manera que los habitantes de estos lugares tengan acceso a la salud, sin costo alguno.<\/span><\/p>\n<div id=\"viewer-qzfel131\" class=\"o0STb GF80u _6Vwzd HjRUP\" dir=\"auto\"><span class=\"B-fpk _6Vwzd\">\u00a0<\/span><\/div>\n<p id=\"viewer-jhkf4132\" class=\"o0STb GF80u _6Vwzd HjRUP\" dir=\"auto\"><span class=\"B-fpk _6Vwzd\">Las personas interesadas en recibir atenci\u00f3n deber\u00e1n acudir directamente a las Unidades M\u00e9dicas M\u00f3viles que se instalar\u00e1n en diferentes localidades, de acuerdo al siguiente calendario:<\/span><\/p>\n<div id=\"viewer-itd8v134\" class=\"o0STb GF80u _6Vwzd HjRUP\" dir=\"auto\"><span class=\"B-fpk _6Vwzd\">\u00a0<\/span><\/div>\n<p id=\"viewer-rbpio135\" class=\"o0STb GF80u _6Vwzd HjRUP\" dir=\"auto\"><span class=\"B-fpk _6Vwzd\">El lunes 24 de marzo, las Caravanas de la Salud estar\u00e1n simult\u00e1neamente en la calle Costa Rica No. 105, en Palo Alto, Calvillo; en la Casa de Salud de la comunidad Francisco Sarabia del municipio de Aguascalientes; en la explanada del templo de San Isidro Labrador en San Antonio de los Mart\u00ednez, Asientos; calle Venustiano Carranza No. 113, en Santa Elena de la Cruz, San Jos\u00e9 de Gracia; calle L\u00e1zaro C\u00e1rdenas esquina con Teodoro Olivares, en Tanque de Guadalupe, Asientos; y en la Carretera No. 5 esquina con calle Los Pinos, en Amarillas de Esparza, Asientos.<\/span><\/p>\n<div id=\"viewer-9ati6137\" class=\"o0STb GF80u _6Vwzd HjRUP\" dir=\"auto\"><span class=\"B-fpk _6Vwzd\">\u00a0<\/span><\/div>\n<p id=\"viewer-6i29l138\" class=\"o0STb GF80u _6Vwzd HjRUP\" dir=\"auto\"><span class=\"B-fpk _6Vwzd\">El martes 25 de marzo se ubicar\u00e1n en la calle Obrero No. 166, Cerro Blanco, Calvillo; calle Francisco I. Madero No. 120 (Casa de Salud) Los Ram\u00edrez, Jes\u00fas Mar\u00eda; calle 2 Amigos s\/n, El Epazote, Asientos; en la Casa de Salud de la comunidad Ojo de Agua de los Montes, Tepezal\u00e1; calle Madero esq. Ni\u00f1os H\u00e9roes, Las Adjuntas, Asientos; Av. Las Am\u00e9ricas s\/n (afuera del templo), San Pedro Cieneguilla, Aguascalientes.<\/span><\/p>\n<div id=\"viewer-lc7pr140\" class=\"o0STb GF80u _6Vwzd HjRUP\" dir=\"auto\"><span class=\"B-fpk _6Vwzd\">\u00a0<\/span><\/div>\n<p id=\"viewer-fh9mz141\" class=\"o0STb GF80u _6Vwzd HjRUP\" dir=\"auto\"><span class=\"B-fpk _6Vwzd\">El mi\u00e9rcoles 26 de marzo, las jornadas ser\u00e1n en la calle Acereros No. 202 (Sal\u00f3n de Usos M\u00faltiples), Cotorina, Aguascalientes; calle Miguel Hidalgo s\/n (Casa de Salud), Ojo de Agua de los Sauces, Asientos; calle Enrique Olivares Santana s\/n (Casa de Salud), Los Alamitos, Tepezal\u00e1; calle Cedro No. 20, Barranca de Portales, Calvillo; calle Josefa Ortiz de Dom\u00ednguez s\/n (Casa de Salud), Pino Su\u00e1rez, Asientos; calle Aguascalientes No. 111 (Casa de Salud), El Tanque de los Jim\u00e9nez, Aguascalientes.<\/span><\/p>\n<div id=\"viewer-mamgt143\" class=\"o0STb GF80u _6Vwzd HjRUP\" dir=\"auto\"><span class=\"B-fpk _6Vwzd\">\u00a0<\/span><\/div>\n<p id=\"viewer-x95rm144\" class=\"o0STb GF80u _6Vwzd HjRUP\" dir=\"auto\"><span class=\"B-fpk _6Vwzd\">El jueves 27 de marzo, las caravanas se instalar\u00e1n en Av. Las Flores s\/n (plaza principal), El Salitre, Calvillo; calle 20 de Noviembre No. 102 (a un costado del templo), Los Arquitos, Jes\u00fas Mar\u00eda; calle Juan Reyes s\/n (Casa Club de la Tercera Edad), San Rafael de Ocampo, Asientos; calle Benito Ju\u00e1rez s\/n (Casa de Salud), El Porvenir, Tepezal\u00e1; calle Naranjos s\/n, Molinos, Asientos; calle principal s\/n frente a plaza principal, Ejido Rancho Nuevo, San Francisco de los Romo.<\/span><\/p>\n<div id=\"viewer-s6n65146\" class=\"o0STb GF80u _6Vwzd HjRUP\" dir=\"auto\"><span class=\"B-fpk _6Vwzd\">\u00a0<\/span><\/div>\n<p id=\"viewer-gifk0147\" class=\"o0STb GF80u _6Vwzd HjRUP\" dir=\"auto\"><span class=\"B-fpk _6Vwzd\">Para m\u00e1s informaci\u00f3n, comunicarse al Tel. 449 910 79 00, extensi\u00f3n 7989, o a trav\u00e9s de las redes sociales de la Secretar\u00eda de Salud del Estado de Aguascalientes.<\/span><\/p>\n<div id=\"viewer-4cg4d149\" class=\"o0STb GF80u _6Vwzd HjRUP\" dir=\"auto\"><\/div>\n<\/div>\n<\/div>\n<\/div>\n<\/div>\n<\/div>\n<\/div>\n<\/div>\n<\/div>\n<\/div>\n<\/div>\n<\/section>\n<\/div>\n<\/div>\n","protected":false},"excerpt":{"rendered":"<p>#informativoelvalledeaguascalientes #novaradioaguascalientes #informativoelvalledeaguascalientesll #Aguascalientes &nbsp; El Gobierno del Estado, a trav\u00e9s del Instituto de Servicios de Salud del Estado de Aguascalientes (ISSEA), invita a la poblaci\u00f3n a participar en las Caravanas de Salud que se llevar\u00e1n a cabo en m\u00e1s de 20 comunidades del estado, del 24 al 27 de marzo, de las 8:00 a [&hellip;]<\/p>\n","protected":false},"author":1,"featured_media":67118,"comment_status":"closed","ping_status":"open","sticky":false,"template":"","format":"standard","meta":{"advanced_seo_description":"","jetpack_seo_html_title":"","jetpack_seo_noindex":false,"_jetpack_memberships_contains_paid_content":false,"footnotes":"","jetpack_publicize_message":"","jetpack_publicize_feature_enabled":true,"jetpack_social_post_already_shared":true,"jetpack_social_options":{"image_generator_settings":{"template":"highway","default_image_id":0,"font":"","enabled":false},"version":2}},"categories":[21,4],"tags":[22,615,30],"class_list":["post-67117","post","type-post","status-publish","format-standard","has-post-thumbnail","hentry","category-aguascalientes","category-gobierno-del-estado-aguascalientes","tag-aguascalientes","tag-gobierno-del-estado-de-aguascalientes","tag-issea"],"jetpack_publicize_connections":[],"jetpack_featured_media_url":"https:\/\/i0.wp.com\/informativoelvalledeaguascalientes.online\/wp-content\/uploads\/2025\/03\/56.jpeg?fit=1600%2C898&ssl=1","jetpack-related-posts":[],"jetpack_sharing_enabled":true,"jetpack_likes_enabled":true,"_links":{"self":[{"href":"https:\/\/informativoelvalledeaguascalientes.online\/index.php?rest_route=\/wp\/v2\/posts\/67117","targetHints":{"allow":["GET"]}}],"collection":[{"href":"https:\/\/informativoelvalledeaguascalientes.online\/index.php?rest_route=\/wp\/v2\/posts"}],"about":[{"href":"https:\/\/informativoelvalledeaguascalientes.online\/index.php?rest_route=\/wp\/v2\/types\/post"}],"author":[{"embeddable":true,"href":"https:\/\/informativoelvalledeaguascalientes.online\/index.php?rest_route=\/wp\/v2\/users\/1"}],"replies":[{"embeddable":true,"href":"https:\/\/informativoelvalledeaguascalientes.online\/index.php?rest_route=%2Fwp%2Fv2%2Fcomments&post=67117"}],"version-history":[{"count":1,"href":"https:\/\/informativoelvalledeaguascalientes.online\/index.php?rest_route=\/wp\/v2\/posts\/67117\/revisions"}],"predecessor-version":[{"id":67119,"href":"https:\/\/informativoelvalledeaguascalientes.online\/index.php?rest_route=\/wp\/v2\/posts\/67117\/revisions\/67119"}],"wp:featuredmedia":[{"embeddable":true,"href":"https:\/\/informativoelvalledeaguascalientes.online\/index.php?rest_route=\/wp\/v2\/media\/67118"}],"wp:attachment":[{"href":"https:\/\/informativoelvalledeaguascalientes.online\/index.php?rest_route=%2Fwp%2Fv2%2Fmedia&parent=67117"}],"wp:term":[{"taxonomy":"category","embeddable":true,"href":"https:\/\/informativoelvalledeaguascalientes.online\/index.php?rest_route=%2Fwp%2Fv2%2Fcategories&post=67117"},{"taxonomy":"post_tag","embeddable":true,"href":"https:\/\/informativoelvalledeaguascalientes.online\/index.php?rest_route=%2Fwp%2Fv2%2Ftags&post=67117"}],"curies":[{"name":"wp","href":"https:\/\/api.w.org\/{rel}","templated":true}]}}