{"id":67108,"date":"2025-03-23T18:14:40","date_gmt":"2025-03-24T00:14:40","guid":{"rendered":"https:\/\/informativoelvalledeaguascalientes.online\/?p=67108"},"modified":"2025-03-23T18:14:40","modified_gmt":"2025-03-24T00:14:40","slug":"dif-estatal-brinda-terapia-de-rehabilitacion-en-tanque-terapeutico-para-mejorar-la-vida-de-ninas-y-ninos-con-discapacidad","status":"publish","type":"post","link":"https:\/\/informativoelvalledeaguascalientes.online\/?p=67108","title":{"rendered":"DIF ESTATAL BRINDA TERAPIA DE REHABILITACI\u00d3N EN TANQUE TERAP\u00c9UTICO PARA MEJORAR LA VIDA DE NI\u00d1AS Y NI\u00d1OS CON DISCAPACIDAD"},"content":{"rendered":"<p>#informativoelvalledeaguascalientes #novaradioaguascalientes #informativoelvalledeaguascalientesll #Aguascalientes<\/p>\n<p>&nbsp;<\/p>\n<ul class=\"_9iRlZ joYDm\">\n<li class=\"AY0Vp\" dir=\"auto\" aria-level=\"1\">\n<p id=\"viewer-2jhb4120\" class=\"o0STb GF80u _6Vwzd HjRUP\" dir=\"\"><span class=\"B-fpk _6Vwzd\"><strong><em>Se recomienda para menores a partir de los dos a\u00f1os dos meses de edad con retraso en el desarrollo psicomotor, autismo, s\u00edndrome de Down, trastorno de d\u00e9ficit de atenci\u00f3n y par\u00e1lisis cerebral<\/em><\/strong><\/span><\/p>\n<\/li>\n<li class=\"AY0Vp\" dir=\"auto\" aria-level=\"1\">\n<p id=\"viewer-hkdms123\" class=\"o0STb GF80u _6Vwzd HjRUP\" dir=\"\"><span class=\"B-fpk _6Vwzd\"><strong><em>Las personas interesadas pueden acudir a la Direcci\u00f3n de Servicios M\u00e9dicos del DIF Estatal<\/em><\/strong><\/span><\/p>\n<\/li>\n<li class=\"AY0Vp\" dir=\"auto\" aria-level=\"1\">\n<p id=\"viewer-v5op2126\" class=\"o0STb GF80u _6Vwzd HjRUP\" dir=\"\"><span class=\"B-fpk _6Vwzd\"><strong><em>Para m\u00e1s informaci\u00f3n, llamar al 449 910 25 85, extensiones 6594 y 1143\u00a0<\/em><\/strong><\/span><\/p>\n<\/li>\n<\/ul>\n<div id=\"viewer-gh0pm128\" class=\"o0STb GF80u _6Vwzd HjRUP\" dir=\"auto\"><span class=\"B-fpk _6Vwzd\">\u00a0<\/span><\/div>\n<p id=\"viewer-xxbuv129\" class=\"o0STb GF80u _6Vwzd HjRUP\" dir=\"auto\"><span class=\"B-fpk _6Vwzd\">Con el objetivo de mejorar la calidad de vida de ni\u00f1as y ni\u00f1os con discapacidad intelectual, el Sistema para el Desarrollo Integral de la Familia (DIF) de Aguascalientes ofrece el servicio de estimulaci\u00f3n temprana en tanque terap\u00e9utico.<\/span><\/p>\n<div id=\"viewer-k438j147\" class=\"o0STb GF80u _6Vwzd HjRUP\" dir=\"auto\"><span class=\"B-fpk _6Vwzd\">\u00a0<\/span><\/div>\n<p id=\"viewer-sibg2131\" class=\"o0STb GF80u _6Vwzd HjRUP\" dir=\"auto\"><span class=\"B-fpk _6Vwzd\">As\u00ed lo inform\u00f3 Aurora Jim\u00e9nez Esquivel, presidenta de la instituci\u00f3n, quien a\u00f1adi\u00f3 que este servicio se brinda a bajo costo los martes y jueves a las 11:50 a. m., 12:40 p. m., 2:20 p. m., 3:10 p. m., 4:00 p. m. y 5:40 p. m.<\/span><\/p>\n<div id=\"viewer-4b6f7158\" class=\"o0STb GF80u _6Vwzd HjRUP\" dir=\"auto\"><span class=\"B-fpk _6Vwzd\">\u00a0<\/span><\/div>\n<p id=\"viewer-gv233133\" class=\"o0STb GF80u _6Vwzd HjRUP\" dir=\"auto\"><span class=\"B-fpk _6Vwzd\">La primera voluntaria detall\u00f3 que esta terapia de rehabilitaci\u00f3n se recomienda a menores a partir de los dos a\u00f1os dos meses de edad con diversos padecimientos, como: retraso en el desarrollo psicomotor, autismo, s\u00edndrome de Down, trastorno de d\u00e9ficit de atenci\u00f3n, par\u00e1lisis cerebral, entre otros.<\/span><\/p>\n<div id=\"viewer-azam5169\" class=\"o0STb GF80u _6Vwzd HjRUP\" dir=\"auto\"><span class=\"B-fpk _6Vwzd\">\u00a0<\/span><\/div>\n<p id=\"viewer-jskh8135\" class=\"o0STb GF80u _6Vwzd HjRUP\" dir=\"auto\"><span class=\"B-fpk _6Vwzd\">\u201cEl DIF Estatal tiene como prioridad ofrecer programas y servicios encaminados a la atenci\u00f3n de las personas con discapacidad, que realmente apoyen a su desarrollo para que mejoren su calidad de vida; por ello, contamos con los mejores terapeutas, quienes ayudan a los usuarios a mejorar la funcionalidad f\u00edsica, social, cognitiva, intelectual y de comunicaci\u00f3n\u201d, mencion\u00f3.<\/span><\/p>\n<div id=\"viewer-lbt1x180\" class=\"o0STb GF80u _6Vwzd HjRUP\" dir=\"auto\"><span class=\"B-fpk _6Vwzd\">\u00a0<\/span><\/div>\n<p id=\"viewer-fx4t4137\" class=\"o0STb GF80u _6Vwzd HjRUP\" dir=\"auto\"><span class=\"B-fpk _6Vwzd\">Finalmente, Aurora Jim\u00e9nez Esquivel invit\u00f3 a las personas interesadas en esta terapia a acudir a la Direcci\u00f3n de Servicios M\u00e9dicos del DIF Estatal, ubicada en la av. Mahatma Gandhi, esquina con Rep\u00fablica de Paraguay s\/n, colonia Agricultura; o llamar al tel\u00e9fono 449 910 25 85, extensiones 6594 y 1143, para m\u00e1s informaci\u00f3n.<\/span><\/p>\n","protected":false},"excerpt":{"rendered":"<p>#informativoelvalledeaguascalientes #novaradioaguascalientes #informativoelvalledeaguascalientesll #Aguascalientes &nbsp; Se recomienda para menores a partir de los dos a\u00f1os dos meses de edad con retraso en el desarrollo psicomotor, autismo, s\u00edndrome de Down, trastorno de d\u00e9ficit de atenci\u00f3n y par\u00e1lisis cerebral Las personas interesadas pueden acudir a la Direcci\u00f3n de Servicios M\u00e9dicos del DIF Estatal Para m\u00e1s informaci\u00f3n, llamar [&hellip;]<\/p>\n","protected":false},"author":1,"featured_media":67109,"comment_status":"closed","ping_status":"open","sticky":false,"template":"","format":"standard","meta":{"advanced_seo_description":"","jetpack_seo_html_title":"","jetpack_seo_noindex":false,"_jetpack_memberships_contains_paid_content":false,"footnotes":"","jetpack_publicize_message":"","jetpack_publicize_feature_enabled":true,"jetpack_social_post_already_shared":true,"jetpack_social_options":{"image_generator_settings":{"template":"highway","default_image_id":0,"font":"","enabled":false},"version":2}},"categories":[21,4],"tags":[22,65,615],"class_list":["post-67108","post","type-post","status-publish","format-standard","has-post-thumbnail","hentry","category-aguascalientes","category-gobierno-del-estado-aguascalientes","tag-aguascalientes","tag-dif-estatal-aguascalientes","tag-gobierno-del-estado-de-aguascalientes"],"jetpack_publicize_connections":[],"jetpack_featured_media_url":"https:\/\/i0.wp.com\/informativoelvalledeaguascalientes.online\/wp-content\/uploads\/2025\/03\/54.jpeg?fit=2560%2C1706&ssl=1","jetpack-related-posts":[],"jetpack_sharing_enabled":true,"jetpack_likes_enabled":true,"_links":{"self":[{"href":"https:\/\/informativoelvalledeaguascalientes.online\/index.php?rest_route=\/wp\/v2\/posts\/67108","targetHints":{"allow":["GET"]}}],"collection":[{"href":"https:\/\/informativoelvalledeaguascalientes.online\/index.php?rest_route=\/wp\/v2\/posts"}],"about":[{"href":"https:\/\/informativoelvalledeaguascalientes.online\/index.php?rest_route=\/wp\/v2\/types\/post"}],"author":[{"embeddable":true,"href":"https:\/\/informativoelvalledeaguascalientes.online\/index.php?rest_route=\/wp\/v2\/users\/1"}],"replies":[{"embeddable":true,"href":"https:\/\/informativoelvalledeaguascalientes.online\/index.php?rest_route=%2Fwp%2Fv2%2Fcomments&post=67108"}],"version-history":[{"count":1,"href":"https:\/\/informativoelvalledeaguascalientes.online\/index.php?rest_route=\/wp\/v2\/posts\/67108\/revisions"}],"predecessor-version":[{"id":67110,"href":"https:\/\/informativoelvalledeaguascalientes.online\/index.php?rest_route=\/wp\/v2\/posts\/67108\/revisions\/67110"}],"wp:featuredmedia":[{"embeddable":true,"href":"https:\/\/informativoelvalledeaguascalientes.online\/index.php?rest_route=\/wp\/v2\/media\/67109"}],"wp:attachment":[{"href":"https:\/\/informativoelvalledeaguascalientes.online\/index.php?rest_route=%2Fwp%2Fv2%2Fmedia&parent=67108"}],"wp:term":[{"taxonomy":"category","embeddable":true,"href":"https:\/\/informativoelvalledeaguascalientes.online\/index.php?rest_route=%2Fwp%2Fv2%2Fcategories&post=67108"},{"taxonomy":"post_tag","embeddable":true,"href":"https:\/\/informativoelvalledeaguascalientes.online\/index.php?rest_route=%2Fwp%2Fv2%2Ftags&post=67108"}],"curies":[{"name":"wp","href":"https:\/\/api.w.org\/{rel}","templated":true}]}}