{"id":67099,"date":"2025-03-21T18:34:59","date_gmt":"2025-03-22T00:34:59","guid":{"rendered":"https:\/\/informativoelvalledeaguascalientes.online\/?p=67099"},"modified":"2025-03-21T18:34:59","modified_gmt":"2025-03-22T00:34:59","slug":"la-voz-de-las-mujeres-indigenas-llega-a-la-uaa-un-ciclo-que-desafia-estereotipos","status":"publish","type":"post","link":"https:\/\/informativoelvalledeaguascalientes.online\/?p=67099","title":{"rendered":"La voz de las mujeres ind\u00edgenas: llega a la UAA un ciclo que desaf\u00eda estereotipos"},"content":{"rendered":"<p class=\"p1\">#informativoelvalledeaguascalientes #informativoelvalledeaguascalientesll #novaradioaguascalientes #Aguascalientes<\/p>\n<p>&nbsp;<\/p>\n<p>&nbsp;<\/p>\n<p>&nbsp;<\/p>\n<p>\u25cf Con el apoyo del IMCINE, la Cineteca Nacional difunde la realidad de mujeres y sus etnias.<br \/>\n\u25cf Del 24 al 30 de marzo, se exhibir\u00e1n en el Museo Nacional de la Muerte, 6 largometrajes y 9 cortos, todos ellos resultado del trabajo de mujeres ind\u00edgenas.<\/p>\n<p>&nbsp;<\/p>\n<p>Es momento de conocer el estilo de vida y problem\u00e1ticas que afrontan mujeres ind\u00edgenas de M\u00e9xico. Son ellas quienes, a trav\u00e9s del cine, se han mostrado interesadas en exponer su realidad. Es as\u00ed que la Universidad Aut\u00f3noma de Aguascalientes se suma a la gira de la Muestra de Realizadoras Ind\u00edgenas, iniciativa impulsada por la Cineteca Nacional y el Instituto Mexicano de Cinematograf\u00eda (IMCINE).<\/p>\n<p>La Mtra. Martha Ang\u00e9lica Rangel Jim\u00e9nez, jefa del Departamento de Difusi\u00f3n Cultural de la UAA, comparti\u00f3 que esta curadur\u00eda especial de cineastas ind\u00edgenas busca que se conozcan, desde su origen y diversas perspectivas, las historias de esas mujeres, que aunque son personales, incluyen tem\u00e1ticas universales. Cabe mencionar que este ciclo se est\u00e1 proyectando en el 2025, a\u00f1o declarado como de la mujer ind\u00edgena.<\/p>\n<p>\u201cVeremos lo que estas mujeres han hecho y c\u00f3mo han vivido en los \u00faltimos 10 a\u00f1os, desaf\u00edan representaciones estereotipadas y folcl\u00f3ricas acerca de ellas mismas o de las etnias, cuestionan mucho las estructuras patriarcales, se atreven a alzar la voz y reivindican la autonom\u00eda cultural de sus comunidades\u201d, se\u00f1al\u00f3.<\/p>\n<p>De esta manera, la muestra, que por cierto es de acceso libre al p\u00fablico, tendr\u00e1 lugar del 24 al 30 de marzo a las 6 de la tarde en la Sala Is\u00f3ptica del Museo Nacional de la Muerte con 15 trabajos: 6 largometrajes y 9 cortos.<\/p>\n<p>El 24 de marzo se proyecta \u201cValentina o la serenidad\u201d, de la experimentada \u00c1ngeles Cruz, un drama sobre c\u00f3mo una ni\u00f1a enfrenta el duelo tras la muerte de su padre. El 25 de marzo llega \u201cA trav\u00e9s de Tola\u201d de Cassandra Casasola, un documental con desenlace esperanzador. El 26 de marzo tendr\u00e1 lugar la primera parte del programa de cortometrajes, que inicia con \u201cHuachinango rojo\u201d, que aborda el tema de la virginidad en una comunidad zapoteca; \u201cPr\u00f3logo y ep\u00edlogo\u201d con el acoso y sus consecuencias y \u201cMujer de tierra\u201d, documental que se centra en la rebeld\u00eda de la mujer y el amor propio.<\/p>\n<p>El 27 de marzo iniciar\u00e1 la segunda parte de cortometrajes con \u201cLa vida de una familia Ikoods\u201d, primer cortometraje de Te\u00f3fila Palafox, emanada del primer Taller de Cine Ind\u00edgena, adem\u00e1s de \u201cLa espera\u201d y \u201cLa Carta\u201d.<\/p>\n<p>El tercer programa de cortos llega el 28 de marzo con \u201cTeam Moteok\u201d, \u201cLa Bal\u00e1hna\u201d y \u201cRojo\u201d, este \u00faltimo, documental en torno a la violencia y sue\u00f1os que se conjuntan en el estado de Guerrero. Para el 29 de marzo se proyectar\u00e1 \u201cLa Raya\u201d de Yolanda Cruz, quien aborda el tema de la migraci\u00f3n. Finalmente, el 30 de marzo la muestra cierra con \u201cGente de Mar y Viento\u201d, que exhibe la lucha de un pueblo y su resistencia a la llegada de empresas e\u00f3licas transnacionales.<\/p>\n<p>Cabe destacar que gracias al apoyo del IMCINE, muchas de las mujeres que forman parte de este ciclo pudieron concretar sus proyectos y llevarlos a la pantalla grande.<\/p>\n<p>Para la Aut\u00f3noma de Aguascalientes es importante difundir conocimiento y, a trav\u00e9s de esta muestra, la visi\u00f3n y la cultura que comparten mujeres ind\u00edgenas, quienes, con su trabajo, contribuyen a complementar la perspectiva universitaria sobre otros estilos de vida que hay en M\u00e9xico.<\/p>\n","protected":false},"excerpt":{"rendered":"<p>#informativoelvalledeaguascalientes #informativoelvalledeaguascalientesll #novaradioaguascalientes #Aguascalientes &nbsp; &nbsp; &nbsp; \u25cf Con el apoyo del IMCINE, la Cineteca Nacional difunde la realidad de mujeres y sus etnias. \u25cf Del 24 al 30 de marzo, se exhibir\u00e1n en el Museo Nacional de la Muerte, 6 largometrajes y 9 cortos, todos ellos resultado del trabajo de mujeres ind\u00edgenas. &nbsp; Es [&hellip;]<\/p>\n","protected":false},"author":1,"featured_media":67100,"comment_status":"closed","ping_status":"open","sticky":false,"template":"","format":"standard","meta":{"advanced_seo_description":"","jetpack_seo_html_title":"","jetpack_seo_noindex":false,"_jetpack_memberships_contains_paid_content":false,"footnotes":"","jetpack_publicize_message":"","jetpack_publicize_feature_enabled":true,"jetpack_social_post_already_shared":true,"jetpack_social_options":{"image_generator_settings":{"template":"highway","default_image_id":0,"font":"","enabled":false},"version":2}},"categories":[21,629],"tags":[22,142],"class_list":["post-67099","post","type-post","status-publish","format-standard","has-post-thumbnail","hentry","category-aguascalientes","category-universidad-autonoma-de-aguascalientes","tag-aguascalientes","tag-uaa"],"jetpack_publicize_connections":[],"jetpack_featured_media_url":"https:\/\/i0.wp.com\/informativoelvalledeaguascalientes.online\/wp-content\/uploads\/2025\/03\/1a714f06-696c-458b-ab68-1ec917ebae86.jpg?fit=1041%2C1600&ssl=1","jetpack-related-posts":[],"jetpack_sharing_enabled":true,"jetpack_likes_enabled":true,"_links":{"self":[{"href":"https:\/\/informativoelvalledeaguascalientes.online\/index.php?rest_route=\/wp\/v2\/posts\/67099","targetHints":{"allow":["GET"]}}],"collection":[{"href":"https:\/\/informativoelvalledeaguascalientes.online\/index.php?rest_route=\/wp\/v2\/posts"}],"about":[{"href":"https:\/\/informativoelvalledeaguascalientes.online\/index.php?rest_route=\/wp\/v2\/types\/post"}],"author":[{"embeddable":true,"href":"https:\/\/informativoelvalledeaguascalientes.online\/index.php?rest_route=\/wp\/v2\/users\/1"}],"replies":[{"embeddable":true,"href":"https:\/\/informativoelvalledeaguascalientes.online\/index.php?rest_route=%2Fwp%2Fv2%2Fcomments&post=67099"}],"version-history":[{"count":1,"href":"https:\/\/informativoelvalledeaguascalientes.online\/index.php?rest_route=\/wp\/v2\/posts\/67099\/revisions"}],"predecessor-version":[{"id":67101,"href":"https:\/\/informativoelvalledeaguascalientes.online\/index.php?rest_route=\/wp\/v2\/posts\/67099\/revisions\/67101"}],"wp:featuredmedia":[{"embeddable":true,"href":"https:\/\/informativoelvalledeaguascalientes.online\/index.php?rest_route=\/wp\/v2\/media\/67100"}],"wp:attachment":[{"href":"https:\/\/informativoelvalledeaguascalientes.online\/index.php?rest_route=%2Fwp%2Fv2%2Fmedia&parent=67099"}],"wp:term":[{"taxonomy":"category","embeddable":true,"href":"https:\/\/informativoelvalledeaguascalientes.online\/index.php?rest_route=%2Fwp%2Fv2%2Fcategories&post=67099"},{"taxonomy":"post_tag","embeddable":true,"href":"https:\/\/informativoelvalledeaguascalientes.online\/index.php?rest_route=%2Fwp%2Fv2%2Ftags&post=67099"}],"curies":[{"name":"wp","href":"https:\/\/api.w.org\/{rel}","templated":true}]}}