{"id":67084,"date":"2025-03-21T18:06:26","date_gmt":"2025-03-22T00:06:26","guid":{"rendered":"https:\/\/informativoelvalledeaguascalientes.online\/?p=67084"},"modified":"2025-03-21T18:06:26","modified_gmt":"2025-03-22T00:06:26","slug":"se-instalo-en-el-municipio-de-aguascalientes-el-primer-consejo-consultivo-de-ninas-ninos-y-adolescentes","status":"publish","type":"post","link":"https:\/\/informativoelvalledeaguascalientes.online\/?p=67084","title":{"rendered":"SE INSTAL\u00d3 EN EL MUNICIPIO DE AGUASCALIENTES EL PRIMER CONSEJO CONSULTIVO DE NI\u00d1AS, NI\u00d1OS Y ADOLESCENTES"},"content":{"rendered":"<p class=\"p1\">#informativoelvalledeaguascalientes #informativoelvalledeaguascalientesll #novaradioaguascalientes #Aguascalientes<\/p>\n<p>&nbsp;<\/p>\n<p>&nbsp;<\/p>\n<ul>\n<li><strong>A trav\u00e9s de este organismo, se promueve la participaci\u00f3n de la ni\u00f1ez y la adolescencia en acciones a favor del desarrollo integral<\/strong><\/li>\n<\/ul>\n<p>El presidente municipal\u00a0<strong>Leo Monta\u00f1ez<\/strong>, tom\u00f3 protesta a los integrantes del Primer Consejo Consultivo de Ni\u00f1as, Ni\u00f1os y Adolescentes en el Municipio de Aguascalientes, organismo que da voz y un espacio de participaci\u00f3n a trav\u00e9s del cual se promueven acciones de protecci\u00f3n y respeto a fin de que vivan una vida m\u00e1s plena, feliz y un desarrollo integral.<\/p>\n<p><strong>Leo Monta\u00f1ez<\/strong>, destac\u00f3 que la instalaci\u00f3n de este Consejo es un hecho sin precedente en el Municipio de Aguascalientes y refrend\u00f3 su convicci\u00f3n de brindar a la ni\u00f1ez, la adolescencia y juventud, mejores espacios para el deporte y la convivencia como parques, canchas y actividades culturales para que alcancen un desarrollo integral.<\/p>\n<p>Cabe se\u00f1alar que este Consejo es un espacio que representa a las infancias, en el que se pueden proponer ideas o proyectos en beneficio de la ni\u00f1ez y juventud de Aguascalientes, representar al municipio en diversos eventos, adem\u00e1s de participar en talleres y cursos sobre sus derechos y desarrollo de habilidades para la vida.<\/p>\n<p><strong>Lua Sof\u00eda Ram\u00edrez Faz<\/strong>, de 10 a\u00f1os alumna de quinto grado en la escuela Pensador Mexicano, integrante del Consejo, agradeci\u00f3 a nombre de sus compa\u00f1eros la oportunidad de participar en pro de la sociedad. Habl\u00f3 de la familia como base para formar mejores comunidades, basadas en el respeto y el amor.<\/p>\n<p><strong>Jos\u00e9 Manuel Alvarado Salas<\/strong>, de 14 a\u00f1os de edad, integrante del Consejo, reconoci\u00f3 la apertura de darles un espacio para representar a ni\u00f1as, ni\u00f1os y j\u00f3venes. Resalt\u00f3 que el Consejo es un foro para proponer y hacer de Aguascalientes una mejor ciudad, en donde cada ni\u00f1a, ni\u00f1o y joven, cuente con mayores oportunidades, en un municipio igualitario.<\/p>\n<p>El director del DIF Municipal de Aguascalientes,\u00a0<strong>H\u00e9ctor Hugo Aguilera Cordero<\/strong>, extern\u00f3 una felicitaci\u00f3n por su empat\u00eda, voluntad y colaboraci\u00f3n para proteger los derechos de las ni\u00f1as, ni\u00f1os y adolescentes.<\/p>\n<p>El procurador de Protecci\u00f3n Municipal de los Derechos de Ni\u00f1as, Ni\u00f1os y Adolescentes,\u00a0<strong>Jes\u00fas Ortiz Mac\u00edas<\/strong>, mencion\u00f3 que el Consejo se integra por 19 ni\u00f1as y ni\u00f1os de entre 8 y 15 a\u00f1os de edad quienes han mostrado gran inter\u00e9s por impulsar acciones por el bienestar de su comunidad.<\/p>\n<p>En el evento efectuado en el segundo patio de Palacio Municipal se cont\u00f3 con la participaci\u00f3n de titulares de \u00e1rea que forman parte del Sistema de Protecci\u00f3n para las Ni\u00f1as, Ni\u00f1os y Adolescentes en Aguascalientes (SIPINNA).<\/p>\n","protected":false},"excerpt":{"rendered":"<p>#informativoelvalledeaguascalientes #informativoelvalledeaguascalientesll #novaradioaguascalientes #Aguascalientes &nbsp; &nbsp; A trav\u00e9s de este organismo, se promueve la participaci\u00f3n de la ni\u00f1ez y la adolescencia en acciones a favor del desarrollo integral El presidente municipal\u00a0Leo Monta\u00f1ez, tom\u00f3 protesta a los integrantes del Primer Consejo Consultivo de Ni\u00f1as, Ni\u00f1os y Adolescentes en el Municipio de Aguascalientes, organismo que da voz [&hellip;]<\/p>\n","protected":false},"author":1,"featured_media":67085,"comment_status":"closed","ping_status":"open","sticky":false,"template":"","format":"standard","meta":{"advanced_seo_description":"","jetpack_seo_html_title":"","jetpack_seo_noindex":false,"_jetpack_memberships_contains_paid_content":false,"footnotes":"","jetpack_publicize_message":"","jetpack_publicize_feature_enabled":true,"jetpack_social_post_already_shared":true,"jetpack_social_options":{"image_generator_settings":{"template":"highway","default_image_id":0,"font":"","enabled":false},"version":2}},"categories":[21,3],"tags":[22,25,658],"class_list":["post-67084","post","type-post","status-publish","format-standard","has-post-thumbnail","hentry","category-aguascalientes","category-municipio-aguascalientes","tag-aguascalientes","tag-mpio-aguascalientes","tag-sipinna-aguascalientes"],"jetpack_publicize_connections":[],"jetpack_featured_media_url":"https:\/\/i0.wp.com\/informativoelvalledeaguascalientes.online\/wp-content\/uploads\/2025\/03\/IMG_06911.jpg?fit=2048%2C1365&ssl=1","jetpack-related-posts":[],"jetpack_sharing_enabled":true,"jetpack_likes_enabled":true,"_links":{"self":[{"href":"https:\/\/informativoelvalledeaguascalientes.online\/index.php?rest_route=\/wp\/v2\/posts\/67084","targetHints":{"allow":["GET"]}}],"collection":[{"href":"https:\/\/informativoelvalledeaguascalientes.online\/index.php?rest_route=\/wp\/v2\/posts"}],"about":[{"href":"https:\/\/informativoelvalledeaguascalientes.online\/index.php?rest_route=\/wp\/v2\/types\/post"}],"author":[{"embeddable":true,"href":"https:\/\/informativoelvalledeaguascalientes.online\/index.php?rest_route=\/wp\/v2\/users\/1"}],"replies":[{"embeddable":true,"href":"https:\/\/informativoelvalledeaguascalientes.online\/index.php?rest_route=%2Fwp%2Fv2%2Fcomments&post=67084"}],"version-history":[{"count":1,"href":"https:\/\/informativoelvalledeaguascalientes.online\/index.php?rest_route=\/wp\/v2\/posts\/67084\/revisions"}],"predecessor-version":[{"id":67086,"href":"https:\/\/informativoelvalledeaguascalientes.online\/index.php?rest_route=\/wp\/v2\/posts\/67084\/revisions\/67086"}],"wp:featuredmedia":[{"embeddable":true,"href":"https:\/\/informativoelvalledeaguascalientes.online\/index.php?rest_route=\/wp\/v2\/media\/67085"}],"wp:attachment":[{"href":"https:\/\/informativoelvalledeaguascalientes.online\/index.php?rest_route=%2Fwp%2Fv2%2Fmedia&parent=67084"}],"wp:term":[{"taxonomy":"category","embeddable":true,"href":"https:\/\/informativoelvalledeaguascalientes.online\/index.php?rest_route=%2Fwp%2Fv2%2Fcategories&post=67084"},{"taxonomy":"post_tag","embeddable":true,"href":"https:\/\/informativoelvalledeaguascalientes.online\/index.php?rest_route=%2Fwp%2Fv2%2Ftags&post=67084"}],"curies":[{"name":"wp","href":"https:\/\/api.w.org\/{rel}","templated":true}]}}