{"id":67059,"date":"2025-03-21T16:35:12","date_gmt":"2025-03-21T22:35:12","guid":{"rendered":"https:\/\/informativoelvalledeaguascalientes.online\/?p=67059"},"modified":"2025-03-21T16:35:12","modified_gmt":"2025-03-21T22:35:12","slug":"atletas-de-aguascalientes-obtienen-oro-plata-y-bronce-en-campeonato-nacional-de-taekwondo","status":"publish","type":"post","link":"https:\/\/informativoelvalledeaguascalientes.online\/?p=67059","title":{"rendered":"ATLETAS DE AGUASCALIENTES OBTIENEN ORO, PLATA Y BRONCE EN CAMPEONATO NACIONAL DE TAEKWONDO"},"content":{"rendered":"<p class=\"p1\">#informativoelvalledeaguascalientes #informativoelvalledeaguascalientesll #novaradioaguascalientes #Aguascalientes<\/p>\n<p>&nbsp;<\/p>\n<p id=\"viewer-1gu4i149\" class=\"o0STb GF80u _6Vwzd HjRUP\" dir=\"auto\"><span class=\"B-fpk _6Vwzd\">El Gobierno del Estado felicita a los atletas de la Asociaci\u00f3n Estatal de Taekwondo de Aguascalientes por su destacada participaci\u00f3n en el Campeonato Nacional Selectivo de Taekwondo 2025 que se celebr\u00f3 en Guadalajara, Jalisco, donde obtuvieron tres medallas: una de oro, una de plata y una de bronce.<\/span><\/p>\n<div id=\"viewer-ztuyr153\" class=\"o0STb GF80u joYDm HjRUP\" dir=\"auto\"><span class=\"B-fpk\">\u00a0<\/span><\/div>\n<p id=\"viewer-n3beh154\" class=\"o0STb GF80u _6Vwzd HjRUP\" dir=\"auto\"><span class=\"B-fpk _6Vwzd\">La presea de oro fue para Rodrigo D\u00edaz, quien por primera vez se proclam\u00f3 campe\u00f3n nacional en su carrera en el evento clasificatorio para el Campeonato Mundial de Cadetes Fujairah 2025. Con este triunfo, adem\u00e1s de su t\u00edtulo nacional, Rodrigo fue convocado a la Selecci\u00f3n Nacional de Taekwondo, que comenzar\u00e1 su preparaci\u00f3n rumbo al evento mundialista.<\/span><\/p>\n<div id=\"viewer-lnmpa156\" class=\"o0STb GF80u joYDm HjRUP\" dir=\"auto\"><span class=\"B-fpk\">\u00a0<\/span><\/div>\n<p id=\"viewer-d931o157\" class=\"o0STb GF80u _6Vwzd HjRUP\" dir=\"auto\"><span class=\"B-fpk _6Vwzd\">Victoria Soto se coloc\u00f3 entre las mejores taekwondo\u00ednes del pa\u00eds al quedarse con la medalla de plata y obtener su pase al Campeonato Panamericano Oficial, que se celebrar\u00e1 en abril pr\u00f3ximo en la ciudad de Quer\u00e9taro.<\/span><\/p>\n<div id=\"viewer-bce7w159\" class=\"o0STb GF80u joYDm HjRUP\" dir=\"auto\"><span class=\"B-fpk\">\u00a0<\/span><\/div>\n<p id=\"viewer-wc3m7160\" class=\"o0STb GF80u _6Vwzd HjRUP\" dir=\"auto\"><span class=\"B-fpk _6Vwzd\">La tercera presea para Aguascalientes lleg\u00f3 con Valeria D\u00edaz, quien en su primer a\u00f1o dentro de la categor\u00eda juvenil logr\u00f3 vencer a rivales de Morelos, Michoac\u00e1n y Chihuahua. En las semifinales se midi\u00f3 contra Guanajuato, asegurando as\u00ed una valiosa medalla de bronce, un logro significativo en su debut en esta divisi\u00f3n.<\/span><\/p>\n<div id=\"viewer-g6vzo162\" class=\"o0STb GF80u joYDm HjRUP\" dir=\"auto\"><span class=\"B-fpk\">\u00a0<\/span><\/div>\n<p id=\"viewer-mua9d163\" class=\"o0STb GF80u _6Vwzd HjRUP\" dir=\"auto\"><span class=\"B-fpk _6Vwzd\">Adem\u00e1s de los medallistas, varios atletas lograron avanzar hasta cuartos de final, tras haber vencido al menos a dos seleccionados estatales en el camino. Entre ellos, Antonio D\u00edaz Romo, Akary Mu\u00f1oz D\u00e1vila, Ian Gael Ch\u00e1vez, Victoria D\u00edaz Lara, Luis Leonardo Maldonado y Getseman\u00ed Revilla, quienes demostraron un gran nivel.<\/span><\/p>\n<div id=\"viewer-hjvpf165\" class=\"o0STb GF80u joYDm HjRUP\" dir=\"auto\"><span class=\"B-fpk\">\u00a0<\/span><\/div>\n<p id=\"viewer-qfh6m166\" class=\"o0STb GF80u _6Vwzd HjRUP\" dir=\"auto\"><span class=\"B-fpk _6Vwzd\">Tambi\u00e9n se reconoci\u00f3 la entrega y esfuerzo de otros atletas que representaron con orgullo a Aguascalientes en este evento nacional, entre los que destacan Zuleika L\u00f3pez, Avram G\u00e1lvez, H\u00e9ctor Muro Flores, Gabriel Gonz\u00e1lez, Karol Morales, M\u00eda Ortiz Ortiz, Renanga Ruffiar y Gabriel Gonz\u00e1lez.<\/span><\/p>\n<div id=\"viewer-gnk6p168\" class=\"o0STb GF80u joYDm HjRUP\" dir=\"auto\"><span class=\"B-fpk\">\u00a0<\/span><\/div>\n<p id=\"viewer-7hie5169\" class=\"o0STb GF80u _6Vwzd HjRUP\" dir=\"auto\"><span class=\"B-fpk _6Vwzd\">Cabe mencionar que el \u00e9xito alcanzado no habr\u00eda sido posible sin la labor de los entrenadores y el equipo t\u00e9cnico, conformado por Antonio D\u00edaz, Cristian Ricardo Ortiz, Judith Salazar y Patricia Romo Campos, as\u00ed como el delegado Anselmo D\u00edaz Puentes. Gracias a su esfuerzo y dedicaci\u00f3n, Aguascalientes suma un nuevo mundialista y refuerza su presencia en el panorama internacional del taekwondo.<\/span><\/p>\n<div id=\"viewer-e1d01171\" class=\"o0STb GF80u joYDm HjRUP\" dir=\"auto\"><span class=\"B-fpk\">\u00a0<\/span><\/div>\n<p id=\"viewer-riozz172\" class=\"o0STb GF80u _6Vwzd HjRUP\" dir=\"auto\"><span class=\"B-fpk _6Vwzd\">El Instituto del Deporte del Estado de Aguascalientes (IDEA) felicita a todos los atletas y entrenadores por su esfuerzo y dedicaci\u00f3n para alcanzar este logro que pone en alto el nombre del estado.<\/span><\/p>\n<div id=\"viewer-w2emx174\" class=\"o0STb GF80u joYDm HjRUP\" dir=\"auto\"><\/div>\n","protected":false},"excerpt":{"rendered":"<p>#informativoelvalledeaguascalientes #informativoelvalledeaguascalientesll #novaradioaguascalientes #Aguascalientes &nbsp; El Gobierno del Estado felicita a los atletas de la Asociaci\u00f3n Estatal de Taekwondo de Aguascalientes por su destacada participaci\u00f3n en el Campeonato Nacional Selectivo de Taekwondo 2025 que se celebr\u00f3 en Guadalajara, Jalisco, donde obtuvieron tres medallas: una de oro, una de plata y una de bronce. \u00a0 La [&hellip;]<\/p>\n","protected":false},"author":1,"featured_media":67060,"comment_status":"closed","ping_status":"open","sticky":false,"template":"","format":"standard","meta":{"advanced_seo_description":"","jetpack_seo_html_title":"","jetpack_seo_noindex":false,"_jetpack_memberships_contains_paid_content":false,"footnotes":"","jetpack_publicize_message":"","jetpack_publicize_feature_enabled":true,"jetpack_social_post_already_shared":true,"jetpack_social_options":{"image_generator_settings":{"template":"highway","default_image_id":0,"font":"","enabled":false},"version":2}},"categories":[21,4],"tags":[22,615,113],"class_list":["post-67059","post","type-post","status-publish","format-standard","has-post-thumbnail","hentry","category-aguascalientes","category-gobierno-del-estado-aguascalientes","tag-aguascalientes","tag-gobierno-del-estado-de-aguascalientes","tag-idea"],"jetpack_publicize_connections":[],"jetpack_featured_media_url":"https:\/\/i0.wp.com\/informativoelvalledeaguascalientes.online\/wp-content\/uploads\/2025\/03\/unnamed-file.jpeg?fit=1441%2C1066&ssl=1","jetpack-related-posts":[],"jetpack_sharing_enabled":true,"jetpack_likes_enabled":true,"_links":{"self":[{"href":"https:\/\/informativoelvalledeaguascalientes.online\/index.php?rest_route=\/wp\/v2\/posts\/67059","targetHints":{"allow":["GET"]}}],"collection":[{"href":"https:\/\/informativoelvalledeaguascalientes.online\/index.php?rest_route=\/wp\/v2\/posts"}],"about":[{"href":"https:\/\/informativoelvalledeaguascalientes.online\/index.php?rest_route=\/wp\/v2\/types\/post"}],"author":[{"embeddable":true,"href":"https:\/\/informativoelvalledeaguascalientes.online\/index.php?rest_route=\/wp\/v2\/users\/1"}],"replies":[{"embeddable":true,"href":"https:\/\/informativoelvalledeaguascalientes.online\/index.php?rest_route=%2Fwp%2Fv2%2Fcomments&post=67059"}],"version-history":[{"count":1,"href":"https:\/\/informativoelvalledeaguascalientes.online\/index.php?rest_route=\/wp\/v2\/posts\/67059\/revisions"}],"predecessor-version":[{"id":67061,"href":"https:\/\/informativoelvalledeaguascalientes.online\/index.php?rest_route=\/wp\/v2\/posts\/67059\/revisions\/67061"}],"wp:featuredmedia":[{"embeddable":true,"href":"https:\/\/informativoelvalledeaguascalientes.online\/index.php?rest_route=\/wp\/v2\/media\/67060"}],"wp:attachment":[{"href":"https:\/\/informativoelvalledeaguascalientes.online\/index.php?rest_route=%2Fwp%2Fv2%2Fmedia&parent=67059"}],"wp:term":[{"taxonomy":"category","embeddable":true,"href":"https:\/\/informativoelvalledeaguascalientes.online\/index.php?rest_route=%2Fwp%2Fv2%2Fcategories&post=67059"},{"taxonomy":"post_tag","embeddable":true,"href":"https:\/\/informativoelvalledeaguascalientes.online\/index.php?rest_route=%2Fwp%2Fv2%2Ftags&post=67059"}],"curies":[{"name":"wp","href":"https:\/\/api.w.org\/{rel}","templated":true}]}}