{"id":67033,"date":"2025-03-20T18:15:18","date_gmt":"2025-03-21T00:15:18","guid":{"rendered":"https:\/\/informativoelvalledeaguascalientes.online\/?p=67033"},"modified":"2025-03-20T18:15:18","modified_gmt":"2025-03-21T00:15:18","slug":"concluyen-policias-de-investigacion-criminal-diplomado-de-operaciones-tacticas","status":"publish","type":"post","link":"https:\/\/informativoelvalledeaguascalientes.online\/?p=67033","title":{"rendered":"CONCLUYEN POLIC\u00cdAS DE INVESTIGACI\u00d3N CRIMINAL DIPLOMADO DE OPERACIONES T\u00c1CTICAS"},"content":{"rendered":"<p>#informativoelvalledeaguascalientes #novaradioaguascalientes #informativoelvalledeaguascalientesll #Aguascalientes<\/p>\n<p>&nbsp;<\/p>\n<p>&nbsp;<\/p>\n<p>\u2022 Se fortalecen las capacidades operativas del Grupo \u00c9lite de la Fiscal\u00eda General del Estado<br \/>\n\u2022 Forma parte del programa de capacitaci\u00f3n para la instituci\u00f3n, el cual se encuentra dentro del Plan de Seguridad y Justicia, Blindaje Aguascalientes<\/p>\n<p>&nbsp;<\/p>\n<p>Concluyen elementos del Grupo Especializado de Reacci\u00f3n Inmediata de la Comisar\u00eda General de la Polic\u00eda de Investigaci\u00f3n Criminal, el Diplomado de Operaciones T\u00e1cticas, con el cual se fortalecieron sus capacidades operativas, el cual fue realizado en la Universidad de la Polic\u00eda y Ciencias de la Seguridad de Aguascalientes (UNPOL).<\/p>\n<p>Fueron 160 las horas que invirti\u00f3 el personal que particip\u00f3 en este curso, en dos semanas, donde fueron puestas a prueba, su resistencia, habilidad, conocimientos y condici\u00f3n f\u00edsica, lo cual forma parte del programa de capacitaci\u00f3n para la instituci\u00f3n, el cual se encuentra dentro del Plan de Seguridad y Justicia, Blindaje Aguascalientes, indic\u00f3 el fiscal general del Estado, Manuel Alonso Garc\u00eda.<\/p>\n<p>Indic\u00f3 que este diplomado no s\u00f3lo les brind\u00f3 nuevos conocimientos y habilidades, sino que tambi\u00e9n ha consolidado su experiencia, forjando un equipo a\u00fan m\u00e1s capacitado, m\u00e1s unido y m\u00e1s preparado para enfrentar los retos que nuestra labor implica.<\/p>\n<p>Indic\u00f3 que este grupo es la vanguardia en la protecci\u00f3n de nuestra comunidad y estos elementos con valent\u00eda y destreza, dar\u00e1n respuesta a las situaciones m\u00e1s complejas y peligrosas, enfrentando los riesgos y desaf\u00edos que su responsabilidad exige, no s\u00f3lo una gran capacidad de reacci\u00f3n, sino tambi\u00e9n un juicio certero, t\u00e1cticas precisas y una coordinaci\u00f3n impecable.<\/p>\n<p>Agreg\u00f3 que los conocimientos adquiridos en este diplomado no son s\u00f3lo una herramienta, sino una responsabilidad, ya que su preparaci\u00f3n constante tiene como objetivo mantener el orden, la paz y la justicia en un entorno cada vez m\u00e1s desafiante.<\/p>\n<p>Se\u00f1al\u00f3 que con este diplomado, reforzaron sus conocimientos sobre armamento y tiro, fortaleciendo sus habilidades en el uso de dicho equipamiento cuando sea necesario, asimismo, fueron capacitados en descenso de rappell, que les permite realizar un descenso o ascenso vertical completamente equipados para actuar en zonas o estructuras de dif\u00edcil acceso y a realizar tiro t\u00e1ctico a una mano con nudo din\u00e1mico<\/p>\n<p>Tambi\u00e9n recibieron instrucci\u00f3n sobre \u00f3rdenes de operaci\u00f3n, combate cercano en interiores, acondicionamiento f\u00edsico y combate cuerpo a cuerpo, a trav\u00e9s de t\u00e9cnicas de defensa personal, sin el uso de armas.<\/p>\n<p>Dicho diplomado que est\u00e1 reconocido por el Secretariado Ejecutivo del Sistema Nacional de Seguridad P\u00fablica, fue impartido por instructores del Grupo de Operaciones Especiales (GOPES) de la Secretar\u00eda de Seguridad P\u00fablica Estatal.<\/p>\n<p>Alonso Garc\u00eda explic\u00f3 que con estas acciones, se refrenda el compromiso de la Fiscal\u00eda General del Estado con la excelencia y profesionalizaci\u00f3n de sus unidades, asimismo, esta capacitaci\u00f3n forma parte de las estrategias institucionales para fortalecer las capacidades de los agentes y mejorar la procuraci\u00f3n de justicia en la entidad.<\/p>\n","protected":false},"excerpt":{"rendered":"<p>#informativoelvalledeaguascalientes #novaradioaguascalientes #informativoelvalledeaguascalientesll #Aguascalientes &nbsp; &nbsp; \u2022 Se fortalecen las capacidades operativas del Grupo \u00c9lite de la Fiscal\u00eda General del Estado \u2022 Forma parte del programa de capacitaci\u00f3n para la instituci\u00f3n, el cual se encuentra dentro del Plan de Seguridad y Justicia, Blindaje Aguascalientes &nbsp; Concluyen elementos del Grupo Especializado de Reacci\u00f3n Inmediata de la [&hellip;]<\/p>\n","protected":false},"author":1,"featured_media":67034,"comment_status":"closed","ping_status":"open","sticky":false,"template":"","format":"standard","meta":{"advanced_seo_description":"","jetpack_seo_html_title":"","jetpack_seo_noindex":false,"_jetpack_memberships_contains_paid_content":false,"footnotes":"","jetpack_publicize_message":"","jetpack_publicize_feature_enabled":true,"jetpack_social_post_already_shared":true,"jetpack_social_options":{"image_generator_settings":{"template":"highway","default_image_id":0,"font":"","enabled":false},"version":2}},"categories":[21,4],"tags":[22,331,615],"class_list":["post-67033","post","type-post","status-publish","format-standard","has-post-thumbnail","hentry","category-aguascalientes","category-gobierno-del-estado-aguascalientes","tag-aguascalientes","tag-fiscalia-general-del-estado-de-aguascalientes","tag-gobierno-del-estado-de-aguascalientes"],"jetpack_publicize_connections":[],"jetpack_featured_media_url":"https:\/\/i0.wp.com\/informativoelvalledeaguascalientes.online\/wp-content\/uploads\/2025\/03\/52a3fdc5-787d-48ff-9781-3eb57a2f918c.jpg?fit=1280%2C853&ssl=1","jetpack-related-posts":[],"jetpack_sharing_enabled":true,"jetpack_likes_enabled":true,"_links":{"self":[{"href":"https:\/\/informativoelvalledeaguascalientes.online\/index.php?rest_route=\/wp\/v2\/posts\/67033","targetHints":{"allow":["GET"]}}],"collection":[{"href":"https:\/\/informativoelvalledeaguascalientes.online\/index.php?rest_route=\/wp\/v2\/posts"}],"about":[{"href":"https:\/\/informativoelvalledeaguascalientes.online\/index.php?rest_route=\/wp\/v2\/types\/post"}],"author":[{"embeddable":true,"href":"https:\/\/informativoelvalledeaguascalientes.online\/index.php?rest_route=\/wp\/v2\/users\/1"}],"replies":[{"embeddable":true,"href":"https:\/\/informativoelvalledeaguascalientes.online\/index.php?rest_route=%2Fwp%2Fv2%2Fcomments&post=67033"}],"version-history":[{"count":1,"href":"https:\/\/informativoelvalledeaguascalientes.online\/index.php?rest_route=\/wp\/v2\/posts\/67033\/revisions"}],"predecessor-version":[{"id":67035,"href":"https:\/\/informativoelvalledeaguascalientes.online\/index.php?rest_route=\/wp\/v2\/posts\/67033\/revisions\/67035"}],"wp:featuredmedia":[{"embeddable":true,"href":"https:\/\/informativoelvalledeaguascalientes.online\/index.php?rest_route=\/wp\/v2\/media\/67034"}],"wp:attachment":[{"href":"https:\/\/informativoelvalledeaguascalientes.online\/index.php?rest_route=%2Fwp%2Fv2%2Fmedia&parent=67033"}],"wp:term":[{"taxonomy":"category","embeddable":true,"href":"https:\/\/informativoelvalledeaguascalientes.online\/index.php?rest_route=%2Fwp%2Fv2%2Fcategories&post=67033"},{"taxonomy":"post_tag","embeddable":true,"href":"https:\/\/informativoelvalledeaguascalientes.online\/index.php?rest_route=%2Fwp%2Fv2%2Ftags&post=67033"}],"curies":[{"name":"wp","href":"https:\/\/api.w.org\/{rel}","templated":true}]}}