{"id":67030,"date":"2025-03-20T18:12:05","date_gmt":"2025-03-21T00:12:05","guid":{"rendered":"https:\/\/informativoelvalledeaguascalientes.online\/?p=67030"},"modified":"2025-03-20T18:12:05","modified_gmt":"2025-03-21T00:12:05","slug":"por-una-sociedad-mas-inclusiva-propuesta-clave-para-mejorar-la-calidad-de-vida-de-personas-con-discapacidad-auditiva","status":"publish","type":"post","link":"https:\/\/informativoelvalledeaguascalientes.online\/?p=67030","title":{"rendered":"POR UNA SOCIEDAD M\u00c1S INCLUSIVA, PROPUESTA CLAVE PARA MEJORAR LA CALIDAD DE VIDA DE PERSONAS CON DISCAPACIDAD AUDITIVA."},"content":{"rendered":"<p>#informativoelvalledeaguascalientes #novaradioaguascalientes #informativoelvalledeaguascalientesll #Aguascalientes #Inclusi\u00f3nParaTodos #AccesibilidadYA<\/p>\n<p>&nbsp;<\/p>\n<p style=\"font-weight: 400;\">\n<p style=\"font-weight: 400;\">\n<ul>\n<li style=\"font-weight: 400;\">\u00a0Foro con\u00a0<em>\u201cVOZ PROPIA\u201d<\/em>\u00a0sigue permitiendo la construcci\u00f3n de iniciativas de ley que mejoren la calidad de vida de las personas con discapacidad.<\/li>\n<li style=\"font-weight: 400;\">\u00a0Grandes resultados que se han tenido en las diferentes mesas de trabajo donde se tuvo la participaci\u00f3n de la sociedad civil.<\/li>\n<\/ul>\n<p style=\"font-weight: 400;\">\n<p style=\"font-weight: 400;\">La Diputada Mirna Medina Ruvalcaba, mencion\u00f3 que se sigue trabajando en la construcci\u00f3n de iniciativas de ley que sean inclusivas en favor de las personas con alguna discapacidad en nuestro Estado, en el marco de la mesa de consulta sobre discapacidad auditiva, participaron diferentes actores de la sociedad donde se abordaron para abordar los retos y oportunidades en materia de salud, educaci\u00f3n e inclusi\u00f3n de ni\u00f1as, ni\u00f1os y adolescentes con esta condici\u00f3n. Entre los participantes destacaron personas con discapacidad auditiva, docentes, asociaciones civiles, padres de familia, empresarios y especialistas en salud, quienes compartieron sus experiencias y propuestas para la creaci\u00f3n de pol\u00edticas p\u00fablicas m\u00e1s inclusivas.<\/p>\n<p style=\"font-weight: 400;\">\n<p style=\"font-weight: 400;\">Dentro de estas acciones se considera una educaci\u00f3n inclusiva y acceso a la lengua de se\u00f1as, uno de los temas centrales fue la creaci\u00f3n de escuelas especiales para ni\u00f1as y ni\u00f1os con discapacidad auditiva. Sin embargo, el debate resalt\u00f3 que esta condici\u00f3n no afecta la capacidad intelectual, por lo que tambi\u00e9n se propuso su inclusi\u00f3n en escuelas regulares con el apoyo de int\u00e9rpretes de lengua de se\u00f1as mexicanas (LSM). Se destac\u00f3 la importancia de incluir la LSM como lengua obligatoria en el sistema educativo, para fomentar un entorno escolar y social m\u00e1s accesible.<\/p>\n<p style=\"font-weight: 400;\">\n<p style=\"font-weight: 400;\">Por otro lado\u00a0<em>la salud y atenci\u00f3n m\u00e9dica accesible<\/em>\u00a0, se hizo un llamado a destinar presupuesto para la adquisici\u00f3n de equipo m\u00e9dico especializado, ya que actualmente la mayor\u00eda de los estudios deben realizarse en cl\u00ednicas privadas. Asimismo, se resalt\u00f3 la necesidad de que hospitales y centros de atenci\u00f3n cuenten con personal capacitado en Lengua de Se\u00f1as Mexicana, garantizando una atenci\u00f3n m\u00e9dica inclusiva y de calidad.<\/p>\n<p style=\"font-weight: 400;\">\n<p style=\"font-weight: 400;\">En este mismo sentido\u00a0<em>la Inclusi\u00f3n laboral y est\u00edmulos fiscales<\/em>\u00a0, se deben impulsar para fomentar la contrataci\u00f3n de personas con discapacidad auditiva, se propuso la implementaci\u00f3n de est\u00edmulos fiscales a empresas, incluyendo descuentos en impuestos, deducciones adicionales en ISR y exenci\u00f3n de cuotas del IMSS. Tambi\u00e9n se destac\u00f3 la importancia de que las empresas cuenten con infraestructura accesible para sus empleados con discapacidad.<\/p>\n<p style=\"font-weight: 400;\">\n<p style=\"font-weight: 400;\">Los participantes consideran que es necesaria\u00a0<em>la creaci\u00f3n de un padr\u00f3n \u00fanico de personas con discapacidad,<\/em>\u00a0que permita a las autoridades conocer con mayor precisi\u00f3n su distribuci\u00f3n en el estado y as\u00ed direccionar mejor los apoyos y programas sociales. Adem\u00e1s, se propuso la creaci\u00f3n de un padr\u00f3n de empresas incluidas, para que las personas con discapacidad auditiva puedan acceder a empleos dignos con mayor facilidad.<\/p>\n<p style=\"font-weight: 400;\">\n<p style=\"font-weight: 400;\">Se enfatiz\u00f3 la importancia de reconocer la lengua de se\u00f1as mexicana como un derecho ling\u00fc\u00edstico en el estado de Aguascalientes, garantizando su ense\u00f1anza desde la educaci\u00f3n b\u00e1sica. Tambi\u00e9n se propusieron medidas para prevenir la violencia intrafamiliar, como la capacitaci\u00f3n a padres y docentes, la creaci\u00f3n de protocolos contra el bullying, y el fortalecimiento de leyes que castiguen la violencia contra personas con discapacidad auditiva.<\/p>\n<p style=\"font-weight: 400;\">\n<p style=\"font-weight: 400;\">Por otro lado, se destac\u00f3 la necesidad de democratizar el acceso a internet y tecnolog\u00edas de comunicaci\u00f3n, ya que para muchas personas con discapacidad auditiva, el uso de dispositivos m\u00f3viles y plataformas digitales es fundamental para su integraci\u00f3n social y educativa.<\/p>\n<p style=\"font-weight: 400;\">\n<p style=\"font-weight: 400;\">Finalmente, Medina Rulvacaba resalt\u00f3 que las propuestas generadas en esta mesa de consulta reflejan la urgencia de transformar nuestra sociedad hacia un modelo m\u00e1s inclusivo, equitativo y respetuoso. Es fundamental que las autoridades consideren estas iniciativas en la creaci\u00f3n de pol\u00edticas p\u00fablicas que garanticen los derechos y el bienestar de las personas con discapacidad auditiva en Aguascalientes y en todo el pa\u00eds.<\/p>\n<p style=\"font-weight: 400;\">\n","protected":false},"excerpt":{"rendered":"<p>#informativoelvalledeaguascalientes #novaradioaguascalientes #informativoelvalledeaguascalientesll #Aguascalientes #Inclusi\u00f3nParaTodos #AccesibilidadYA &nbsp; \u00a0Foro con\u00a0\u201cVOZ PROPIA\u201d\u00a0sigue permitiendo la construcci\u00f3n de iniciativas de ley que mejoren la calidad de vida de las personas con discapacidad. \u00a0Grandes resultados que se han tenido en las diferentes mesas de trabajo donde se tuvo la participaci\u00f3n de la sociedad civil. La Diputada Mirna Medina Ruvalcaba, mencion\u00f3 [&hellip;]<\/p>\n","protected":false},"author":1,"featured_media":67031,"comment_status":"closed","ping_status":"open","sticky":false,"template":"","format":"standard","meta":{"advanced_seo_description":"","jetpack_seo_html_title":"","jetpack_seo_noindex":false,"_jetpack_memberships_contains_paid_content":false,"footnotes":"","jetpack_publicize_message":"","jetpack_publicize_feature_enabled":true,"jetpack_social_post_already_shared":true,"jetpack_social_options":{"image_generator_settings":{"template":"highway","default_image_id":0,"font":"","enabled":false},"version":2}},"categories":[21,5],"tags":[22,872],"class_list":["post-67030","post","type-post","status-publish","format-standard","has-post-thumbnail","hentry","category-aguascalientes","category-h-congreso-del-estado-aguascalientes","tag-aguascalientes","tag-lxvi-legislatura-aguascalientes"],"jetpack_publicize_connections":[],"jetpack_featured_media_url":"https:\/\/i0.wp.com\/informativoelvalledeaguascalientes.online\/wp-content\/uploads\/2025\/03\/mirna-foro.jpg?fit=900%2C599&ssl=1","jetpack-related-posts":[],"jetpack_sharing_enabled":true,"jetpack_likes_enabled":true,"_links":{"self":[{"href":"https:\/\/informativoelvalledeaguascalientes.online\/index.php?rest_route=\/wp\/v2\/posts\/67030","targetHints":{"allow":["GET"]}}],"collection":[{"href":"https:\/\/informativoelvalledeaguascalientes.online\/index.php?rest_route=\/wp\/v2\/posts"}],"about":[{"href":"https:\/\/informativoelvalledeaguascalientes.online\/index.php?rest_route=\/wp\/v2\/types\/post"}],"author":[{"embeddable":true,"href":"https:\/\/informativoelvalledeaguascalientes.online\/index.php?rest_route=\/wp\/v2\/users\/1"}],"replies":[{"embeddable":true,"href":"https:\/\/informativoelvalledeaguascalientes.online\/index.php?rest_route=%2Fwp%2Fv2%2Fcomments&post=67030"}],"version-history":[{"count":1,"href":"https:\/\/informativoelvalledeaguascalientes.online\/index.php?rest_route=\/wp\/v2\/posts\/67030\/revisions"}],"predecessor-version":[{"id":67032,"href":"https:\/\/informativoelvalledeaguascalientes.online\/index.php?rest_route=\/wp\/v2\/posts\/67030\/revisions\/67032"}],"wp:featuredmedia":[{"embeddable":true,"href":"https:\/\/informativoelvalledeaguascalientes.online\/index.php?rest_route=\/wp\/v2\/media\/67031"}],"wp:attachment":[{"href":"https:\/\/informativoelvalledeaguascalientes.online\/index.php?rest_route=%2Fwp%2Fv2%2Fmedia&parent=67030"}],"wp:term":[{"taxonomy":"category","embeddable":true,"href":"https:\/\/informativoelvalledeaguascalientes.online\/index.php?rest_route=%2Fwp%2Fv2%2Fcategories&post=67030"},{"taxonomy":"post_tag","embeddable":true,"href":"https:\/\/informativoelvalledeaguascalientes.online\/index.php?rest_route=%2Fwp%2Fv2%2Ftags&post=67030"}],"curies":[{"name":"wp","href":"https:\/\/api.w.org\/{rel}","templated":true}]}}