{"id":67027,"date":"2025-03-20T18:07:55","date_gmt":"2025-03-21T00:07:55","guid":{"rendered":"https:\/\/informativoelvalledeaguascalientes.online\/?p=67027"},"modified":"2025-03-20T18:07:55","modified_gmt":"2025-03-21T00:07:55","slug":"%f0%9d%90%84%f0%9d%90%a5-%f0%9d%90%85%f0%9d%90%9e%f0%9d%90%ac%f0%9d%90%ad%f0%9d%90%a2%f0%9d%90%af%f0%9d%90%9a%f0%9d%90%a5-%f0%9d%90%82%f0%9d%90%ae%f0%9d%90%a5%f0%9d%90%ad%f0%9d%90%ae%f0%9d%90%ab","status":"publish","type":"post","link":"https:\/\/informativoelvalledeaguascalientes.online\/?p=67027","title":{"rendered":"\u00a1\ud835\udc04\ud835\udc25 \ud835\udc05\ud835\udc1e\ud835\udc2c\ud835\udc2d\ud835\udc22\ud835\udc2f\ud835\udc1a\ud835\udc25 \ud835\udc02\ud835\udc2e\ud835\udc25\ud835\udc2d\ud835\udc2e\ud835\udc2b\ud835\udc1a\ud835\udc25 \ud835\udc1d\ud835\udc1e \ud835\udc02\ud835\udc1a\ud835\udc25\ud835\udc1a\ud835\udc2f\ud835\udc1e\ud835\udc2b\ud835\udc1a\ud835\udc2c \ud835\udc1e\ud835\udc2c \ud835\udc2e\ud835\udc27\ud835\udc1a \ud835\udc1d\ud835\udc1e \ud835\udc25\ud835\udc1a\ud835\udc2c \ud835\udc2d\ud835\udc2b\ud835\udc1a\ud835\udc1d\ud835\udc22\ud835\udc1c\ud835\udc22\ud835\udc28\ud835\udc27\ud835\udc1e\ud835\udc2c \ud835\udc26\u00e1\ud835\udc2c \ud835\udc2a\ud835\udc2e\ud835\udc1e\ud835\udc2b\ud835\udc22\ud835\udc1d\ud835\udc1a\ud835\udc2c \ud835\udc1d\ud835\udc1e \ud835\udc00\ud835\udc20\ud835\udc2e\ud835\udc1a\ud835\udc2c\ud835\udc1c\ud835\udc1a\ud835\udc25\ud835\udc22\ud835\udc1e\ud835\udc27\ud835\udc2d\ud835\udc1e\ud835\udc2c \ud835\udc32 \ud835\udc1e\ud835\udc2c\ud835\udc2d\u00e1 \ud835\udc27\ud835\udc28\ud835\udc26\ud835\udc22\ud835\udc27\ud835\udc1a\ud835\udc1d\ud835\udc28 \ud835\udc1a \ud835\udc0c\ud835\udc1e\ud835\udc23\ud835\udc28\ud835\udc2b \ud835\udc02\ud835\udc1e\ud835\udc25\ud835\udc1e\ud835\udc1b\ud835\udc2b\ud835\udc1a\ud835\udc1c\ud835\udc22\u00f3\ud835\udc27 \ud835\udc29\ud835\udc1a\ud835\udc2b\ud835\udc1a \ud835\udc02\ud835\udc28\ud835\udc27\ud835\udc1e\ud835\udc1c\ud835\udc2d\ud835\udc1a\ud835\udc2b\ud835\udc27\ud835\udc28\ud835\udc2c \ud835\udc1c\ud835\udc28\ud835\udc27 \ud835\udc0d\ud835\udc2e\ud835\udc1e\ud835\udc2c\ud835\udc2d\ud835\udc2b\ud835\udc1a\ud835\udc2c \ud835\udc11\ud835\udc1a\u00ed\ud835\udc1c\ud835\udc1e\ud835\udc2c \ud835\udc32 \ud835\udc02\ud835\udc28\ud835\udc2c\ud835\udc2d\ud835\udc2e\ud835\udc26\ud835\udc1b\ud835\udc2b\ud835\udc1e\ud835\udc2c \ud835\udc1e\ud835\udc27 \ud835\udc0b\ud835\udc28 \ud835\udc0c\ud835\udc1e\ud835\udc23\ud835\udc28\ud835\udc2b \ud835\udc1d\ud835\udc1e \ud835\udc0c\u00e9\ud835\udc31\ud835\udc22\ud835\udc1c\ud835\udc28 \ud835\udfd0\ud835\udfce\ud835\udfd0\ud835\udfd3!"},"content":{"rendered":"<p>#informativoelvalledeaguascalientes #novaradioaguascalientes #informativoelvalledeaguascalientesll #Aguascalientes<\/p>\n<p>&nbsp;<\/p>\n<p>&nbsp;<\/p>\n<p>M\u00e1s que un evento, es un homenaje a nuestra identidad, donde calles, plazas y espacios culturales se llenan de color, m\u00fasica y arte para celebrar el legado de la Catrina, \ud835\udc1a\ud835\udc2a\ud835\udc2e\ud835\udc1e\ud835\udc25\ud835\udc25\ud835\udc1a \ud835\udc1e\ud835\udc25\ud835\udc1e\ud835\udc20\ud835\udc1a\ud835\udc27\ud835\udc2d\ud835\udc1e \ud835\udc21\ud835\udc2e\ud835\udc1e\ud835\udc2c\ud835\udc2e\ud835\udc1d\ud835\udc1a \ud835\udc1c\ud835\udc2b\ud835\udc1e\ud835\udc1a\ud835\udc1d\ud835\udc1a \ud835\udc29\ud835\udc28\ud835\udc2b \ud835\udc1e\ud835\udc25 \ud835\udc20\ud835\udc2b\ud835\udc1a\ud835\udc27 \ud835\udc09\ud835\udc28\ud835\udc2c\u00e9 \ud835\udc06\ud835\udc2e\ud835\udc1a\ud835\udc1d\ud835\udc1a\ud835\udc25\ud835\udc2e\ud835\udc29\ud835\udc1e \ud835\udc0f\ud835\udc28\ud835\udc2c\ud835\udc1a\ud835\udc1d\ud835\udc1a. Aqu\u00ed en Aguascalientes, el festival es una fiesta viva que une generaciones y mantiene encendida la esencia de nuestras tradiciones.<\/p>\n<p>\ud83d\udc49\ud83c\udffb \ud835\udc10\ud835\udc2e\ud835\udc1e\ud835\udc2b\ud835\udc1e\ud835\udc26\ud835\udc28\ud835\udc2c \ud835\udc2a\ud835\udc2e\ud835\udc1e \ud835\udc00\ud835\udc20\ud835\udc2e\ud835\udc1a\ud835\udc2c\ud835\udc1c\ud835\udc1a\ud835\udc25\ud835\udc22\ud835\udc1e\ud835\udc27\ud835\udc2d\ud835\udc1e\ud835\udc2c \ud835\udc32 \ud835\udc2d\ud835\udc28\ud835\udc1d\ud835\udc1a \ud835\udc25\ud835\udc1a \ud835\udc1c\ud835\udc28\ud835\udc26\ud835\udc2e\ud835\udc27\ud835\udc22\ud835\udc1d\ud835\udc1a\ud835\udc1d \ud835\udc2c\ud835\udc1e \ud835\udc2c\ud835\udc2e\ud835\udc26\ud835\udc1e\ud835\udc27 \ud835\udc29\ud835\udc1a\ud835\udc2b\ud835\udc1a \ud835\udc2a\ud835\udc2e\ud835\udc1e \ud835\udc27\ud835\udc2e\ud835\udc1e\ud835\udc2c\ud835\udc2d\ud835\udc2b\ud835\udc28 \ud835\udc1f\ud835\udc1e\ud835\udc2c\ud835\udc2d\ud835\udc22\ud835\udc2f\ud835\udc1a\ud835\udc25 \ud835\udc2c\ud835\udc1e\ud835\udc1a \ud835\udc1e\ud835\udc25 \ud835\udc20\ud835\udc1a\ud835\udc27\ud835\udc1a\ud835\udc1d\ud835\udc28\ud835\udc2b. La premiaci\u00f3n se entregar\u00e1 en el Tianguis Tur\u00edstico en Baja California.<\/p>\n<p>\ud835\udc15\ud835\udc0e\ud835\udc13\ud835\udc00\ud83d\udc47\ud83d\udc47\ud83d\udc47<\/p>\n<p>\ud835\udc13\ud835\udc22\ud835\udc1e\ud835\udc27\ud835\udc1e\ud835\udc2c \ud835\udc21\ud835\udc1a\ud835\udc2c\ud835\udc2d\ud835\udc1a \ud835\udc1e\ud835\udc25 \ud835\udfd0\ud835\udfce \ud835\udc1d\ud835\udc1e \ud835\udc1a\ud835\udc1b\ud835\udc2b\ud835\udc22\ud835\udc25 \ud835\udc29\ud835\udc1a\ud835\udc2b\ud835\udc1a \ud835\udc2f\ud835\udc28\ud835\udc2d\ud835\udc1a\ud835\udc2b \ud835\udc1e\ud835\udc27<\/p>\n<blockquote class=\"wp-embedded-content\" data-secret=\"WmoRkplp94\"><p><a href=\"https:\/\/lomejormexico.com\/13-mejor-celebracion-ancestral-para-conectar-con-nuestras-raices\/\">Mejor celebraci\u00f3n para conectarnos con nuestras ra\u00edces y costumbres<\/a><\/p><\/blockquote>\n<p><iframe loading=\"lazy\" class=\"wp-embedded-content\" sandbox=\"allow-scripts\" security=\"restricted\" style=\"position: absolute; visibility: hidden;\" title=\"&#8220;Mejor celebraci\u00f3n para conectarnos con nuestras ra\u00edces y costumbres&#8221; &#8212; Lo Mejor de M\u00e9xico 2025\" src=\"https:\/\/lomejormexico.com\/13-mejor-celebracion-ancestral-para-conectar-con-nuestras-raices\/embed\/#?secret=jxowPwUtH7#?secret=WmoRkplp94\" data-secret=\"WmoRkplp94\" width=\"600\" height=\"338\" frameborder=\"0\" marginwidth=\"0\" marginheight=\"0\" scrolling=\"no\"><\/iframe><br \/>\n\ud835\udc12\ud835\udc1e\ud835\udc25\ud835\udc1e\ud835\udc1c\ud835\udc1c\ud835\udc22\ud835\udc28\ud835\udc27\ud835\udc1a \ud835\udc25\ud835\udc1a \ud835\udc1c\ud835\udc1a\ud835\udc2d\ud835\udc1e\ud835\udc20\ud835\udc28\ud835\udc2b\u00ed\ud835\udc1a \ud835\udfcf\ud835\udfd1 \u00a1\ud835\udc07\ud835\udc1a\ud835\udc20\ud835\udc1a\ud835\udc26\ud835\udc28\ud835\udc2c \ud835\udc2a\ud835\udc2e\ud835\udc1e \ud835\udc1e\ud835\udc2c\ud835\udc2d\ud835\udc1a \ud835\udc2d\ud835\udc2b\ud835\udc1a\ud835\udc1d\ud835\udc22\ud835\udc1c\ud835\udc22\u00f3\ud835\udc27 \ud835\udc25\ud835\udc25\ud835\udc1e\ud835\udc20\ud835\udc2e\ud835\udc1e \ud835\udc1a\u00fa\ud835\udc27 \ud835\udc26\u00e1\ud835\udc2c \ud835\udc25\ud835\udc1e\ud835\udc23\ud835\udc28\ud835\udc2c! .<br \/>\n.<br \/>\n.<br \/>\n.<br \/>\n#VivaAguascalientes<\/p>\n","protected":false},"excerpt":{"rendered":"<p>#informativoelvalledeaguascalientes #novaradioaguascalientes #informativoelvalledeaguascalientesll #Aguascalientes &nbsp; &nbsp; M\u00e1s que un evento, es un homenaje a nuestra identidad, donde calles, plazas y espacios culturales se llenan de color, m\u00fasica y arte para celebrar el legado de la Catrina, \ud835\udc1a\ud835\udc2a\ud835\udc2e\ud835\udc1e\ud835\udc25\ud835\udc25\ud835\udc1a \ud835\udc1e\ud835\udc25\ud835\udc1e\ud835\udc20\ud835\udc1a\ud835\udc27\ud835\udc2d\ud835\udc1e \ud835\udc21\ud835\udc2e\ud835\udc1e\ud835\udc2c\ud835\udc2e\ud835\udc1d\ud835\udc1a \ud835\udc1c\ud835\udc2b\ud835\udc1e\ud835\udc1a\ud835\udc1d\ud835\udc1a \ud835\udc29\ud835\udc28\ud835\udc2b \ud835\udc1e\ud835\udc25 \ud835\udc20\ud835\udc2b\ud835\udc1a\ud835\udc27 \ud835\udc09\ud835\udc28\ud835\udc2c\u00e9 \ud835\udc06\ud835\udc2e\ud835\udc1a\ud835\udc1d\ud835\udc1a\ud835\udc25\ud835\udc2e\ud835\udc29\ud835\udc1e \ud835\udc0f\ud835\udc28\ud835\udc2c\ud835\udc1a\ud835\udc1d\ud835\udc1a. Aqu\u00ed en Aguascalientes, el festival es una fiesta viva [&hellip;]<\/p>\n","protected":false},"author":1,"featured_media":67028,"comment_status":"closed","ping_status":"open","sticky":false,"template":"","format":"standard","meta":{"advanced_seo_description":"","jetpack_seo_html_title":"","jetpack_seo_noindex":false,"_jetpack_memberships_contains_paid_content":false,"footnotes":"","jetpack_publicize_message":"","jetpack_publicize_feature_enabled":true,"jetpack_social_post_already_shared":true,"jetpack_social_options":{"image_generator_settings":{"template":"highway","default_image_id":0,"font":"","enabled":false},"version":2}},"categories":[21,4],"tags":[22,615,34],"class_list":["post-67027","post","type-post","status-publish","format-standard","has-post-thumbnail","hentry","category-aguascalientes","category-gobierno-del-estado-aguascalientes","tag-aguascalientes","tag-gobierno-del-estado-de-aguascalientes","tag-sectur"],"jetpack_publicize_connections":[],"jetpack_featured_media_url":"https:\/\/i0.wp.com\/informativoelvalledeaguascalientes.online\/wp-content\/uploads\/2025\/03\/0d4b08cb-4344-49a8-b949-17fdcc87cac2.jpg?fit=1600%2C1066&ssl=1","jetpack-related-posts":[],"jetpack_sharing_enabled":true,"jetpack_likes_enabled":true,"_links":{"self":[{"href":"https:\/\/informativoelvalledeaguascalientes.online\/index.php?rest_route=\/wp\/v2\/posts\/67027","targetHints":{"allow":["GET"]}}],"collection":[{"href":"https:\/\/informativoelvalledeaguascalientes.online\/index.php?rest_route=\/wp\/v2\/posts"}],"about":[{"href":"https:\/\/informativoelvalledeaguascalientes.online\/index.php?rest_route=\/wp\/v2\/types\/post"}],"author":[{"embeddable":true,"href":"https:\/\/informativoelvalledeaguascalientes.online\/index.php?rest_route=\/wp\/v2\/users\/1"}],"replies":[{"embeddable":true,"href":"https:\/\/informativoelvalledeaguascalientes.online\/index.php?rest_route=%2Fwp%2Fv2%2Fcomments&post=67027"}],"version-history":[{"count":1,"href":"https:\/\/informativoelvalledeaguascalientes.online\/index.php?rest_route=\/wp\/v2\/posts\/67027\/revisions"}],"predecessor-version":[{"id":67029,"href":"https:\/\/informativoelvalledeaguascalientes.online\/index.php?rest_route=\/wp\/v2\/posts\/67027\/revisions\/67029"}],"wp:featuredmedia":[{"embeddable":true,"href":"https:\/\/informativoelvalledeaguascalientes.online\/index.php?rest_route=\/wp\/v2\/media\/67028"}],"wp:attachment":[{"href":"https:\/\/informativoelvalledeaguascalientes.online\/index.php?rest_route=%2Fwp%2Fv2%2Fmedia&parent=67027"}],"wp:term":[{"taxonomy":"category","embeddable":true,"href":"https:\/\/informativoelvalledeaguascalientes.online\/index.php?rest_route=%2Fwp%2Fv2%2Fcategories&post=67027"},{"taxonomy":"post_tag","embeddable":true,"href":"https:\/\/informativoelvalledeaguascalientes.online\/index.php?rest_route=%2Fwp%2Fv2%2Ftags&post=67027"}],"curies":[{"name":"wp","href":"https:\/\/api.w.org\/{rel}","templated":true}]}}