{"id":66874,"date":"2025-03-17T16:43:33","date_gmt":"2025-03-17T22:43:33","guid":{"rendered":"https:\/\/informativoelvalledeaguascalientes.online\/?p=66874"},"modified":"2025-03-17T16:43:33","modified_gmt":"2025-03-17T22:43:33","slug":"trabajaran-en-coordinacion-fiscalias-de-la-zona-occidente-para-impulsar-reformas-al-codigo-nacional-de-procedimientos-penales","status":"publish","type":"post","link":"https:\/\/informativoelvalledeaguascalientes.online\/?p=66874","title":{"rendered":"TRABAJAR\u00c1N EN COORDINACI\u00d3N FISCAL\u00cdAS DE LA ZONA OCCIDENTE PARA IMPULSAR REFORMAS AL C\u00d3DIGO NACIONAL DE PROCEDIMIENTOS PENALES"},"content":{"rendered":"<p>#informativoelvalledeaguascalientes #novaradioaguascalientes #informativoelvalledeaguascalientesll #Aguascalientes<\/p>\n<p>&nbsp;<\/p>\n<p>&nbsp;<\/p>\n<p>\u2022 El fiscal general del Estado, Manuel Alonso Garc\u00eda, asisti\u00f3 a la 1\u00aa Sesi\u00f3n Ordinaria de la Conferencia Nacional de Procuraci\u00f3n de Justicia de la Zona Occidente 2025 en Quer\u00e9taro, donde present\u00f3 avances en la nueva era de la Fiscal\u00eda General del Estado.<\/p>\n<p>\u2022 Intercambi\u00f3 experiencias sobre el Sistema Automatizado de Identificaci\u00f3n de Huellas (AFIS) y el Sistema de Identificaci\u00f3n Multibiom\u00e9trico (SIM).<\/p>\n<p>&nbsp;<\/p>\n<p>El fiscal general del Estado, Manuel Alonso Garc\u00eda, asisti\u00f3 a la 1\u00aa Sesi\u00f3n Ordinaria de la Conferencia Nacional de Procuraci\u00f3n de Justicia de la Zona Occidente 2025 en el estado de Quer\u00e9taro, donde se acord\u00f3 que impulsar\u00e1n reformas al C\u00f3digo Nacional de Procedimientos Penales, en busca de mejorar la procuraci\u00f3n de Justicia, al otorgar mayores herramientas para garantizar m\u00e1s y mejores resultados.<br \/>\nEl representante social se\u00f1al\u00f3 que el objetivo de estas acciones es perseguir con mayor eficacia la comisi\u00f3n de delitos y reducir los \u00edndices de impunidad con sentencias favorables tanto en el \u00e1mbito federal, como local.<br \/>\nEn dicha reuni\u00f3n se dio a conocer que fueron enviados al Senado de la Rep\u00fablica los proyectos de decreto para expedir una nueva Ley General del Sistema Nacional de Seguridad P\u00fablica y de la Ley Nacional de Investigaci\u00f3n e Inteligencia en materia de Seguridad P\u00fablica, cuyo objetivo es la obtenci\u00f3n de informaci\u00f3n para el esclarecimiento de los delitos.<br \/>\nAsimismo, se presentaron propuestas de reformas, as\u00ed como recomendaciones para el fortalecimiento de pol\u00edtica p\u00fablica en materia de desaparici\u00f3n de personas y trata de personas con fines de explotaci\u00f3n laboral.<br \/>\nAlonso Garc\u00eda, se\u00f1al\u00f3 que Aguascalientes, comparti\u00f3 experiencias sobre el Sistema Automatizado de Identificaci\u00f3n de Huellas (AFIS) y el Sistema de Identificaci\u00f3n Multibiom\u00e9trica (SIM), destacando las ventajas y desventajas de cada plataforma.<br \/>\nTambi\u00e9n habl\u00f3 sobre la importancia de la procuraci\u00f3n de justicia y la necesidad de una instituci\u00f3n m\u00e1s aut\u00f3noma y transparente, destac\u00f3 que el \u00f3rgano aut\u00f3nomo a su cargo busca fortalecer su relaci\u00f3n con la ciudadan\u00eda buscando perfiles para unirse a sus filas, con vocaci\u00f3n de servicio y honestidad.<br \/>\nAdem\u00e1s, expuso que en Aguascalientes implement\u00f3 el programa de audiencias ciudadanas con el fiscal para fomentar la participaci\u00f3n ciudadana y la atenci\u00f3n personalizada a las carpetas de investigaci\u00f3n, tambi\u00e9n plante\u00f3 la pr\u00f3xima instalaci\u00f3n de kioscos para recibir denuncias, con el objetivo de facilitar el acceso a la justicia de manera segura y eficiente.<\/p>\n<p>Agreg\u00f3 que en este evento, convocado por la Fiscal\u00eda General de la Rep\u00fablica (FGR), se reunieron tambi\u00e9n los fiscales de Colima, Bryant Alejandro Garc\u00eda Ram\u00edrez; Guanajuato, Gerardo V\u00e1zquez Alatriste; Jalisco, Salvador Gonz\u00e1lez De Los Santos; Nayarit, Petronilo D\u00edaz Ponce Medrano y Quer\u00e9taro, V\u00edctor Antonio De Jes\u00fas Hern\u00e1ndez, as\u00ed como el Fiscal Especializado de Control Regional, de la Fiscal\u00eda General de la Rep\u00fablica, Germ\u00e1n Adolfo Castillo Banuet, en representaci\u00f3n de Alejandro Gertz Manero.<\/p>\n","protected":false},"excerpt":{"rendered":"<p>#informativoelvalledeaguascalientes #novaradioaguascalientes #informativoelvalledeaguascalientesll #Aguascalientes &nbsp; &nbsp; \u2022 El fiscal general del Estado, Manuel Alonso Garc\u00eda, asisti\u00f3 a la 1\u00aa Sesi\u00f3n Ordinaria de la Conferencia Nacional de Procuraci\u00f3n de Justicia de la Zona Occidente 2025 en Quer\u00e9taro, donde present\u00f3 avances en la nueva era de la Fiscal\u00eda General del Estado. \u2022 Intercambi\u00f3 experiencias sobre el Sistema [&hellip;]<\/p>\n","protected":false},"author":1,"featured_media":66875,"comment_status":"closed","ping_status":"open","sticky":false,"template":"","format":"standard","meta":{"advanced_seo_description":"","jetpack_seo_html_title":"","jetpack_seo_noindex":false,"_jetpack_memberships_contains_paid_content":false,"footnotes":"","jetpack_publicize_message":"","jetpack_publicize_feature_enabled":true,"jetpack_social_post_already_shared":true,"jetpack_social_options":{"image_generator_settings":{"template":"highway","default_image_id":0,"font":"","enabled":false},"version":2}},"categories":[21,4],"tags":[22,331,615],"class_list":["post-66874","post","type-post","status-publish","format-standard","has-post-thumbnail","hentry","category-aguascalientes","category-gobierno-del-estado-aguascalientes","tag-aguascalientes","tag-fiscalia-general-del-estado-de-aguascalientes","tag-gobierno-del-estado-de-aguascalientes"],"jetpack_publicize_connections":[],"jetpack_featured_media_url":"https:\/\/i0.wp.com\/informativoelvalledeaguascalientes.online\/wp-content\/uploads\/2025\/03\/43606af6-afe9-40d9-a58c-e6271441e3dd.jpg?fit=1080%2C720&ssl=1","jetpack-related-posts":[],"jetpack_sharing_enabled":true,"jetpack_likes_enabled":true,"_links":{"self":[{"href":"https:\/\/informativoelvalledeaguascalientes.online\/index.php?rest_route=\/wp\/v2\/posts\/66874","targetHints":{"allow":["GET"]}}],"collection":[{"href":"https:\/\/informativoelvalledeaguascalientes.online\/index.php?rest_route=\/wp\/v2\/posts"}],"about":[{"href":"https:\/\/informativoelvalledeaguascalientes.online\/index.php?rest_route=\/wp\/v2\/types\/post"}],"author":[{"embeddable":true,"href":"https:\/\/informativoelvalledeaguascalientes.online\/index.php?rest_route=\/wp\/v2\/users\/1"}],"replies":[{"embeddable":true,"href":"https:\/\/informativoelvalledeaguascalientes.online\/index.php?rest_route=%2Fwp%2Fv2%2Fcomments&post=66874"}],"version-history":[{"count":1,"href":"https:\/\/informativoelvalledeaguascalientes.online\/index.php?rest_route=\/wp\/v2\/posts\/66874\/revisions"}],"predecessor-version":[{"id":66876,"href":"https:\/\/informativoelvalledeaguascalientes.online\/index.php?rest_route=\/wp\/v2\/posts\/66874\/revisions\/66876"}],"wp:featuredmedia":[{"embeddable":true,"href":"https:\/\/informativoelvalledeaguascalientes.online\/index.php?rest_route=\/wp\/v2\/media\/66875"}],"wp:attachment":[{"href":"https:\/\/informativoelvalledeaguascalientes.online\/index.php?rest_route=%2Fwp%2Fv2%2Fmedia&parent=66874"}],"wp:term":[{"taxonomy":"category","embeddable":true,"href":"https:\/\/informativoelvalledeaguascalientes.online\/index.php?rest_route=%2Fwp%2Fv2%2Fcategories&post=66874"},{"taxonomy":"post_tag","embeddable":true,"href":"https:\/\/informativoelvalledeaguascalientes.online\/index.php?rest_route=%2Fwp%2Fv2%2Ftags&post=66874"}],"curies":[{"name":"wp","href":"https:\/\/api.w.org\/{rel}","templated":true}]}}