{"id":66868,"date":"2025-03-17T16:36:43","date_gmt":"2025-03-17T22:36:43","guid":{"rendered":"https:\/\/informativoelvalledeaguascalientes.online\/?p=66868"},"modified":"2025-03-17T16:36:43","modified_gmt":"2025-03-17T22:36:43","slug":"jesus-maria-impulsa-el-desarrollo-de-la-comunidad-de-gracias-a-dios-con-electrificacion","status":"publish","type":"post","link":"https:\/\/informativoelvalledeaguascalientes.online\/?p=66868","title":{"rendered":"JES\u00daS MAR\u00cdA IMPULSA EL DESARROLLO DE LA COMUNIDAD DE GRACIAS A DIOS CON ELECTRIFICACI\u00d3N"},"content":{"rendered":"<p>#informativoelvalledeaguascalientes #novaradioaguascalientes #informativoelvalledeaguascalientesll #Aguascalientes<\/p>\n<p>&nbsp;<\/p>\n<p>&nbsp;<\/p>\n<p>El Gobierno Municipal de Jes\u00fas Mar\u00eda, a trav\u00e9s de la Secretar\u00eda de Servicios P\u00fablicos, entreg\u00f3 la obra de electrificaci\u00f3n en la comunidad de Gracias a Dios, un proyecto que impulsa el desarrollo de la zona y mejora la calidad de vida de sus habitantes y transe\u00fantes.<\/p>\n<p>Durante la entrega, el presidente municipal de Jes\u00fas Mar\u00eda, C\u00e9sar Medina inform\u00f3 que la infraestructura el\u00e9ctrica instalada incluye 14 postes con luminarias y un transformador de 25 kilovatios, lo que permitir\u00e1 la expansi\u00f3n del servicio a m\u00e1s usuarios en el futuro.<\/p>\n<p>\u201cA partir del martes, ya podr\u00e1n iniciar los tr\u00e1mites para contratar el suministro el\u00e9ctrico, quiero platicarles que este proyecto no se detuvo a pesar del cambio de administraci\u00f3n, esto es reflejo del compromiso, pero sobre todo del trabajo en equipo entre la ciudadan\u00eda y el gobierno\u201d dijo el alcalde.<\/p>\n<p>Asimismo, Medina Cervantes destac\u00f3 que, adem\u00e1s de la electrificaci\u00f3n, la Comisi\u00f3n de Agua Potable y Alcantarillado de Jes\u00fas Mar\u00eda (CAPAS) llev\u00f3 a cabo mejoras en la red hidr\u00e1ulica y la reparaci\u00f3n de fisuras en el tanque de mamposter\u00eda, lo que optimiza el abastecimiento de agua potable para los residentes.<\/p>\n<p>Cabe se\u00f1alar que se trabajar\u00e1 en el tema de alumbrado p\u00fablico para reemplazar las luminarias por nuevos dispositivos que cuenten con tecnolog\u00eda LED; con esta y otras acciones, el Gobierno Municipal de Jes\u00fas Mar\u00eda reafirma su compromiso con el desarrollo de las comunidades al brindar servicios b\u00e1sicos que impactan positivamente en la vida diaria de sus habitantes.<\/p>\n","protected":false},"excerpt":{"rendered":"<p>#informativoelvalledeaguascalientes #novaradioaguascalientes #informativoelvalledeaguascalientesll #Aguascalientes &nbsp; &nbsp; El Gobierno Municipal de Jes\u00fas Mar\u00eda, a trav\u00e9s de la Secretar\u00eda de Servicios P\u00fablicos, entreg\u00f3 la obra de electrificaci\u00f3n en la comunidad de Gracias a Dios, un proyecto que impulsa el desarrollo de la zona y mejora la calidad de vida de sus habitantes y transe\u00fantes. Durante la entrega, [&hellip;]<\/p>\n","protected":false},"author":1,"featured_media":66869,"comment_status":"closed","ping_status":"open","sticky":false,"template":"","format":"standard","meta":{"advanced_seo_description":"","jetpack_seo_html_title":"","jetpack_seo_noindex":false,"_jetpack_memberships_contains_paid_content":false,"footnotes":"","jetpack_publicize_message":"","jetpack_publicize_feature_enabled":true,"jetpack_social_post_already_shared":true,"jetpack_social_options":{"image_generator_settings":{"template":"highway","default_image_id":0,"font":"","enabled":false},"version":2}},"categories":[21,14],"tags":[22,45],"class_list":["post-66868","post","type-post","status-publish","format-standard","has-post-thumbnail","hentry","category-aguascalientes","category-jesus-maria-aguascalientes","tag-aguascalientes","tag-jesus-maria-aguascalientes"],"jetpack_publicize_connections":[],"jetpack_featured_media_url":"https:\/\/i0.wp.com\/informativoelvalledeaguascalientes.online\/wp-content\/uploads\/2025\/03\/8351901f-494d-45d4-abd0-f289b06002d5.jpg?fit=2560%2C1706&ssl=1","jetpack-related-posts":[],"jetpack_sharing_enabled":true,"jetpack_likes_enabled":true,"_links":{"self":[{"href":"https:\/\/informativoelvalledeaguascalientes.online\/index.php?rest_route=\/wp\/v2\/posts\/66868","targetHints":{"allow":["GET"]}}],"collection":[{"href":"https:\/\/informativoelvalledeaguascalientes.online\/index.php?rest_route=\/wp\/v2\/posts"}],"about":[{"href":"https:\/\/informativoelvalledeaguascalientes.online\/index.php?rest_route=\/wp\/v2\/types\/post"}],"author":[{"embeddable":true,"href":"https:\/\/informativoelvalledeaguascalientes.online\/index.php?rest_route=\/wp\/v2\/users\/1"}],"replies":[{"embeddable":true,"href":"https:\/\/informativoelvalledeaguascalientes.online\/index.php?rest_route=%2Fwp%2Fv2%2Fcomments&post=66868"}],"version-history":[{"count":1,"href":"https:\/\/informativoelvalledeaguascalientes.online\/index.php?rest_route=\/wp\/v2\/posts\/66868\/revisions"}],"predecessor-version":[{"id":66870,"href":"https:\/\/informativoelvalledeaguascalientes.online\/index.php?rest_route=\/wp\/v2\/posts\/66868\/revisions\/66870"}],"wp:featuredmedia":[{"embeddable":true,"href":"https:\/\/informativoelvalledeaguascalientes.online\/index.php?rest_route=\/wp\/v2\/media\/66869"}],"wp:attachment":[{"href":"https:\/\/informativoelvalledeaguascalientes.online\/index.php?rest_route=%2Fwp%2Fv2%2Fmedia&parent=66868"}],"wp:term":[{"taxonomy":"category","embeddable":true,"href":"https:\/\/informativoelvalledeaguascalientes.online\/index.php?rest_route=%2Fwp%2Fv2%2Fcategories&post=66868"},{"taxonomy":"post_tag","embeddable":true,"href":"https:\/\/informativoelvalledeaguascalientes.online\/index.php?rest_route=%2Fwp%2Fv2%2Ftags&post=66868"}],"curies":[{"name":"wp","href":"https:\/\/api.w.org\/{rel}","templated":true}]}}