{"id":66862,"date":"2025-03-17T16:21:49","date_gmt":"2025-03-17T22:21:49","guid":{"rendered":"https:\/\/informativoelvalledeaguascalientes.online\/?p=66862"},"modified":"2025-03-17T16:21:49","modified_gmt":"2025-03-17T22:21:49","slug":"premiacion-del-concurso-de-deshilado-2025","status":"publish","type":"post","link":"https:\/\/informativoelvalledeaguascalientes.online\/?p=66862","title":{"rendered":"Premiaci\u00f3n del Concurso de Deshilado 2025"},"content":{"rendered":"<p>#informativoelvalledeaguascalientes #novaradioaguascalientes #informativoelvalledeaguascalientesll #Aguascalientes<\/p>\n<p>&nbsp;<\/p>\n<p>&nbsp;<\/p>\n<p>El Gobierno de Calvillo a trav\u00e9s de la Secretar\u00eda de Turismo, realiz\u00f3 la premiaci\u00f3n del Concurso de Deshilado de Calvillo 2025, reconociendo el trabajo y la dedicaci\u00f3n de los artesanos creadores de estas aut\u00e9nticas prendas.<\/p>\n<p>Ver\u00f3nica Ball\u00edn de Luna, secretaria de Turismo, felicit\u00f3 a todos los artesanos que inscribieron su prenda al concurso, reflejando la cultura de la regi\u00f3n, adem\u00e1s agradeci\u00f3 la ardua labor que realiz\u00f3 el jurado para seleccionar cada una de las prendas.<\/p>\n<p>El jurado calificador integrado por expertos en la materia, design\u00f3 a los ganadores de este concurso en las siguientes categor\u00edas:<\/p>\n<p>\ud83c\udff5\ufe0fRebozo<br \/>\n\ud83e\udd47Carmen Mar\u00edn<br \/>\n\ud83e\udd48Silvia Padilla<br \/>\n\ud83e\udd49Mar\u00eda Martha Ru\u00edz de Loera<\/p>\n<p>\ud83c\udff5\ufe0fBlusa<br \/>\n\ud83e\udd47Patrocinio Esparza Gallegos<br \/>\n\ud83e\udd48Paulina Contreras Mac\u00edas<br \/>\n\ud83e\udd49Martha Mart\u00ednez Velasco<\/p>\n<p>\ud83c\udff5\ufe0fGuayabera<br \/>\n\ud83e\udd47Ma. Concepci\u00f3n M\u00e9ndez<br \/>\n\ud83e\udd48Guadalupe L\u00f3pez Lara<br \/>\n\ud83e\udd49Ma. Guadalupe Ru\u00edz L\u00f3pez<\/p>\n<p>\ud83c\udff5\ufe0fServilleta<br \/>\n\ud83e\udd47Alicia Mac\u00edas<br \/>\n\ud83e\udd48Ma. Rodr\u00edguez<br \/>\n\ud83e\udd49Ma. de Jes\u00fas Mac\u00edas \u00c1vila<\/p>\n<p>En el gobierno municipal reconocemos el trabajo diario que realizan las manos calvillenses reflejando el talento, la innovaci\u00f3n y la esencia de Calvillo como cuna del deshilado.<\/p>\n<p>El Comit\u00e9 Ciudadano de Pueblo M\u00e1gico, entreg\u00f3 el reconocimiento a la Trayectoria Artesanal a:<br \/>\n\ud83d\udca0 Ma. de la Luz Velasco Jaramillo, por su creatividad y talento en la t\u00e9cnica del deshilado.<br \/>\n\ud83d\udca0 H\u00e9ctor Manuel Valdivia Mart\u00ednez, por la dedicaci\u00f3n y aprovechamiento del \u00e1gata de fuego.<\/p>\n<p>Para cerrar con broche de oro las actividades del #D\u00edaInternacionalDelArtesano, se realiz\u00f3 la pasarela, portando prendas de deshilado, en la que participaron la reina y princesas de la Feria Nacional de la Guayaba 2024, as\u00ed como colaboradores de la Secretar\u00eda de Turismo; finalmente se present\u00f3 el grupo de danza folcl\u00f3rica Kan Ometehotl.<\/p>\n<p>#LegadoParaMiGente<\/p>\n","protected":false},"excerpt":{"rendered":"<p>#informativoelvalledeaguascalientes #novaradioaguascalientes #informativoelvalledeaguascalientesll #Aguascalientes &nbsp; &nbsp; El Gobierno de Calvillo a trav\u00e9s de la Secretar\u00eda de Turismo, realiz\u00f3 la premiaci\u00f3n del Concurso de Deshilado de Calvillo 2025, reconociendo el trabajo y la dedicaci\u00f3n de los artesanos creadores de estas aut\u00e9nticas prendas. Ver\u00f3nica Ball\u00edn de Luna, secretaria de Turismo, felicit\u00f3 a todos los artesanos que inscribieron [&hellip;]<\/p>\n","protected":false},"author":1,"featured_media":66863,"comment_status":"closed","ping_status":"open","sticky":false,"template":"","format":"standard","meta":{"advanced_seo_description":"","jetpack_seo_html_title":"","jetpack_seo_noindex":false,"_jetpack_memberships_contains_paid_content":false,"footnotes":"","jetpack_publicize_message":"","jetpack_publicize_feature_enabled":true,"jetpack_social_post_already_shared":true,"jetpack_social_options":{"image_generator_settings":{"template":"highway","default_image_id":0,"font":"","enabled":false},"version":2}},"categories":[21,13],"tags":[22,88,29],"class_list":["post-66862","post","type-post","status-publish","format-standard","has-post-thumbnail","hentry","category-aguascalientes","category-calvillo-aguascalientes","tag-aguascalientes","tag-calvillo","tag-calvillo-aguascalientes"],"jetpack_publicize_connections":[],"jetpack_featured_media_url":"https:\/\/i0.wp.com\/informativoelvalledeaguascalientes.online\/wp-content\/uploads\/2025\/03\/0b5eb08b-f909-4eef-bb61-e0f70a39a7ea.jpg?fit=1500%2C1000&ssl=1","jetpack-related-posts":[],"jetpack_sharing_enabled":true,"jetpack_likes_enabled":true,"_links":{"self":[{"href":"https:\/\/informativoelvalledeaguascalientes.online\/index.php?rest_route=\/wp\/v2\/posts\/66862","targetHints":{"allow":["GET"]}}],"collection":[{"href":"https:\/\/informativoelvalledeaguascalientes.online\/index.php?rest_route=\/wp\/v2\/posts"}],"about":[{"href":"https:\/\/informativoelvalledeaguascalientes.online\/index.php?rest_route=\/wp\/v2\/types\/post"}],"author":[{"embeddable":true,"href":"https:\/\/informativoelvalledeaguascalientes.online\/index.php?rest_route=\/wp\/v2\/users\/1"}],"replies":[{"embeddable":true,"href":"https:\/\/informativoelvalledeaguascalientes.online\/index.php?rest_route=%2Fwp%2Fv2%2Fcomments&post=66862"}],"version-history":[{"count":1,"href":"https:\/\/informativoelvalledeaguascalientes.online\/index.php?rest_route=\/wp\/v2\/posts\/66862\/revisions"}],"predecessor-version":[{"id":66864,"href":"https:\/\/informativoelvalledeaguascalientes.online\/index.php?rest_route=\/wp\/v2\/posts\/66862\/revisions\/66864"}],"wp:featuredmedia":[{"embeddable":true,"href":"https:\/\/informativoelvalledeaguascalientes.online\/index.php?rest_route=\/wp\/v2\/media\/66863"}],"wp:attachment":[{"href":"https:\/\/informativoelvalledeaguascalientes.online\/index.php?rest_route=%2Fwp%2Fv2%2Fmedia&parent=66862"}],"wp:term":[{"taxonomy":"category","embeddable":true,"href":"https:\/\/informativoelvalledeaguascalientes.online\/index.php?rest_route=%2Fwp%2Fv2%2Fcategories&post=66862"},{"taxonomy":"post_tag","embeddable":true,"href":"https:\/\/informativoelvalledeaguascalientes.online\/index.php?rest_route=%2Fwp%2Fv2%2Ftags&post=66862"}],"curies":[{"name":"wp","href":"https:\/\/api.w.org\/{rel}","templated":true}]}}