{"id":66856,"date":"2025-03-17T16:18:11","date_gmt":"2025-03-17T22:18:11","guid":{"rendered":"https:\/\/informativoelvalledeaguascalientes.online\/?p=66856"},"modified":"2025-03-17T16:18:11","modified_gmt":"2025-03-17T22:18:11","slug":"%f0%9d%97%96%f0%9d%97%b2%f0%9d%97%b9%f0%9d%97%b2%f0%9d%97%af%f0%9d%97%bf%f0%9d%97%ae%f0%9d%97%b0%f0%9d%97%b6%f0%9d%97%bc%f0%9d%97%bb-%f0%9d%97%b1%f0%9d%97%b2%f0%9d%97%b9-%f0%9d%97%97%f0%9d%97%b6-2","status":"publish","type":"post","link":"https:\/\/informativoelvalledeaguascalientes.online\/?p=66856","title":{"rendered":"\ud835\uddd6\ud835\uddf2\ud835\uddf9\ud835\uddf2\ud835\uddef\ud835\uddff\ud835\uddee\ud835\uddf0\ud835\uddf6\ud835\uddfc\u0301\ud835\uddfb \ud835\uddf1\ud835\uddf2\ud835\uddf9 \ud835\uddd7\ud835\uddf6\u0301\ud835\uddee \ud835\udddc\ud835\uddfb\ud835\ude01\ud835\uddf2\ud835\uddff\ud835\uddfb\ud835\uddee\ud835\uddf0\ud835\uddf6\ud835\uddfc\ud835\uddfb\ud835\uddee\ud835\uddf9 \ud835\uddf1\ud835\uddf2\ud835\uddf9 \ud835\uddd4\ud835\uddff\ud835\ude01\ud835\uddf2\ud835\ude00\ud835\uddee\ud835\uddfb\ud835\uddfc"},"content":{"rendered":"<p>#informativoelvalledeaguascalientes #novaradioaguascalientes #informativoelvalledeaguascalientesll #Aguascalientes<\/p>\n<p>&nbsp;<\/p>\n<p>&nbsp;<\/p>\n<p>El Gobierno de Calvillo a trav\u00e9s de la Secretar\u00eda de Turismo, realiz\u00f3 la inauguraci\u00f3n del Pabell\u00f3n Gastron\u00f3mico y Artesanal en el municipio de Calvillo, como parte de las actividades por el D\u00eda Internacional del Artesano.<\/p>\n<p>Ver\u00f3nica Ball\u00edn de Luna, secretaria de Turismo, en representaci\u00f3n de Daniel Romo Urrutia, presidente municipal de Calvillo, dio la bienvenida y agradeci\u00f3 la presencia artesanal de diversos municipios en Calvillo Pueblo M\u00e1gico, para festejar el D\u00eda Internacional del Artesano y mostrar sus creaciones.<\/p>\n<p>Con esta conmemoraci\u00f3n se resalta la habilidad manual de los artesanos para aprovechar los materiales disponibles para crear magn\u00edficas piezas de arte, que expresan costumbres, historias y toda la cultura de los lugares donde los artesanos dan rienda suelta a su creatividad.<\/p>\n<p>En un segundo momento, se realiz\u00f3 la inauguraci\u00f3n de la Oficina de Atenci\u00f3n al Visitante, en la que se brinda informaci\u00f3n sobre la cultura, gastronom\u00eda y atractivos del Pueblo M\u00e1gico de Calvillo.<\/p>\n<p>#LegadoParaMiGente<\/p>\n","protected":false},"excerpt":{"rendered":"<p>#informativoelvalledeaguascalientes #novaradioaguascalientes #informativoelvalledeaguascalientesll #Aguascalientes &nbsp; &nbsp; El Gobierno de Calvillo a trav\u00e9s de la Secretar\u00eda de Turismo, realiz\u00f3 la inauguraci\u00f3n del Pabell\u00f3n Gastron\u00f3mico y Artesanal en el municipio de Calvillo, como parte de las actividades por el D\u00eda Internacional del Artesano. Ver\u00f3nica Ball\u00edn de Luna, secretaria de Turismo, en representaci\u00f3n de Daniel Romo Urrutia, presidente [&hellip;]<\/p>\n","protected":false},"author":1,"featured_media":66857,"comment_status":"closed","ping_status":"open","sticky":false,"template":"","format":"standard","meta":{"advanced_seo_description":"","jetpack_seo_html_title":"","jetpack_seo_noindex":false,"_jetpack_memberships_contains_paid_content":false,"footnotes":"","jetpack_publicize_message":"","jetpack_publicize_feature_enabled":true,"jetpack_social_post_already_shared":true,"jetpack_social_options":{"image_generator_settings":{"template":"highway","default_image_id":0,"font":"","enabled":false},"version":2}},"categories":[21,13],"tags":[22,88,29],"class_list":["post-66856","post","type-post","status-publish","format-standard","has-post-thumbnail","hentry","category-aguascalientes","category-calvillo-aguascalientes","tag-aguascalientes","tag-calvillo","tag-calvillo-aguascalientes"],"jetpack_publicize_connections":[],"jetpack_featured_media_url":"https:\/\/i0.wp.com\/informativoelvalledeaguascalientes.online\/wp-content\/uploads\/2025\/03\/9fd95b7a-e8d6-47bd-9c1a-62b7e2955232.jpg?fit=1500%2C1000&ssl=1","jetpack-related-posts":[],"jetpack_sharing_enabled":true,"jetpack_likes_enabled":true,"_links":{"self":[{"href":"https:\/\/informativoelvalledeaguascalientes.online\/index.php?rest_route=\/wp\/v2\/posts\/66856","targetHints":{"allow":["GET"]}}],"collection":[{"href":"https:\/\/informativoelvalledeaguascalientes.online\/index.php?rest_route=\/wp\/v2\/posts"}],"about":[{"href":"https:\/\/informativoelvalledeaguascalientes.online\/index.php?rest_route=\/wp\/v2\/types\/post"}],"author":[{"embeddable":true,"href":"https:\/\/informativoelvalledeaguascalientes.online\/index.php?rest_route=\/wp\/v2\/users\/1"}],"replies":[{"embeddable":true,"href":"https:\/\/informativoelvalledeaguascalientes.online\/index.php?rest_route=%2Fwp%2Fv2%2Fcomments&post=66856"}],"version-history":[{"count":1,"href":"https:\/\/informativoelvalledeaguascalientes.online\/index.php?rest_route=\/wp\/v2\/posts\/66856\/revisions"}],"predecessor-version":[{"id":66858,"href":"https:\/\/informativoelvalledeaguascalientes.online\/index.php?rest_route=\/wp\/v2\/posts\/66856\/revisions\/66858"}],"wp:featuredmedia":[{"embeddable":true,"href":"https:\/\/informativoelvalledeaguascalientes.online\/index.php?rest_route=\/wp\/v2\/media\/66857"}],"wp:attachment":[{"href":"https:\/\/informativoelvalledeaguascalientes.online\/index.php?rest_route=%2Fwp%2Fv2%2Fmedia&parent=66856"}],"wp:term":[{"taxonomy":"category","embeddable":true,"href":"https:\/\/informativoelvalledeaguascalientes.online\/index.php?rest_route=%2Fwp%2Fv2%2Fcategories&post=66856"},{"taxonomy":"post_tag","embeddable":true,"href":"https:\/\/informativoelvalledeaguascalientes.online\/index.php?rest_route=%2Fwp%2Fv2%2Ftags&post=66856"}],"curies":[{"name":"wp","href":"https:\/\/api.w.org\/{rel}","templated":true}]}}