{"id":66852,"date":"2025-03-15T17:25:35","date_gmt":"2025-03-15T23:25:35","guid":{"rendered":"https:\/\/informativoelvalledeaguascalientes.online\/?p=66852"},"modified":"2025-03-15T17:25:35","modified_gmt":"2025-03-15T23:25:35","slug":"amor-al-ritmo-de-nuestro-folclor","status":"publish","type":"post","link":"https:\/\/informativoelvalledeaguascalientes.online\/?p=66852","title":{"rendered":"Amor al ritmo de nuestro folclor."},"content":{"rendered":"<p class=\"p1\">#informativoelvalledeaguascalientes #informativoelvalledeaguascalientesll #novaradioaguascalientes #Aguascalientes<\/p>\n<p>&nbsp;<\/p>\n<p>La Compa\u00f1\u00eda Estatal de Danza Juvenil de Aguascalientes presenta el espect\u00e1culo Aguascalientes: Amor al ritmo de nuestro folclor.<\/p>\n<p>\ud83d\udcc5 S\u00e1bado 22 de marzo<br \/>\n\u23f019 h<br \/>\n\ud83d\udccdTeatro Aguascalientes.<br \/>\n\ud83c\udf9f\ufe0f Luneta $ 100.00<br \/>\nPrimer Piso $ 80.00<br \/>\nA la venta en<br \/>\ntaquillas del Teatro Aguascalientes de lunes a viernes de 13 h a 18 h y a trav\u00e9s de<br \/>\nhttp:\/\/www.showticket.com.mx\/CEDAJuvenil2025<\/p>\n","protected":false},"excerpt":{"rendered":"<p>#informativoelvalledeaguascalientes #informativoelvalledeaguascalientesll #novaradioaguascalientes #Aguascalientes &nbsp; La Compa\u00f1\u00eda Estatal de Danza Juvenil de Aguascalientes presenta el espect\u00e1culo Aguascalientes: Amor al ritmo de nuestro folclor. \ud83d\udcc5 S\u00e1bado 22 de marzo \u23f019 h \ud83d\udccdTeatro Aguascalientes. \ud83c\udf9f\ufe0f Luneta $ 100.00 Primer Piso $ 80.00 A la venta en taquillas del Teatro Aguascalientes de lunes a viernes de 13 h [&hellip;]<\/p>\n","protected":false},"author":1,"featured_media":66853,"comment_status":"closed","ping_status":"open","sticky":false,"template":"","format":"standard","meta":{"advanced_seo_description":"","jetpack_seo_html_title":"","jetpack_seo_noindex":false,"_jetpack_memberships_contains_paid_content":false,"footnotes":"","jetpack_publicize_message":"","jetpack_publicize_feature_enabled":true,"jetpack_social_post_already_shared":true,"jetpack_social_options":{"image_generator_settings":{"template":"highway","default_image_id":0,"font":"","enabled":false},"version":2}},"categories":[21,4],"tags":[22,615,52],"class_list":["post-66852","post","type-post","status-publish","format-standard","has-post-thumbnail","hentry","category-aguascalientes","category-gobierno-del-estado-aguascalientes","tag-aguascalientes","tag-gobierno-del-estado-de-aguascalientes","tag-ica"],"jetpack_publicize_connections":[],"jetpack_featured_media_url":"https:\/\/i0.wp.com\/informativoelvalledeaguascalientes.online\/wp-content\/uploads\/2025\/03\/09bcdeee-f174-4863-a4e6-8322793aa304.jpg?fit=1600%2C1600&ssl=1","jetpack-related-posts":[],"jetpack_sharing_enabled":true,"jetpack_likes_enabled":true,"_links":{"self":[{"href":"https:\/\/informativoelvalledeaguascalientes.online\/index.php?rest_route=\/wp\/v2\/posts\/66852","targetHints":{"allow":["GET"]}}],"collection":[{"href":"https:\/\/informativoelvalledeaguascalientes.online\/index.php?rest_route=\/wp\/v2\/posts"}],"about":[{"href":"https:\/\/informativoelvalledeaguascalientes.online\/index.php?rest_route=\/wp\/v2\/types\/post"}],"author":[{"embeddable":true,"href":"https:\/\/informativoelvalledeaguascalientes.online\/index.php?rest_route=\/wp\/v2\/users\/1"}],"replies":[{"embeddable":true,"href":"https:\/\/informativoelvalledeaguascalientes.online\/index.php?rest_route=%2Fwp%2Fv2%2Fcomments&post=66852"}],"version-history":[{"count":1,"href":"https:\/\/informativoelvalledeaguascalientes.online\/index.php?rest_route=\/wp\/v2\/posts\/66852\/revisions"}],"predecessor-version":[{"id":66854,"href":"https:\/\/informativoelvalledeaguascalientes.online\/index.php?rest_route=\/wp\/v2\/posts\/66852\/revisions\/66854"}],"wp:featuredmedia":[{"embeddable":true,"href":"https:\/\/informativoelvalledeaguascalientes.online\/index.php?rest_route=\/wp\/v2\/media\/66853"}],"wp:attachment":[{"href":"https:\/\/informativoelvalledeaguascalientes.online\/index.php?rest_route=%2Fwp%2Fv2%2Fmedia&parent=66852"}],"wp:term":[{"taxonomy":"category","embeddable":true,"href":"https:\/\/informativoelvalledeaguascalientes.online\/index.php?rest_route=%2Fwp%2Fv2%2Fcategories&post=66852"},{"taxonomy":"post_tag","embeddable":true,"href":"https:\/\/informativoelvalledeaguascalientes.online\/index.php?rest_route=%2Fwp%2Fv2%2Ftags&post=66852"}],"curies":[{"name":"wp","href":"https:\/\/api.w.org\/{rel}","templated":true}]}}