{"id":6685,"date":"2020-05-19T18:54:31","date_gmt":"2020-05-20T00:54:31","guid":{"rendered":"https:\/\/informativoelvalledeaguascalientes.online\/?p=6685"},"modified":"2020-05-19T18:54:31","modified_gmt":"2020-05-20T00:54:31","slug":"gestiona-martha-marquez-apoyos-al-personal-de-salud-en-aguascalientes","status":"publish","type":"post","link":"https:\/\/informativoelvalledeaguascalientes.online\/?p=6685","title":{"rendered":"GESTIONA MARTHA M\u00c1RQUEZ APOYOS AL PERSONAL DE SALUD EN AGUASCALIENTES"},"content":{"rendered":"<p><b><i>\u00b7 M\u00e1s de 40 mil unidades de hidratantes fueron gestionados a trav\u00e9s de PiSA Farmac\u00e9utica para el personal de salud<\/i><\/b><br \/>\n<b><i>\u00b7 Hizo entrega de caretas para el personal m\u00e9dico que se encuentra en la primera l\u00ednea de combate al COVID-19<\/i><\/b><\/p>\n<p>Como parte de su compromiso con el personal de salud, la Senadora Martha M\u00e1rquez Alvarado gestion\u00f3 la entrega de m\u00e1s de 40 mil unidades de hidratantes, un donativo de Laboratorios PiSA Farmac\u00e9utica que servir\u00e1 para el personal de salud que se encuentra en la primera l\u00ednea de la batalla contra el COVID-19.<\/p>\n<p>\u201cUna de mis prioridades es garantizar protecci\u00f3n al sector salud, agradezco a la empresa PiSA que como empresa socialmente responsable se une a apoyar al personal m\u00e9dico que hoy est\u00e1 al frente de la pandemia.\u201d expres\u00f3.<\/p>\n<p>Aunado a esto,\u00a0hizo entrega de caretas al personal m\u00e9dico del IMSS Hospital General de Zona 1 Aguascalientes, quienes hoy se encuentran atendiendo a pacientes por COVID19; agreg\u00f3 que estas caretas fueron elaboradas por un grupo de ingenieros de Aguascalientes.<\/p>\n<p>M\u00e1rquez Alvarado reconoci\u00f3 el compromiso de las empresas mexicanas as\u00ed como de las instituciones acad\u00e9micas, pues dijo: \u201cun tema como la vida y la salud de los mexicanos requiere de la suma de esfuerzos de todos los sectores de la poblaci\u00f3n\u201d.<\/p>\n<p>\u201cAgradezco el apoyo de\u00a0la industria privada, de las asociaciones civiles y de las instituciones acad\u00e9micas que hoy se han sumado a apoyar al personal m\u00e9dico, estoy convencida de que unidos y solidarios nos mantendremos de pie y saldremos adelante\u201d finaliz\u00f3.<\/p>\n","protected":false},"excerpt":{"rendered":"<p>\u00b7 M\u00e1s de 40 mil unidades de hidratantes fueron gestionados a trav\u00e9s de PiSA Farmac\u00e9utica para el personal de salud \u00b7 Hizo entrega de caretas para el personal m\u00e9dico que se encuentra en la primera l\u00ednea de combate al COVID-19 Como parte de su compromiso con el personal de salud, la Senadora Martha M\u00e1rquez Alvarado [&hellip;]<\/p>\n","protected":false},"author":1,"featured_media":6686,"comment_status":"closed","ping_status":"open","sticky":false,"template":"","format":"standard","meta":{"advanced_seo_description":"","jetpack_seo_html_title":"","jetpack_seo_noindex":false,"_jetpack_memberships_contains_paid_content":false,"footnotes":"","jetpack_publicize_message":"","jetpack_publicize_feature_enabled":true,"jetpack_social_post_already_shared":true,"jetpack_social_options":{"image_generator_settings":{"template":"highway","default_image_id":0,"font":"","enabled":false},"version":2}},"categories":[21,19,7],"tags":[22,41,23],"class_list":["post-6685","post","type-post","status-publish","format-standard","has-post-thumbnail","hentry","category-aguascalientes","category-informacion-general","category-pan-aguascalientes","tag-aguascalientes","tag-martha-marquez","tag-pan-aguascalientes"],"jetpack_publicize_connections":[],"jetpack_featured_media_url":"https:\/\/i0.wp.com\/informativoelvalledeaguascalientes.online\/wp-content\/uploads\/2020\/05\/mm_19052020.jpg?fit=863%2C576&ssl=1","jetpack-related-posts":[],"jetpack_sharing_enabled":true,"jetpack_likes_enabled":true,"_links":{"self":[{"href":"https:\/\/informativoelvalledeaguascalientes.online\/index.php?rest_route=\/wp\/v2\/posts\/6685","targetHints":{"allow":["GET"]}}],"collection":[{"href":"https:\/\/informativoelvalledeaguascalientes.online\/index.php?rest_route=\/wp\/v2\/posts"}],"about":[{"href":"https:\/\/informativoelvalledeaguascalientes.online\/index.php?rest_route=\/wp\/v2\/types\/post"}],"author":[{"embeddable":true,"href":"https:\/\/informativoelvalledeaguascalientes.online\/index.php?rest_route=\/wp\/v2\/users\/1"}],"replies":[{"embeddable":true,"href":"https:\/\/informativoelvalledeaguascalientes.online\/index.php?rest_route=%2Fwp%2Fv2%2Fcomments&post=6685"}],"version-history":[{"count":1,"href":"https:\/\/informativoelvalledeaguascalientes.online\/index.php?rest_route=\/wp\/v2\/posts\/6685\/revisions"}],"predecessor-version":[{"id":6687,"href":"https:\/\/informativoelvalledeaguascalientes.online\/index.php?rest_route=\/wp\/v2\/posts\/6685\/revisions\/6687"}],"wp:featuredmedia":[{"embeddable":true,"href":"https:\/\/informativoelvalledeaguascalientes.online\/index.php?rest_route=\/wp\/v2\/media\/6686"}],"wp:attachment":[{"href":"https:\/\/informativoelvalledeaguascalientes.online\/index.php?rest_route=%2Fwp%2Fv2%2Fmedia&parent=6685"}],"wp:term":[{"taxonomy":"category","embeddable":true,"href":"https:\/\/informativoelvalledeaguascalientes.online\/index.php?rest_route=%2Fwp%2Fv2%2Fcategories&post=6685"},{"taxonomy":"post_tag","embeddable":true,"href":"https:\/\/informativoelvalledeaguascalientes.online\/index.php?rest_route=%2Fwp%2Fv2%2Ftags&post=6685"}],"curies":[{"name":"wp","href":"https:\/\/api.w.org\/{rel}","templated":true}]}}