{"id":66803,"date":"2025-03-14T19:50:56","date_gmt":"2025-03-15T01:50:56","guid":{"rendered":"https:\/\/informativoelvalledeaguascalientes.online\/?p=66803"},"modified":"2025-03-14T19:50:56","modified_gmt":"2025-03-15T01:50:56","slug":"productiva-reunion-del-fiscal-general-del-estado-con-comisarios-representantes-de-comunidades-de-asientos","status":"publish","type":"post","link":"https:\/\/informativoelvalledeaguascalientes.online\/?p=66803","title":{"rendered":"PRODUCTIVA REUNI\u00d3N DEL FISCAL GENERAL DEL ESTADO CON COMISARIOS REPRESENTANTES DE COMUNIDADES DE ASIENTOS"},"content":{"rendered":"<p class=\"p1\">#informativoelvalledeaguascalientes #informativoelvalledeaguascalientesll #novaradioaguascalientes #Aguascalientes<\/p>\n<p>&nbsp;<\/p>\n<p>&nbsp;<\/p>\n<p>\u2022 El fiscal general del Estado, Manuel Alonso Garc\u00eda dio a conocer las acciones que se llevar\u00e1n a cabo para ofrecerles una mejor atenci\u00f3n por parte de las Unidades del Ministerio P\u00fablico.<br \/>\n\u2022 Conoci\u00f3 sus inquietudes y necesidades en materia de seguridad y procuraci\u00f3n de justicia.<\/p>\n<p>Con la finalidad de acercar la Fiscal\u00eda General del Estado a los ciudadanos, a fin de ofrecerles servicios de calidad con empat\u00eda sobre sus necesidades, el fiscal general del Estado, acudi\u00f3 a una reuni\u00f3n en el municipio de Asientos, a la que asistieron comisarios ejidales y representantes de diversas comunidades, organizada por la diputada Lupita Mendoza.<\/p>\n<p>\u201cNuestra visi\u00f3n es dar a la ciudadan\u00eda una instituci\u00f3n m\u00e1s justa y humana, conociendo sus necesidades y dando respuesta a ellas, a trav\u00e9s de una investigaci\u00f3n cient\u00edfica, que permita llevar a prisi\u00f3n a quienes deciden afectar el patrimonio o integridad de los ciudadanos\u201d, indic\u00f3 Manuel Alonso Garc\u00eda.<\/p>\n<p>Bajo esta premisa, acudi\u00f3 a una invitaci\u00f3n que le hicieron habitantes del municipio de Asientos y la legisladora, donde platic\u00f3 con cada uno y les explic\u00f3 algunas de las acciones que se llevar\u00e1n a cabo, como la implementaci\u00f3n de las Fiscal\u00eda Regionales, como la que existe ya en el municipio de Pabell\u00f3n de Arteaga y otras que se instalar\u00e1n en la entidad, que contar\u00e1n con atenci\u00f3n permanente.<\/p>\n<p>Los invit\u00f3 a trabajar de la mano con la instituci\u00f3n en el combate a la impunidad, de una manera muy sencilla, con su denuncia, ya que de esta forma habr\u00e1 un trabajo de investigaci\u00f3n eficiente con el que los presuntos responsables de alguna acci\u00f3n antisocial, ser\u00e1n llevados ante la justicia y recibir\u00e1n la sanci\u00f3n correspondiente.<\/p>\n<p>El encuentro gener\u00f3 la confianza de los asistentes que le comentaron sus inquietudes y reconocieron su disposici\u00f3n para atender a la ciudadan\u00eda, por lo que manifestaron su confianza de que tendr\u00e1 resultados positivos en las acciones que tiene previstas para atender las necesidades de los municipios de la entidad.<\/p>\n","protected":false},"excerpt":{"rendered":"<p>#informativoelvalledeaguascalientes #informativoelvalledeaguascalientesll #novaradioaguascalientes #Aguascalientes &nbsp; &nbsp; \u2022 El fiscal general del Estado, Manuel Alonso Garc\u00eda dio a conocer las acciones que se llevar\u00e1n a cabo para ofrecerles una mejor atenci\u00f3n por parte de las Unidades del Ministerio P\u00fablico. \u2022 Conoci\u00f3 sus inquietudes y necesidades en materia de seguridad y procuraci\u00f3n de justicia. Con la finalidad [&hellip;]<\/p>\n","protected":false},"author":1,"featured_media":66804,"comment_status":"closed","ping_status":"open","sticky":false,"template":"","format":"standard","meta":{"advanced_seo_description":"","jetpack_seo_html_title":"","jetpack_seo_noindex":false,"_jetpack_memberships_contains_paid_content":false,"footnotes":"","jetpack_publicize_message":"","jetpack_publicize_feature_enabled":true,"jetpack_social_post_already_shared":true,"jetpack_social_options":{"image_generator_settings":{"template":"highway","default_image_id":0,"font":"","enabled":false},"version":2}},"categories":[21,4],"tags":[22,331,615],"class_list":["post-66803","post","type-post","status-publish","format-standard","has-post-thumbnail","hentry","category-aguascalientes","category-gobierno-del-estado-aguascalientes","tag-aguascalientes","tag-fiscalia-general-del-estado-de-aguascalientes","tag-gobierno-del-estado-de-aguascalientes"],"jetpack_publicize_connections":[],"jetpack_featured_media_url":"https:\/\/i0.wp.com\/informativoelvalledeaguascalientes.online\/wp-content\/uploads\/2025\/03\/86041c7b-e235-4659-89a0-95916a31e272.jpg?fit=1600%2C615&ssl=1","jetpack-related-posts":[],"jetpack_sharing_enabled":true,"jetpack_likes_enabled":true,"_links":{"self":[{"href":"https:\/\/informativoelvalledeaguascalientes.online\/index.php?rest_route=\/wp\/v2\/posts\/66803","targetHints":{"allow":["GET"]}}],"collection":[{"href":"https:\/\/informativoelvalledeaguascalientes.online\/index.php?rest_route=\/wp\/v2\/posts"}],"about":[{"href":"https:\/\/informativoelvalledeaguascalientes.online\/index.php?rest_route=\/wp\/v2\/types\/post"}],"author":[{"embeddable":true,"href":"https:\/\/informativoelvalledeaguascalientes.online\/index.php?rest_route=\/wp\/v2\/users\/1"}],"replies":[{"embeddable":true,"href":"https:\/\/informativoelvalledeaguascalientes.online\/index.php?rest_route=%2Fwp%2Fv2%2Fcomments&post=66803"}],"version-history":[{"count":1,"href":"https:\/\/informativoelvalledeaguascalientes.online\/index.php?rest_route=\/wp\/v2\/posts\/66803\/revisions"}],"predecessor-version":[{"id":66805,"href":"https:\/\/informativoelvalledeaguascalientes.online\/index.php?rest_route=\/wp\/v2\/posts\/66803\/revisions\/66805"}],"wp:featuredmedia":[{"embeddable":true,"href":"https:\/\/informativoelvalledeaguascalientes.online\/index.php?rest_route=\/wp\/v2\/media\/66804"}],"wp:attachment":[{"href":"https:\/\/informativoelvalledeaguascalientes.online\/index.php?rest_route=%2Fwp%2Fv2%2Fmedia&parent=66803"}],"wp:term":[{"taxonomy":"category","embeddable":true,"href":"https:\/\/informativoelvalledeaguascalientes.online\/index.php?rest_route=%2Fwp%2Fv2%2Fcategories&post=66803"},{"taxonomy":"post_tag","embeddable":true,"href":"https:\/\/informativoelvalledeaguascalientes.online\/index.php?rest_route=%2Fwp%2Fv2%2Ftags&post=66803"}],"curies":[{"name":"wp","href":"https:\/\/api.w.org\/{rel}","templated":true}]}}