{"id":66800,"date":"2025-03-14T19:46:55","date_gmt":"2025-03-15T01:46:55","guid":{"rendered":"https:\/\/informativoelvalledeaguascalientes.online\/?p=66800"},"modified":"2025-03-14T19:46:55","modified_gmt":"2025-03-15T01:46:55","slug":"trabajo-colaborativo-con-colectivos-de-busqueda-de-personas-desaparecidas-2","status":"publish","type":"post","link":"https:\/\/informativoelvalledeaguascalientes.online\/?p=66800","title":{"rendered":"TRABAJO COLABORATIVO CON COLECTIVOS DE B\u00daSQUEDA DE PERSONAS DESAPARECIDAS"},"content":{"rendered":"<p class=\"p1\">#informativoelvalledeaguascalientes #informativoelvalledeaguascalientesll #novaradioaguascalientes #Aguascalientes<\/p>\n<p>&nbsp;<\/p>\n<p>&nbsp;<\/p>\n<p>\u2022 El fiscal general Manuel Alonso Garc\u00eda se reuni\u00f3 con el Observatorio de Violencia Social y de G\u00e9nero de Aguascalientes para atender integralmente los casos de desaparici\u00f3n de personas.<\/p>\n<p>\u2022 El OVSGA present\u00f3 un pliego petitorio con 26 puntos y el fiscal se comprometi\u00f3 a atender cada caso de forma personalizada para garantizar justicia y atenci\u00f3n a las familias afectadas.<\/p>\n<p>El fiscal general del Estado, Manuel Alonso Garc\u00eda, se reuni\u00f3 con representantes del Observatorio de Violencia Social y de G\u00e9nero de Aguascalientes (OVSGA) para atender de forma integral los casos de v\u00edctimas de desaparici\u00f3n en la entidad.<\/p>\n<p>Durante el encuentro, el OVSGA present\u00f3 un pliego petitorio con 26 necesidades de los afectados, que ser\u00e1 atendido integralmente por la Fiscal\u00eda General del Estado.<\/p>\n<p>El representante social destac\u00f3 la importancia de trabajar de manera conjunta y coordinada para abordar esta problem\u00e1tica. &#8220;El esquema que estamos acordando es ser m\u00e1s eficientes, m\u00e1s rec\u00edprocos y m\u00e1s emp\u00e1ticos en temas tan delicados, trabajando de la mano en el tema de la investigaci\u00f3n y procuraci\u00f3n de justicia en los casos que nos presentaron&#8221;, afirm\u00f3.<\/p>\n<p>Adem\u00e1s, se comprometi\u00f3 a atender cada caso de forma personalizada, lo que demuestra su compromiso con las familias afectadas y su b\u00fasqueda de justicia.<\/p>\n<p>Esta medida busca garantizar que cada asunto reciba el seguimiento necesario para esclarecer la situaci\u00f3n.<\/p>\n<p>Mariana \u00c1vila Montejano, coordinadora del OVSGA, resalt\u00f3 la importancia de la atenci\u00f3n a cada una de las familias afectadas. &#8220;Para nosotras es fundamental que se d\u00e9 este trabajo que va a ser personalizado, que va a ser con cada una de las familias, adem\u00e1s de las mesas de trabajo ampliadas como la de hoy que se va a tener cada mes&#8221;, se\u00f1al\u00f3.<\/p>\n<p>La reuni\u00f3n forma parte de las acciones que Alonso Garc\u00eda ha emprendido para fortalecer la relaci\u00f3n entre la Fiscal\u00eda General del Estado y la sociedad civil, y para abordar los problemas de seguridad y justicia en Aguascalientes de manera integral y efectiva.<\/p>\n","protected":false},"excerpt":{"rendered":"<p>#informativoelvalledeaguascalientes #informativoelvalledeaguascalientesll #novaradioaguascalientes #Aguascalientes &nbsp; &nbsp; \u2022 El fiscal general Manuel Alonso Garc\u00eda se reuni\u00f3 con el Observatorio de Violencia Social y de G\u00e9nero de Aguascalientes para atender integralmente los casos de desaparici\u00f3n de personas. \u2022 El OVSGA present\u00f3 un pliego petitorio con 26 puntos y el fiscal se comprometi\u00f3 a atender cada caso de [&hellip;]<\/p>\n","protected":false},"author":1,"featured_media":66801,"comment_status":"closed","ping_status":"open","sticky":false,"template":"","format":"standard","meta":{"advanced_seo_description":"","jetpack_seo_html_title":"","jetpack_seo_noindex":false,"_jetpack_memberships_contains_paid_content":false,"footnotes":"","jetpack_publicize_message":"","jetpack_publicize_feature_enabled":true,"jetpack_social_post_already_shared":true,"jetpack_social_options":{"image_generator_settings":{"template":"highway","default_image_id":0,"font":"","enabled":false},"version":2}},"categories":[21,4],"tags":[22,331,615],"class_list":["post-66800","post","type-post","status-publish","format-standard","has-post-thumbnail","hentry","category-aguascalientes","category-gobierno-del-estado-aguascalientes","tag-aguascalientes","tag-fiscalia-general-del-estado-de-aguascalientes","tag-gobierno-del-estado-de-aguascalientes"],"jetpack_publicize_connections":[],"jetpack_featured_media_url":"https:\/\/i0.wp.com\/informativoelvalledeaguascalientes.online\/wp-content\/uploads\/2025\/03\/2f58adba-ece6-424c-a144-c09e8236faa8.jpg?fit=1600%2C930&ssl=1","jetpack-related-posts":[],"jetpack_sharing_enabled":true,"jetpack_likes_enabled":true,"_links":{"self":[{"href":"https:\/\/informativoelvalledeaguascalientes.online\/index.php?rest_route=\/wp\/v2\/posts\/66800","targetHints":{"allow":["GET"]}}],"collection":[{"href":"https:\/\/informativoelvalledeaguascalientes.online\/index.php?rest_route=\/wp\/v2\/posts"}],"about":[{"href":"https:\/\/informativoelvalledeaguascalientes.online\/index.php?rest_route=\/wp\/v2\/types\/post"}],"author":[{"embeddable":true,"href":"https:\/\/informativoelvalledeaguascalientes.online\/index.php?rest_route=\/wp\/v2\/users\/1"}],"replies":[{"embeddable":true,"href":"https:\/\/informativoelvalledeaguascalientes.online\/index.php?rest_route=%2Fwp%2Fv2%2Fcomments&post=66800"}],"version-history":[{"count":1,"href":"https:\/\/informativoelvalledeaguascalientes.online\/index.php?rest_route=\/wp\/v2\/posts\/66800\/revisions"}],"predecessor-version":[{"id":66802,"href":"https:\/\/informativoelvalledeaguascalientes.online\/index.php?rest_route=\/wp\/v2\/posts\/66800\/revisions\/66802"}],"wp:featuredmedia":[{"embeddable":true,"href":"https:\/\/informativoelvalledeaguascalientes.online\/index.php?rest_route=\/wp\/v2\/media\/66801"}],"wp:attachment":[{"href":"https:\/\/informativoelvalledeaguascalientes.online\/index.php?rest_route=%2Fwp%2Fv2%2Fmedia&parent=66800"}],"wp:term":[{"taxonomy":"category","embeddable":true,"href":"https:\/\/informativoelvalledeaguascalientes.online\/index.php?rest_route=%2Fwp%2Fv2%2Fcategories&post=66800"},{"taxonomy":"post_tag","embeddable":true,"href":"https:\/\/informativoelvalledeaguascalientes.online\/index.php?rest_route=%2Fwp%2Fv2%2Ftags&post=66800"}],"curies":[{"name":"wp","href":"https:\/\/api.w.org\/{rel}","templated":true}]}}