{"id":66794,"date":"2025-03-14T19:38:28","date_gmt":"2025-03-15T01:38:28","guid":{"rendered":"https:\/\/informativoelvalledeaguascalientes.online\/?p=66794"},"modified":"2025-03-14T19:38:28","modified_gmt":"2025-03-15T01:38:28","slug":"inaugura-leo-montanez-primera-sesion-ordinaria-del-consejo-academico-de-la-region-occidente","status":"publish","type":"post","link":"https:\/\/informativoelvalledeaguascalientes.online\/?p=66794","title":{"rendered":"INAUGURA LEO MONTA\u00d1EZ PRIMERA SESI\u00d3N ORDINARIA DEL CONSEJO ACAD\u00c9MICO DE LA REGI\u00d3N OCCIDENTE"},"content":{"rendered":"<p class=\"p1\">#informativoelvalledeaguascalientes #informativoelvalledeaguascalientesll #novaradioaguascalientes #Aguascalientes<\/p>\n<p>&nbsp;<\/p>\n<p>&nbsp;<\/p>\n<ul>\n<li><strong><em>Se re\u00fanen en Aguascalientes los titulares de las academias e institutos estatales y municipales, dedicados a la profesionalizaci\u00f3n de los polic\u00edas<\/em><\/strong><\/li>\n<\/ul>\n<p>La ma\u00f1ana de este viernes, el presidente municipal\u00a0<strong>Leo Monta\u00f1ez<\/strong>\u00a0presidi\u00f3 la inauguraci\u00f3n de la primera Sesi\u00f3n Ordinaria del Consejo Acad\u00e9mico de la regi\u00f3n Occidente en la que participan 26 directores de las instancias capacitadoras en materia de seguridad p\u00fablica provenientes de ochos estados del pa\u00eds Michoac\u00e1n, Jalisco, Quer\u00e9taro, Guanajuato, Colima, Nayarit, Zacatecas y Aguascalientes.<\/p>\n<p><strong>Leo Monta\u00f1ez\u00a0<\/strong>expres\u00f3 que desde la actual administraci\u00f3n el tema de la seguridad p\u00fablica se aborda con un enfoque integral, \u201cestamos comprometidos con la construcci\u00f3n de la paz, es por ello que estamos comprometidos con fortalecer los pasos seguros, ofrecer espacios deportivos, actividades culturales, atenci\u00f3n permanente en materia de salud emocional; la seguridad es una responsabilidad compartida, es una tarea de todas y de todos\u201d, puntualiz\u00f3.<\/p>\n<p><strong>Katia Rodr\u00edguez Gonz\u00e1lez<\/strong>, directora general de Apoyo T\u00e9cnico del Secretariado Ejecutivo del Sistema Nacional de Seguridad P\u00fablica, subray\u00f3 los logros alcanzados por la regi\u00f3n Occidente \u201cesta regi\u00f3n en espec\u00edfico que da frutos y da ideas al resto de las regiones, es una regi\u00f3n pionera y est\u00e1 a la vanguardia ante los retos que tenemos de seguridad, estas opciones, estas ideas son necesarias m\u00e1s que nunca, concuerdo con que solamente con la colaboraci\u00f3n y el apoyo de todos es como vamos a poder hacer frente a los retos nacionales, cuenten con nuestro apoyo, gracias por la labor que hacen todos los d\u00edas\u201d.<\/p>\n<p><strong>Maribel Su\u00e1rez Buccio<\/strong>, presidenta del Consejo Acad\u00e9mico regi\u00f3n Occidente y directora general del Instituto Estatal de Estudios Superiores en Seguridad y Profesionalizaci\u00f3n Policial del estado de Michoac\u00e1n reconoci\u00f3 la labor que ha realizado el presidente municipal,\u00a0<strong>Leo Monta\u00f1ez\u00a0<\/strong>en materia de seguridad p\u00fablica, \u201cveo su capacidad, su entusiasmo, su visi\u00f3n, usted est\u00e1 generando la suma de estas voluntades por eso el municipio es diferente\u201d, subray\u00f3.<\/p>\n<p><strong>Su\u00e1rez Buccio\u00a0<\/strong>se\u00f1al\u00f3 que lo que ha caracterizado a la regi\u00f3n Occidente es \u201cque hemos sido proactivos, propositivos, impulsores de nuevas ideas porque estamos seguros de que, si nosotros abonamos, la suma de capacidades y la suma de todos los resultados que se hace en cada una de nuestras academias, en nuestros municipios y en nuestros estados contribuir\u00e1 a seguir construyendo la paz que es necesaria en cada uno de los lugares de d\u00f3nde venimos\u201d.<\/p>\n<p><strong>Gonzalo P\u00e9rez Z\u00fa\u00f1iga<\/strong>, secretario de Seguridad P\u00fablica Municipal manifest\u00f3 que la labor que realiza el Consejo Acad\u00e9mico regi\u00f3n Occidente de la cual forma parte el Instituto de Seguridad P\u00fablica del Municipio de Aguascalientes es muy importante para promover el intercambio de experiencias exitosas y m\u00e9todos que abonan a una formaci\u00f3n de polic\u00edas con desempe\u00f1o de alto nivel, \u201cen Aguascalientes tenemos polic\u00edas profesionales que se encuentran bien evaluados a nivel nacional, lo que nos permite seguir abonando a la construcci\u00f3n de entornos seguros\u201d, indic\u00f3.<\/p>\n<p>En el evento estuvieron presentes\u00a0<strong>Antonio Mart\u00ednez Romo<\/strong>, secretario de Seguridad P\u00fablica Estatal; los regidores\u00a0<strong>Karla Espinoza Esparza<\/strong>,\u00a0<strong>Leslie Atilano Tapia<\/strong>,\u00a0<strong>Alejandro Serrano Almanza<\/strong>.<\/p>\n<p>Tambi\u00e9n asistieron\u00a0<strong>Jes\u00fas Hern\u00e1ndez Gardu\u00f1o<\/strong>, director de Desarrollo Ministerial, Policial y Pericial de la direcci\u00f3n general de Apoyo T\u00e9cnico del Secretariado Ejecutivo del Sistema Nacional de Seguridad P\u00fablica;\u00a0<strong>Guadalupe Bautista Calatayud<\/strong>, directora de Desarrollo de Pol\u00edtica Policial en la Secretar\u00eda de Seguridad y Protecci\u00f3n Ciudadana, as\u00ed como\u00a0<strong>Mauricio de la Serna Hern\u00e1ndez<\/strong>, secretario ejecutivo del Sistema Estatal de Seguridad P\u00fablica.<\/p>\n","protected":false},"excerpt":{"rendered":"<p>#informativoelvalledeaguascalientes #informativoelvalledeaguascalientesll #novaradioaguascalientes #Aguascalientes &nbsp; &nbsp; Se re\u00fanen en Aguascalientes los titulares de las academias e institutos estatales y municipales, dedicados a la profesionalizaci\u00f3n de los polic\u00edas La ma\u00f1ana de este viernes, el presidente municipal\u00a0Leo Monta\u00f1ez\u00a0presidi\u00f3 la inauguraci\u00f3n de la primera Sesi\u00f3n Ordinaria del Consejo Acad\u00e9mico de la regi\u00f3n Occidente en la que participan 26 [&hellip;]<\/p>\n","protected":false},"author":1,"featured_media":66795,"comment_status":"closed","ping_status":"open","sticky":false,"template":"","format":"standard","meta":{"advanced_seo_description":"","jetpack_seo_html_title":"","jetpack_seo_noindex":false,"_jetpack_memberships_contains_paid_content":false,"footnotes":"","jetpack_publicize_message":"","jetpack_publicize_feature_enabled":true,"jetpack_social_post_already_shared":true,"jetpack_social_options":{"image_generator_settings":{"template":"highway","default_image_id":0,"font":"","enabled":false},"version":2}},"categories":[21,3],"tags":[22,25,116],"class_list":["post-66794","post","type-post","status-publish","format-standard","has-post-thumbnail","hentry","category-aguascalientes","category-municipio-aguascalientes","tag-aguascalientes","tag-mpio-aguascalientes","tag-mpio-aguascalientes-sspm"],"jetpack_publicize_connections":[],"jetpack_featured_media_url":"https:\/\/i0.wp.com\/informativoelvalledeaguascalientes.online\/wp-content\/uploads\/2025\/03\/CMC4884.jpg?fit=1533%2C1022&ssl=1","jetpack-related-posts":[],"jetpack_sharing_enabled":true,"jetpack_likes_enabled":true,"_links":{"self":[{"href":"https:\/\/informativoelvalledeaguascalientes.online\/index.php?rest_route=\/wp\/v2\/posts\/66794","targetHints":{"allow":["GET"]}}],"collection":[{"href":"https:\/\/informativoelvalledeaguascalientes.online\/index.php?rest_route=\/wp\/v2\/posts"}],"about":[{"href":"https:\/\/informativoelvalledeaguascalientes.online\/index.php?rest_route=\/wp\/v2\/types\/post"}],"author":[{"embeddable":true,"href":"https:\/\/informativoelvalledeaguascalientes.online\/index.php?rest_route=\/wp\/v2\/users\/1"}],"replies":[{"embeddable":true,"href":"https:\/\/informativoelvalledeaguascalientes.online\/index.php?rest_route=%2Fwp%2Fv2%2Fcomments&post=66794"}],"version-history":[{"count":1,"href":"https:\/\/informativoelvalledeaguascalientes.online\/index.php?rest_route=\/wp\/v2\/posts\/66794\/revisions"}],"predecessor-version":[{"id":66796,"href":"https:\/\/informativoelvalledeaguascalientes.online\/index.php?rest_route=\/wp\/v2\/posts\/66794\/revisions\/66796"}],"wp:featuredmedia":[{"embeddable":true,"href":"https:\/\/informativoelvalledeaguascalientes.online\/index.php?rest_route=\/wp\/v2\/media\/66795"}],"wp:attachment":[{"href":"https:\/\/informativoelvalledeaguascalientes.online\/index.php?rest_route=%2Fwp%2Fv2%2Fmedia&parent=66794"}],"wp:term":[{"taxonomy":"category","embeddable":true,"href":"https:\/\/informativoelvalledeaguascalientes.online\/index.php?rest_route=%2Fwp%2Fv2%2Fcategories&post=66794"},{"taxonomy":"post_tag","embeddable":true,"href":"https:\/\/informativoelvalledeaguascalientes.online\/index.php?rest_route=%2Fwp%2Fv2%2Ftags&post=66794"}],"curies":[{"name":"wp","href":"https:\/\/api.w.org\/{rel}","templated":true}]}}