{"id":66788,"date":"2025-03-14T19:21:53","date_gmt":"2025-03-15T01:21:53","guid":{"rendered":"https:\/\/informativoelvalledeaguascalientes.online\/?p=66788"},"modified":"2025-03-14T19:21:53","modified_gmt":"2025-03-15T01:21:53","slug":"unidad-y-compromiso-por-aguascalientes-en-la-reunion-plenaria-de-diputados-y-diputadas-locales","status":"publish","type":"post","link":"https:\/\/informativoelvalledeaguascalientes.online\/?p=66788","title":{"rendered":"UNIDAD Y COMPROMISO POR AGUASCALIENTES EN LA REUNI\u00d3N PLENARIA DE DIPUTADOS Y DIPUTADAS LOCALES"},"content":{"rendered":"<p class=\"p1\">#informativoelvalledeaguascalientes #informativoelvalledeaguascalientesll #novaradioaguascalientes #Aguascalientes<\/p>\n<p>&nbsp;<\/p>\n<p class=\"p1\">\n<ul class=\"ul1\">\n<li class=\"li2\"><b><i>Javier Lu\u00e9vano N\u00fa\u00f1ez reconoci\u00f3 el trabajo legislativo de las y los diputados.<\/i><\/b><\/li>\n<li class=\"li3\"><b><i>Kenia L\u00f3pez Rabad\u00e1n se\u00f1al\u00f3 que la alianza PAN-PRI-PRD gobierna con responsabilidad y visi\u00f3n de futuro.<\/i><\/b><\/li>\n<li class=\"li4\"><b><i>Alma Hilda Medina Mac\u00edas subray\u00f3 que el Grupo Parlamentario busca un Aguascalientes seguro y en paz.<\/i><\/b><\/li>\n<\/ul>\n<p>&nbsp;<\/p>\n<p class=\"p5\">En el marco de la Reuni\u00f3n Plenaria de Diputados y Diputadas Locales de Aguascalientes, las dirigencias del PAN, y partidos que conformaron la alianza en los pasados procesos electorales, refrendaron su compromiso con la ciudadan\u00eda y destacaron la importancia de la unidad para el desarrollo del estado.<\/p>\n<p class=\"p5\">Durante la conferencia de prensa, el presidente del PAN en Aguascalientes, Javier Lu\u00e9vano N\u00fa\u00f1ez, enfatiz\u00f3 el trabajo conjunto que han realizado las tres fuerzas pol\u00edticas y el impacto positivo en la entidad, \u201c quiero reconocer el trabajo legislativo que se ha venido haciendo, sobre todo con un gran compromiso y dedicaci\u00f3n hacia Aguascalientes. \u201cEl d\u00eda de hoy, en esta reuni\u00f3n plenaria, nos re\u00fane el objetivo no s\u00f3lo de fortalecer al grupo y a nuestros partidos, sino es reforzar una alianza estrat\u00e9gica que ha venido dando resultados tangibles, tanto en la capital como en cada uno de los municipios y los distritos que representan hoy los diputados y diputadas. La unidad ha sido clave, sobre todo desde el trabajo legislativo, pero tambi\u00e9n trabajando de la mano con los diferentes niveles de gobierno, haciendo gestiones eficientes y responsables\u201d, se\u00f1al\u00f3.<\/p>\n<p class=\"p5\">Por su parte, la diputada local Alma Hilda Medina Mac\u00edas destac\u00f3 el trabajo legislativo del Grupo Parlamentario y su compromiso con la ciudadan\u00eda, \u201cEn unidad, las cosas salen bien. Somos un grupo de 18 diputados que cuidamos, trabajamos y procuramos el bien de nuestro estado. Queremos que Aguascalientes siga siendo un estado seguro, de crecimiento y en paz.\u201d<\/p>\n<p class=\"p5\">En tanto, la diputada federal Kenia L\u00f3pez Rabad\u00e1n resalt\u00f3 la diferencia entre los gobiernos de la alianza PAN-PRI-PRD y la administraci\u00f3n federal: \u201cEs muy claro: no somos iguales. Esta alianza es una alianza que le sirve a los ciudadanos, que le da seguridad, prosperidad y certeza de buenos gobiernos a este maravilloso estado\u2026 Mientras el gobierno federal abraza a los delincuentes y niega la violencia que azota al pa\u00eds, en Aguascalientes se gobierna con responsabilidad, con compromiso y con una visi\u00f3n de futuro.\u201d<\/p>\n<p class=\"p5\">El presidente del PRI en Aguascalientes, Kendor Mac\u00edas Mart\u00ednez, destac\u00f3 el papel de la coalici\u00f3n en el Congreso del Estado: \u201cEl di\u00e1logo y la unidad han sido fundamentales para lograr acuerdos que beneficien a la ciudadan\u00eda. Hemos impulsado reformas que fomentan el desarrollo econ\u00f3mico, la creaci\u00f3n de empleo y el fortalecimiento de nuestras instituciones.\u201d<\/p>\n<p class=\"p5\">Por su parte, el presidente del PRD en Aguascalientes, Oscar Estrada Escobedo, resalt\u00f3 el compromiso de la coalici\u00f3n con la seguridad y el bienestar social: \u201cMientras en otras partes del pa\u00eds se impone una pol\u00edtica de abrazos y no balazos, en Aguascalientes se ha asumido con seriedad la responsabilidad de garantizar la seguridad de las familias y fortalecer el sistema de salud.\u201d<\/p>\n<p class=\"p5\">A la reuni\u00f3n plenaria tambi\u00e9n acudieron la secretaria general del partido Paloma Am\u00e9zquita, Santiago Taboada, Secretario de Acci\u00f3n Pol\u00edtica del CEN PAN; Luis Olmedo, Secretario de Elecciones del CEN PAN, as\u00ed como diputados y diputadas del Grupo Parlamentario PAN-PRI-PRD, quienes reafirmaron su compromiso con la estabilidad y el bienestar de Aguascalientes.<\/p>\n<p class=\"p5\">Durante la jornada las y los diputados compartieron experiencias y recibieron por parte de la diputada L\u00f3pez Rabadan y los secretarios nacionales Luis Olmedo y Santiago Taboada, puntos de vista que redundar\u00e1n en un mejor trabajo legislativo.<\/p>\n","protected":false},"excerpt":{"rendered":"<p>#informativoelvalledeaguascalientes #informativoelvalledeaguascalientesll #novaradioaguascalientes #Aguascalientes &nbsp; Javier Lu\u00e9vano N\u00fa\u00f1ez reconoci\u00f3 el trabajo legislativo de las y los diputados. Kenia L\u00f3pez Rabad\u00e1n se\u00f1al\u00f3 que la alianza PAN-PRI-PRD gobierna con responsabilidad y visi\u00f3n de futuro. Alma Hilda Medina Mac\u00edas subray\u00f3 que el Grupo Parlamentario busca un Aguascalientes seguro y en paz. &nbsp; En el marco de la Reuni\u00f3n [&hellip;]<\/p>\n","protected":false},"author":1,"featured_media":66789,"comment_status":"closed","ping_status":"open","sticky":false,"template":"","format":"standard","meta":{"advanced_seo_description":"","jetpack_seo_html_title":"","jetpack_seo_noindex":false,"_jetpack_memberships_contains_paid_content":false,"footnotes":"","jetpack_publicize_message":"","jetpack_publicize_feature_enabled":true,"jetpack_social_post_already_shared":true,"jetpack_social_options":{"image_generator_settings":{"template":"highway","default_image_id":0,"font":"","enabled":false},"version":2}},"categories":[21,7],"tags":[22,23,43],"class_list":["post-66788","post","type-post","status-publish","format-standard","has-post-thumbnail","hentry","category-aguascalientes","category-pan-aguascalientes","tag-aguascalientes","tag-pan-aguascalientes","tag-pan-aguascalientes-cde"],"jetpack_publicize_connections":[],"jetpack_featured_media_url":"https:\/\/i0.wp.com\/informativoelvalledeaguascalientes.online\/wp-content\/uploads\/2025\/03\/69f4656f-12a0-4ba9-85ee-799dd3413ab0.jpg?fit=1280%2C853&ssl=1","jetpack-related-posts":[],"jetpack_sharing_enabled":true,"jetpack_likes_enabled":true,"_links":{"self":[{"href":"https:\/\/informativoelvalledeaguascalientes.online\/index.php?rest_route=\/wp\/v2\/posts\/66788","targetHints":{"allow":["GET"]}}],"collection":[{"href":"https:\/\/informativoelvalledeaguascalientes.online\/index.php?rest_route=\/wp\/v2\/posts"}],"about":[{"href":"https:\/\/informativoelvalledeaguascalientes.online\/index.php?rest_route=\/wp\/v2\/types\/post"}],"author":[{"embeddable":true,"href":"https:\/\/informativoelvalledeaguascalientes.online\/index.php?rest_route=\/wp\/v2\/users\/1"}],"replies":[{"embeddable":true,"href":"https:\/\/informativoelvalledeaguascalientes.online\/index.php?rest_route=%2Fwp%2Fv2%2Fcomments&post=66788"}],"version-history":[{"count":1,"href":"https:\/\/informativoelvalledeaguascalientes.online\/index.php?rest_route=\/wp\/v2\/posts\/66788\/revisions"}],"predecessor-version":[{"id":66790,"href":"https:\/\/informativoelvalledeaguascalientes.online\/index.php?rest_route=\/wp\/v2\/posts\/66788\/revisions\/66790"}],"wp:featuredmedia":[{"embeddable":true,"href":"https:\/\/informativoelvalledeaguascalientes.online\/index.php?rest_route=\/wp\/v2\/media\/66789"}],"wp:attachment":[{"href":"https:\/\/informativoelvalledeaguascalientes.online\/index.php?rest_route=%2Fwp%2Fv2%2Fmedia&parent=66788"}],"wp:term":[{"taxonomy":"category","embeddable":true,"href":"https:\/\/informativoelvalledeaguascalientes.online\/index.php?rest_route=%2Fwp%2Fv2%2Fcategories&post=66788"},{"taxonomy":"post_tag","embeddable":true,"href":"https:\/\/informativoelvalledeaguascalientes.online\/index.php?rest_route=%2Fwp%2Fv2%2Ftags&post=66788"}],"curies":[{"name":"wp","href":"https:\/\/api.w.org\/{rel}","templated":true}]}}