{"id":66766,"date":"2025-03-13T22:53:02","date_gmt":"2025-03-14T04:53:02","guid":{"rendered":"https:\/\/informativoelvalledeaguascalientes.online\/?p=66766"},"modified":"2025-03-13T22:53:02","modified_gmt":"2025-03-14T04:53:02","slug":"jesus-maria-sede-de-reunion-estatal-de-proteccion-civil","status":"publish","type":"post","link":"https:\/\/informativoelvalledeaguascalientes.online\/?p=66766","title":{"rendered":"JES\u00daS MAR\u00cdA, SEDE DE REUNI\u00d3N ESTATAL DE PROTECCI\u00d3N CIVIL"},"content":{"rendered":"<p>#informativoelvalledeaguascalientes #novaradioaguascalientes #informativoelvalledeaguascalientesll<\/p>\n<p>El municipio de Jes\u00fas Mar\u00eda fue nuevamente sede de la reuni\u00f3n mensual estatal de Protecci\u00f3n Civil, un encuentro clave para fortalecer la coordinaci\u00f3n y mejorar la atenci\u00f3n a la ciudadan\u00eda.<\/p>\n<p>Durante la sesi\u00f3n, se abordaron temas prioritarios como la temporada de incendios forestales y la estrategia de prevenci\u00f3n y respuesta que se implementar\u00e1 durante Semana Santa. Con estas acciones, las autoridades refuerzan las alianzas para garantizar la seguridad y bienestar de la poblaci\u00f3n.<\/p>\n<p>Cabe se\u00f1alar que a esta reuni\u00f3n asistieron el presidente municipal de Jes\u00fas Mar\u00eda, C\u00e9sar Medina, la secretaria del H. Ayuntamiento, Guadalupe de Lira; el titular de Protecci\u00f3n civil del municipio de Jes\u00fas Mar\u00eda, H\u00e9ctor Manuel Reyes; el coordinador estatal de Protecci\u00f3n Civil, Eduardo Mu\u00f1oz; as\u00ed como los titulares de los distintos municipios de Aguascalientes.<\/p>\n","protected":false},"excerpt":{"rendered":"<p>#informativoelvalledeaguascalientes #novaradioaguascalientes #informativoelvalledeaguascalientesll El municipio de Jes\u00fas Mar\u00eda fue nuevamente sede de la reuni\u00f3n mensual estatal de Protecci\u00f3n Civil, un encuentro clave para fortalecer la coordinaci\u00f3n y mejorar la atenci\u00f3n a la ciudadan\u00eda. Durante la sesi\u00f3n, se abordaron temas prioritarios como la temporada de incendios forestales y la estrategia de prevenci\u00f3n y respuesta que se [&hellip;]<\/p>\n","protected":false},"author":1,"featured_media":66767,"comment_status":"closed","ping_status":"open","sticky":false,"template":"","format":"standard","meta":{"advanced_seo_description":"","jetpack_seo_html_title":"","jetpack_seo_noindex":false,"_jetpack_memberships_contains_paid_content":false,"footnotes":"","jetpack_publicize_message":"","jetpack_publicize_feature_enabled":true,"jetpack_social_post_already_shared":true,"jetpack_social_options":{"image_generator_settings":{"template":"highway","default_image_id":0,"font":"","enabled":false},"version":2}},"categories":[21,14],"tags":[22,45],"class_list":["post-66766","post","type-post","status-publish","format-standard","has-post-thumbnail","hentry","category-aguascalientes","category-jesus-maria-aguascalientes","tag-aguascalientes","tag-jesus-maria-aguascalientes"],"jetpack_publicize_connections":[],"jetpack_featured_media_url":"https:\/\/i0.wp.com\/informativoelvalledeaguascalientes.online\/wp-content\/uploads\/2025\/03\/5399d4d5-0dc2-45f7-a55b-539812d9d0c4.jpeg?fit=1280%2C808&ssl=1","jetpack-related-posts":[],"jetpack_sharing_enabled":true,"jetpack_likes_enabled":true,"_links":{"self":[{"href":"https:\/\/informativoelvalledeaguascalientes.online\/index.php?rest_route=\/wp\/v2\/posts\/66766","targetHints":{"allow":["GET"]}}],"collection":[{"href":"https:\/\/informativoelvalledeaguascalientes.online\/index.php?rest_route=\/wp\/v2\/posts"}],"about":[{"href":"https:\/\/informativoelvalledeaguascalientes.online\/index.php?rest_route=\/wp\/v2\/types\/post"}],"author":[{"embeddable":true,"href":"https:\/\/informativoelvalledeaguascalientes.online\/index.php?rest_route=\/wp\/v2\/users\/1"}],"replies":[{"embeddable":true,"href":"https:\/\/informativoelvalledeaguascalientes.online\/index.php?rest_route=%2Fwp%2Fv2%2Fcomments&post=66766"}],"version-history":[{"count":1,"href":"https:\/\/informativoelvalledeaguascalientes.online\/index.php?rest_route=\/wp\/v2\/posts\/66766\/revisions"}],"predecessor-version":[{"id":66768,"href":"https:\/\/informativoelvalledeaguascalientes.online\/index.php?rest_route=\/wp\/v2\/posts\/66766\/revisions\/66768"}],"wp:featuredmedia":[{"embeddable":true,"href":"https:\/\/informativoelvalledeaguascalientes.online\/index.php?rest_route=\/wp\/v2\/media\/66767"}],"wp:attachment":[{"href":"https:\/\/informativoelvalledeaguascalientes.online\/index.php?rest_route=%2Fwp%2Fv2%2Fmedia&parent=66766"}],"wp:term":[{"taxonomy":"category","embeddable":true,"href":"https:\/\/informativoelvalledeaguascalientes.online\/index.php?rest_route=%2Fwp%2Fv2%2Fcategories&post=66766"},{"taxonomy":"post_tag","embeddable":true,"href":"https:\/\/informativoelvalledeaguascalientes.online\/index.php?rest_route=%2Fwp%2Fv2%2Ftags&post=66766"}],"curies":[{"name":"wp","href":"https:\/\/api.w.org\/{rel}","templated":true}]}}