{"id":66761,"date":"2025-03-13T22:49:08","date_gmt":"2025-03-14T04:49:08","guid":{"rendered":"https:\/\/informativoelvalledeaguascalientes.online\/?p=66761"},"modified":"2025-03-13T22:49:08","modified_gmt":"2025-03-14T04:49:08","slug":"llega-la-primera-exhibicion-hecho-en-jesus-maria-una-gran-oportunidad-para-productores-locales","status":"publish","type":"post","link":"https:\/\/informativoelvalledeaguascalientes.online\/?p=66761","title":{"rendered":"LLEGA LA PRIMERA EXHIBICI\u00d3N \u201cHECHO EN JES\u00daS MAR\u00cdA\u201d, UNA GRAN OPORTUNIDAD PARA PRODUCTORES LOCALES"},"content":{"rendered":"<p>#informativoelvalledeaguascalientes #novaradioaguascalientes #informativoelvalledeaguascalientesll<\/p>\n<p>\u2022 Se llevar\u00e1 a cabo del 26 al 30 de marzo en la plaza del mueble.<\/p>\n<p>Con el objetivo de impulsar y dar a conocer la riqueza productiva del municipio de Jes\u00fas Mar\u00eda y la regi\u00f3n, se llevar\u00e1 a cabo en Jes\u00fas Mar\u00eda, la Primera Exhibici\u00f3n &#8220;Hecho en Jes\u00fas Mar\u00eda&#8221;, un foro en el que alrededor de 50 productores locales mostrar\u00e1n la calidad y variedad de sus productos.<\/p>\n<p>El presidente municipal de Jes\u00fas Mar\u00eda, C\u00e9sar Medina indic\u00f3 que en esta primera exhibici\u00f3n, los asistentes podr\u00e1n encontrar diferentes productos que implican un proceso de transformaci\u00f3n como salsas, dulces artesanales, derivados l\u00e1cteos, embutidos, bebidas fermentadas, c\u00e1rnicos, encurtidos, derivados de la uva, entre otros, pero tambi\u00e9n habr\u00e1 conferencias, actividades culturales y did\u00e1cticas para toda la familia.<\/p>\n<p>\u201cHay muchas cosas hechas en Jes\u00fas Mar\u00eda que queremos compartirle a Aguascalientes, a M\u00e9xico y al mundo. Con esta iniciativa, queremos fortalecer el comercio local y promover el talento de los productores del municipio y de la regi\u00f3n, toda vez que participan tambi\u00e9n expositores de Pabell\u00f3n de Arteaga, Calvillo, San Francisco de los Romo, Tepezal\u00e1 y otros municipios del Estado, incluso de Jalisco,\u201d dijo el presidente municipal, quien destac\u00f3 la importancia de crear una cadena de consumo entre productores de la regi\u00f3n.<\/p>\n<p>Por su parte, el secretario de desarrollo agrario y rural de Jes\u00fas Mar\u00eda, Guadalupe Valtierra, indic\u00f3 que este evento se llevar\u00e1 a cabo del 26 al 30 de marzo en la Plaza del Mueble, donde los asistentes podr\u00e1n conocer, degustar y adquirir los productos elaborados en la regi\u00f3n pero adem\u00e1s acudir a las conferencias especializadas.<\/p>\n<p>\u201cEsta Primera exhibici\u00f3n contar\u00e1 con un ciclo de conferencias de expertos en temas de inter\u00e9s para los agro productores como: el uso de la energ\u00eda solar, cr\u00e9ditos agropecuarios; la cunicultura en Aguascalientes, la conferencia magistral sobre la producci\u00f3n de aceite de oliva en el estado, impartida por el matador y empresario Arturo Mac\u00edas, entre otras\u201d.<\/p>\n<p>Agreg\u00f3, que se trata de un evento familiar que contar\u00e1 con una zona gastron\u00f3mica y un \u00e1rea infantil que contar\u00e1 con una granja did\u00e1ctica, habr\u00e1 un taller de cartoner\u00eda y una exhibici\u00f3n de bichos que contar\u00e1 con m\u00e1s de 3 mil ejemplares de distintas partes del mundo, entre ellos m\u00e1s de 300 mariposas, 1000 escarabajos, m\u00e1s de 30 tar\u00e1ntulas, entre otros.<\/p>\n<p>Asimismo, habr\u00e1 actividades culturales, se contar\u00e1 con la participaci\u00f3n de la Compa\u00f1\u00eda Estatal de Danza del Instituto Cultural de Aguascalientes, la presentaci\u00f3n art\u00edstica del grupo Chicahual Bong, del ballet Tepochpainal, as\u00ed como un taller de danza espa\u00f1ola, entre otras actividades art\u00edsticas y culturales.<\/p>\n<p>Por su parte Arturo Macias indic\u00f3 que es una gran iniciativa dar a conocer lo que se hace en Jes\u00fas Mar\u00eda y sus alrededores, destac\u00f3 que en la regi\u00f3n se elaboran productos de primera calidad por lo que no es necesario acudir grandes cadenas para encontrarlos; asimismo, agreg\u00f3 que, Jes\u00fas Mar\u00eda est\u00e1 desarroll\u00e1ndose de una manera especial y con mucha categor\u00eda.<\/p>\n","protected":false},"excerpt":{"rendered":"<p>#informativoelvalledeaguascalientes #novaradioaguascalientes #informativoelvalledeaguascalientesll \u2022 Se llevar\u00e1 a cabo del 26 al 30 de marzo en la plaza del mueble. Con el objetivo de impulsar y dar a conocer la riqueza productiva del municipio de Jes\u00fas Mar\u00eda y la regi\u00f3n, se llevar\u00e1 a cabo en Jes\u00fas Mar\u00eda, la Primera Exhibici\u00f3n &#8220;Hecho en Jes\u00fas Mar\u00eda&#8221;, un foro [&hellip;]<\/p>\n","protected":false},"author":1,"featured_media":66764,"comment_status":"closed","ping_status":"open","sticky":false,"template":"","format":"standard","meta":{"advanced_seo_description":"","jetpack_seo_html_title":"","jetpack_seo_noindex":false,"_jetpack_memberships_contains_paid_content":false,"footnotes":"","jetpack_publicize_message":"","jetpack_publicize_feature_enabled":true,"jetpack_social_post_already_shared":true,"jetpack_social_options":{"image_generator_settings":{"template":"highway","default_image_id":0,"font":"","enabled":false},"version":2}},"categories":[21],"tags":[22,45],"class_list":["post-66761","post","type-post","status-publish","format-standard","has-post-thumbnail","hentry","category-aguascalientes","tag-aguascalientes","tag-jesus-maria-aguascalientes"],"jetpack_publicize_connections":[],"jetpack_featured_media_url":"https:\/\/i0.wp.com\/informativoelvalledeaguascalientes.online\/wp-content\/uploads\/2025\/03\/dbc78cbd-f8f5-45aa-a807-076d03a5667c.jpeg?fit=1600%2C1064&ssl=1","jetpack-related-posts":[],"jetpack_sharing_enabled":true,"jetpack_likes_enabled":true,"_links":{"self":[{"href":"https:\/\/informativoelvalledeaguascalientes.online\/index.php?rest_route=\/wp\/v2\/posts\/66761","targetHints":{"allow":["GET"]}}],"collection":[{"href":"https:\/\/informativoelvalledeaguascalientes.online\/index.php?rest_route=\/wp\/v2\/posts"}],"about":[{"href":"https:\/\/informativoelvalledeaguascalientes.online\/index.php?rest_route=\/wp\/v2\/types\/post"}],"author":[{"embeddable":true,"href":"https:\/\/informativoelvalledeaguascalientes.online\/index.php?rest_route=\/wp\/v2\/users\/1"}],"replies":[{"embeddable":true,"href":"https:\/\/informativoelvalledeaguascalientes.online\/index.php?rest_route=%2Fwp%2Fv2%2Fcomments&post=66761"}],"version-history":[{"count":1,"href":"https:\/\/informativoelvalledeaguascalientes.online\/index.php?rest_route=\/wp\/v2\/posts\/66761\/revisions"}],"predecessor-version":[{"id":66762,"href":"https:\/\/informativoelvalledeaguascalientes.online\/index.php?rest_route=\/wp\/v2\/posts\/66761\/revisions\/66762"}],"wp:featuredmedia":[{"embeddable":true,"href":"https:\/\/informativoelvalledeaguascalientes.online\/index.php?rest_route=\/wp\/v2\/media\/66764"}],"wp:attachment":[{"href":"https:\/\/informativoelvalledeaguascalientes.online\/index.php?rest_route=%2Fwp%2Fv2%2Fmedia&parent=66761"}],"wp:term":[{"taxonomy":"category","embeddable":true,"href":"https:\/\/informativoelvalledeaguascalientes.online\/index.php?rest_route=%2Fwp%2Fv2%2Fcategories&post=66761"},{"taxonomy":"post_tag","embeddable":true,"href":"https:\/\/informativoelvalledeaguascalientes.online\/index.php?rest_route=%2Fwp%2Fv2%2Ftags&post=66761"}],"curies":[{"name":"wp","href":"https:\/\/api.w.org\/{rel}","templated":true}]}}