{"id":6676,"date":"2020-05-19T18:29:41","date_gmt":"2020-05-20T00:29:41","guid":{"rendered":"https:\/\/informativoelvalledeaguascalientes.online\/?p=6676"},"modified":"2020-05-19T18:29:41","modified_gmt":"2020-05-20T00:29:41","slug":"conferencia-virtual-el-discurso-de-odio-como-manifestacion-cultural","status":"publish","type":"post","link":"https:\/\/informativoelvalledeaguascalientes.online\/?p=6676","title":{"rendered":"Conferencia Virtual \u201cEl discurso de odio como manifestaci\u00f3n cultural\u201d"},"content":{"rendered":"<ul>\n<li>Regidora perredista busca concientizar a la poblaci\u00f3n sobre los discursos de odio y violencia en la era digital.<\/li>\n<\/ul>\n<p>Luego de que mujeres y hombres de todo el pa\u00eds reportaran y denunciaran el fomento al odio por razones de g\u00e9nero a trav\u00e9s de canciones por parte de un \u201crapero\u201d mexicano radicado en Alemania; la regidora presidenta de la Comisi\u00f3n de Igualdad y G\u00e9nero del Municipio de Aguascalientes, Juanis Mart\u00ednez Mel\u00e9ndez; convoc\u00f3 a dialogar sobre los discursos de odio argumentando la \u201clibertad de expresi\u00f3n\u201d, desde un punto de vista acad\u00e9mico y legal.<\/p>\n<p>Para lo cual este mi\u00e9rcoles 20 de mayo en punto de las 20:00 horas presentar\u00e1 la Conferencia \u201cEl discurso de odio como manifestaci\u00f3n cultural\u201d, con los panelistas Sandra Moreno, Verona Valencia y Wilfrido Salazar, profesionistas expertas en derechos humanos y perspectiva de g\u00e9nero. Se transmitir\u00e1 en vivo por <a href=\"https:\/\/www.facebook.com\/Juanis-Martinez-605980249558397\/\">https:\/\/www.facebook.com\/Juanis-Martinez-605980249558397\/<\/a><\/p>\n<p>\u201cDesde que aparecieron las redes sociales y el internet la violencia entr\u00f3 a un nuevo sector: lo digital. Ahora con esta contingencia sanitaria y el confinamiento como medida preventiva al contagio, deton\u00f3 a\u00fan m\u00e1s los mensajes de odio y violencia, y a su vez de denuncia. La semana pasada se dio el caso de un rapero que sus temas incitan al feminicidio, a la agresi\u00f3n f\u00edsica y sexual hacia las mujeres, al secuestro, se hizo todo un movimiento para eliminar su material de las plataformas musicales; esto nos genera una gran necesidad de generar conciencia para no consumir esos productos\u201d, explica la regidora.<\/p>\n<p>Para abordar esta pol\u00e9mica y problem\u00e1tica se generar\u00e1 esta charla, como parte de los foros virtuales en materia de derechos humanos y perspectiva de g\u00e9nero, realizados en conjunto con el regidor Oscar Estrada, presidente de la Comisi\u00f3n Permanente de Derechos Humanos. Con el fin de detonar la conciencia social en contra de las violencias contra las mujeres y violaci\u00f3n a los derechos humanos.<\/p>\n","protected":false},"excerpt":{"rendered":"<p>Regidora perredista busca concientizar a la poblaci\u00f3n sobre los discursos de odio y violencia en la era digital. Luego de que mujeres y hombres de todo el pa\u00eds reportaran y denunciaran el fomento al odio por razones de g\u00e9nero a trav\u00e9s de canciones por parte de un \u201crapero\u201d mexicano radicado en Alemania; la regidora presidenta [&hellip;]<\/p>\n","protected":false},"author":1,"featured_media":6677,"comment_status":"closed","ping_status":"open","sticky":false,"template":"","format":"standard","meta":{"advanced_seo_description":"","jetpack_seo_html_title":"","jetpack_seo_noindex":false,"_jetpack_memberships_contains_paid_content":false,"footnotes":"","jetpack_publicize_message":"","jetpack_publicize_feature_enabled":true,"jetpack_social_post_already_shared":true,"jetpack_social_options":{"image_generator_settings":{"template":"highway","default_image_id":0,"font":"","enabled":false},"version":2}},"categories":[21,19,8],"tags":[22,40],"class_list":["post-6676","post","type-post","status-publish","format-standard","has-post-thumbnail","hentry","category-aguascalientes","category-informacion-general","category-prd-aguascalientes","tag-aguascalientes","tag-prd-aguascalientes"],"jetpack_publicize_connections":[],"jetpack_featured_media_url":"https:\/\/i0.wp.com\/informativoelvalledeaguascalientes.online\/wp-content\/uploads\/2020\/05\/Conferencia-Discurso-de-odio.jpeg?fit=768%2C768&ssl=1","jetpack-related-posts":[],"jetpack_sharing_enabled":true,"jetpack_likes_enabled":true,"_links":{"self":[{"href":"https:\/\/informativoelvalledeaguascalientes.online\/index.php?rest_route=\/wp\/v2\/posts\/6676","targetHints":{"allow":["GET"]}}],"collection":[{"href":"https:\/\/informativoelvalledeaguascalientes.online\/index.php?rest_route=\/wp\/v2\/posts"}],"about":[{"href":"https:\/\/informativoelvalledeaguascalientes.online\/index.php?rest_route=\/wp\/v2\/types\/post"}],"author":[{"embeddable":true,"href":"https:\/\/informativoelvalledeaguascalientes.online\/index.php?rest_route=\/wp\/v2\/users\/1"}],"replies":[{"embeddable":true,"href":"https:\/\/informativoelvalledeaguascalientes.online\/index.php?rest_route=%2Fwp%2Fv2%2Fcomments&post=6676"}],"version-history":[{"count":1,"href":"https:\/\/informativoelvalledeaguascalientes.online\/index.php?rest_route=\/wp\/v2\/posts\/6676\/revisions"}],"predecessor-version":[{"id":6678,"href":"https:\/\/informativoelvalledeaguascalientes.online\/index.php?rest_route=\/wp\/v2\/posts\/6676\/revisions\/6678"}],"wp:featuredmedia":[{"embeddable":true,"href":"https:\/\/informativoelvalledeaguascalientes.online\/index.php?rest_route=\/wp\/v2\/media\/6677"}],"wp:attachment":[{"href":"https:\/\/informativoelvalledeaguascalientes.online\/index.php?rest_route=%2Fwp%2Fv2%2Fmedia&parent=6676"}],"wp:term":[{"taxonomy":"category","embeddable":true,"href":"https:\/\/informativoelvalledeaguascalientes.online\/index.php?rest_route=%2Fwp%2Fv2%2Fcategories&post=6676"},{"taxonomy":"post_tag","embeddable":true,"href":"https:\/\/informativoelvalledeaguascalientes.online\/index.php?rest_route=%2Fwp%2Fv2%2Ftags&post=6676"}],"curies":[{"name":"wp","href":"https:\/\/api.w.org\/{rel}","templated":true}]}}