{"id":66751,"date":"2025-03-13T22:35:13","date_gmt":"2025-03-14T04:35:13","guid":{"rendered":"https:\/\/informativoelvalledeaguascalientes.online\/?p=66751"},"modified":"2025-03-13T22:35:13","modified_gmt":"2025-03-14T04:35:13","slug":"procuracion-de-justicia-para-los-municipios-del-norte-del-estado","status":"publish","type":"post","link":"https:\/\/informativoelvalledeaguascalientes.online\/?p=66751","title":{"rendered":"PROCURACI\u00d3N DE JUSTICIA PARA LOS MUNICIPIOS DEL NORTE DEL ESTADO"},"content":{"rendered":"<p>#informativoelvalledeaguascalientes #novaradioaguascalientes #informativoelvalledeaguascalientesll<\/p>\n<p>\u2022 El fiscal general del Estado, Manuel Alonso Garc\u00eda, acudi\u00f3 a la Fiscal\u00eda Regional ubicada en el municipio de Pabell\u00f3n de Arteaga, con el prop\u00f3sito de conocer detalladamente las necesidades del personal para perfeccionar los servicios que se brindan, adem\u00e1s de dialogar con los usuarios.<\/p>\n<p>\u2022 El edificio acerca los servicios de procuraci\u00f3n de justicia a la poblaci\u00f3n que habita en los municipios del norte del estado, evitando traslados hasta la capital y permitiendo un ahorro significativo de tiempo y dinero.<\/p>\n<p>El fiscal general del Estado, Manuel Alonso Garc\u00eda, visit\u00f3 la Fiscal\u00eda Regional ubicada en el municipio de Pabell\u00f3n de Arteaga para conocer las necesidades de los usuarios y personal de la instituci\u00f3n, con el objetivo de acercar la procuraci\u00f3n de justicia al interior del estado, evitando gastos y p\u00e9rdida de tiempo en traslados hasta la capital e invit\u00f3 a la sociedad a hacer uso de los servicios que ah\u00ed se brindan.<\/p>\n<p>Durante su visita, dialog\u00f3 con representantes de la Fiscal\u00eda Especializada en Delitos Electorales, la Unidad Especializada en Investigaci\u00f3n de Delitos Sexuales, Justicia Familiar y de G\u00e9nero, la Unidad de Combate al Robo de Ganado, Investigaci\u00f3n Pericial y Polic\u00eda de Investigaci\u00f3n Criminal.<\/p>\n<p>Esta acci\u00f3n forma parte de su compromiso para mejorar los servicios de la instituci\u00f3n, a fin se brindar una atenci\u00f3n m\u00e1s emp\u00e1tica, cercana y eficiente a la poblaci\u00f3n.<\/p>\n<p>La Fiscal\u00eda Regional ofrece atenci\u00f3n especializada a los ciudadanos de los municipios de Pabell\u00f3n de Arteaga, San Francisco de los Romo, San Jos\u00e9 de Gracia, Asientos, Rinc\u00f3n de Romos, Tepezal\u00e1 y Cos\u00edo, brindando servicios de procuraci\u00f3n de justicia de manera m\u00e1s cercana y accesible.<\/p>\n<p>Es importante destacar que este servicio es permanente y de puertas abiertas, por lo que la ciudadan\u00eda puede acudir en cualquier momento para recibir atenci\u00f3n integral y resolver sus problemas legales.<\/p>\n","protected":false},"excerpt":{"rendered":"<p>#informativoelvalledeaguascalientes #novaradioaguascalientes #informativoelvalledeaguascalientesll \u2022 El fiscal general del Estado, Manuel Alonso Garc\u00eda, acudi\u00f3 a la Fiscal\u00eda Regional ubicada en el municipio de Pabell\u00f3n de Arteaga, con el prop\u00f3sito de conocer detalladamente las necesidades del personal para perfeccionar los servicios que se brindan, adem\u00e1s de dialogar con los usuarios. \u2022 El edificio acerca los servicios de [&hellip;]<\/p>\n","protected":false},"author":1,"featured_media":66752,"comment_status":"closed","ping_status":"open","sticky":false,"template":"","format":"standard","meta":{"advanced_seo_description":"","jetpack_seo_html_title":"","jetpack_seo_noindex":false,"_jetpack_memberships_contains_paid_content":false,"footnotes":"","jetpack_publicize_message":"","jetpack_publicize_feature_enabled":true,"jetpack_social_post_already_shared":true,"jetpack_social_options":{"image_generator_settings":{"template":"highway","default_image_id":0,"font":"","enabled":false},"version":2}},"categories":[21,4],"tags":[22,331,615],"class_list":["post-66751","post","type-post","status-publish","format-standard","has-post-thumbnail","hentry","category-aguascalientes","category-gobierno-del-estado-aguascalientes","tag-aguascalientes","tag-fiscalia-general-del-estado-de-aguascalientes","tag-gobierno-del-estado-de-aguascalientes"],"jetpack_publicize_connections":[],"jetpack_featured_media_url":"https:\/\/i0.wp.com\/informativoelvalledeaguascalientes.online\/wp-content\/uploads\/2025\/03\/732be5ac-09af-4b6e-9a56-bbbfca07fedc.jpeg?fit=1280%2C853&ssl=1","jetpack-related-posts":[],"jetpack_sharing_enabled":true,"jetpack_likes_enabled":true,"_links":{"self":[{"href":"https:\/\/informativoelvalledeaguascalientes.online\/index.php?rest_route=\/wp\/v2\/posts\/66751","targetHints":{"allow":["GET"]}}],"collection":[{"href":"https:\/\/informativoelvalledeaguascalientes.online\/index.php?rest_route=\/wp\/v2\/posts"}],"about":[{"href":"https:\/\/informativoelvalledeaguascalientes.online\/index.php?rest_route=\/wp\/v2\/types\/post"}],"author":[{"embeddable":true,"href":"https:\/\/informativoelvalledeaguascalientes.online\/index.php?rest_route=\/wp\/v2\/users\/1"}],"replies":[{"embeddable":true,"href":"https:\/\/informativoelvalledeaguascalientes.online\/index.php?rest_route=%2Fwp%2Fv2%2Fcomments&post=66751"}],"version-history":[{"count":1,"href":"https:\/\/informativoelvalledeaguascalientes.online\/index.php?rest_route=\/wp\/v2\/posts\/66751\/revisions"}],"predecessor-version":[{"id":66753,"href":"https:\/\/informativoelvalledeaguascalientes.online\/index.php?rest_route=\/wp\/v2\/posts\/66751\/revisions\/66753"}],"wp:featuredmedia":[{"embeddable":true,"href":"https:\/\/informativoelvalledeaguascalientes.online\/index.php?rest_route=\/wp\/v2\/media\/66752"}],"wp:attachment":[{"href":"https:\/\/informativoelvalledeaguascalientes.online\/index.php?rest_route=%2Fwp%2Fv2%2Fmedia&parent=66751"}],"wp:term":[{"taxonomy":"category","embeddable":true,"href":"https:\/\/informativoelvalledeaguascalientes.online\/index.php?rest_route=%2Fwp%2Fv2%2Fcategories&post=66751"},{"taxonomy":"post_tag","embeddable":true,"href":"https:\/\/informativoelvalledeaguascalientes.online\/index.php?rest_route=%2Fwp%2Fv2%2Ftags&post=66751"}],"curies":[{"name":"wp","href":"https:\/\/api.w.org\/{rel}","templated":true}]}}