{"id":66738,"date":"2025-03-13T22:11:51","date_gmt":"2025-03-14T04:11:51","guid":{"rendered":"https:\/\/informativoelvalledeaguascalientes.online\/?p=66738"},"modified":"2025-03-13T22:11:51","modified_gmt":"2025-03-14T04:11:51","slug":"servicios-veterinarios-gratuitos-este-viernes-en-rincon-de-romos-2","status":"publish","type":"post","link":"https:\/\/informativoelvalledeaguascalientes.online\/?p=66738","title":{"rendered":"SERVICIOS VETERINARIOS GRATUITOS ESTE VIERNES EN RINC\u00d3N DE ROMOS"},"content":{"rendered":"<div data-motion-part=\"BG_MEDIA comp-l7sh9ubr2\"><\/div>\n<div data-motion-part=\"BG_MEDIA comp-l7sh9ubr2\">#informativoelvalledeaguascalientes #novaradioaguascalientes #informativoelvalledeaguascalientesll<\/div>\n<div id=\"bgLayers_comp-l7sh9ubr2\" class=\"MW5IWV\" data-hook=\"bgLayers\" data-motion-part=\"BG_LAYER comp-l7sh9ubr2\">\n<div id=\"bgMedia_comp-l7sh9ubr2\" class=\"VgO9Yg\" data-motion-part=\"BG_MEDIA comp-l7sh9ubr2\">El Gobierno del Estado invita a los due\u00f1os de mascotas a no perderse la Caravana de la Salud Canina y Felina que se llevar\u00e1 a cabo este viernes 14 de marzo en el municipio de Rinc\u00f3n de Romos, \u00a1y lo mejor de todo es que los servicios son gratuitos!<\/div>\n<\/div>\n<div class=\"\" data-mesh-id=\"comp-l7sh9ubr2inlineContent\" data-testid=\"inline-content\">\n<div data-mesh-id=\"comp-l7sh9ubr2inlineContent-gridContainer\" data-testid=\"mesh-container-content\">\n<div id=\"comp-l7sh9ubx\" class=\"TWFxr5 \">\n<div class=\"comp-l7sh9ubx\">\n<div class=\"sGWYken comp-l7sh9ubx\" data-hook=\"ricosviewer-wrapper\">\n<div class=\"nIlW2\" dir=\"ltr\" data-id=\"content-viewer\">\n<div class=\"C0hbR\">\n<div class=\"av0i6\">\n<div id=\"viewer-g1eqj143\" class=\"o0STb GF80u joYDm HjRUP\" dir=\"auto\"><span class=\"B-fpk\">\u00a0<\/span><\/div>\n<p id=\"viewer-ol3hd136\" class=\"o0STb GF80u _6Vwzd HjRUP\" dir=\"auto\"><span class=\"B-fpk _6Vwzd\">La cita es en el Lienzo Charro, ubicado en Gilberto Romo N\u00e1jera s\/n, col. Solidaridad, de 10:00 a 14:00 horas.<\/span><\/p>\n<div id=\"viewer-we8ld149\" class=\"o0STb GF80u _6Vwzd HjRUP\" dir=\"auto\"><span class=\"B-fpk _6Vwzd\">\u00a0<\/span><\/div>\n<p id=\"viewer-fjysv138\" class=\"o0STb GF80u _6Vwzd HjRUP\" dir=\"auto\"><span class=\"B-fpk _6Vwzd\">Durante esta jornada, podr\u00e1s aprovechar una serie de beneficios para tu mascota, como: esterilizaci\u00f3n, est\u00e9tica canina, valoraci\u00f3n m\u00e9dica, desparasitaci\u00f3n, vacunas para cachorros y perros adultos, as\u00ed como pl\u00e1ticas de concientizaci\u00f3n sobre el cuidado y protecci\u00f3n de las mascotas.<\/span><\/p>\n<div id=\"viewer-9x9f1155\" class=\"o0STb GF80u _6Vwzd HjRUP\" dir=\"auto\"><span class=\"B-fpk _6Vwzd\">\u00a0<\/span><\/div>\n<p id=\"viewer-ykgie140\" class=\"o0STb GF80u _6Vwzd HjRUP\" dir=\"auto\"><span class=\"B-fpk _6Vwzd\">\u00a1No faltes! Ven a cuidar la salud de tu mascota. Para m\u00e1s informaci\u00f3n, comun\u00edcate al 449 917 10 51 en un horario de 8:00 a 15:30 hor<\/span><\/p>\n<\/div>\n<\/div>\n<\/div>\n<\/div>\n<\/div>\n<\/div>\n<\/div>\n<\/div>\n","protected":false},"excerpt":{"rendered":"<p>#informativoelvalledeaguascalientes #novaradioaguascalientes #informativoelvalledeaguascalientesll El Gobierno del Estado invita a los due\u00f1os de mascotas a no perderse la Caravana de la Salud Canina y Felina que se llevar\u00e1 a cabo este viernes 14 de marzo en el municipio de Rinc\u00f3n de Romos, \u00a1y lo mejor de todo es que los servicios son gratuitos! \u00a0 La cita [&hellip;]<\/p>\n","protected":false},"author":1,"featured_media":66739,"comment_status":"closed","ping_status":"open","sticky":false,"template":"","format":"standard","meta":{"advanced_seo_description":"","jetpack_seo_html_title":"","jetpack_seo_noindex":false,"_jetpack_memberships_contains_paid_content":false,"footnotes":"","jetpack_publicize_message":"","jetpack_publicize_feature_enabled":true,"jetpack_social_post_already_shared":true,"jetpack_social_options":{"image_generator_settings":{"template":"highway","default_image_id":0,"font":"","enabled":false},"version":2}},"categories":[21,4],"tags":[22,615],"class_list":["post-66738","post","type-post","status-publish","format-standard","has-post-thumbnail","hentry","category-aguascalientes","category-gobierno-del-estado-aguascalientes","tag-aguascalientes","tag-gobierno-del-estado-de-aguascalientes"],"jetpack_publicize_connections":[],"jetpack_featured_media_url":"https:\/\/i0.wp.com\/informativoelvalledeaguascalientes.online\/wp-content\/uploads\/2025\/03\/45.jpeg?fit=1427%2C1125&ssl=1","jetpack-related-posts":[],"jetpack_sharing_enabled":true,"jetpack_likes_enabled":true,"_links":{"self":[{"href":"https:\/\/informativoelvalledeaguascalientes.online\/index.php?rest_route=\/wp\/v2\/posts\/66738","targetHints":{"allow":["GET"]}}],"collection":[{"href":"https:\/\/informativoelvalledeaguascalientes.online\/index.php?rest_route=\/wp\/v2\/posts"}],"about":[{"href":"https:\/\/informativoelvalledeaguascalientes.online\/index.php?rest_route=\/wp\/v2\/types\/post"}],"author":[{"embeddable":true,"href":"https:\/\/informativoelvalledeaguascalientes.online\/index.php?rest_route=\/wp\/v2\/users\/1"}],"replies":[{"embeddable":true,"href":"https:\/\/informativoelvalledeaguascalientes.online\/index.php?rest_route=%2Fwp%2Fv2%2Fcomments&post=66738"}],"version-history":[{"count":1,"href":"https:\/\/informativoelvalledeaguascalientes.online\/index.php?rest_route=\/wp\/v2\/posts\/66738\/revisions"}],"predecessor-version":[{"id":66740,"href":"https:\/\/informativoelvalledeaguascalientes.online\/index.php?rest_route=\/wp\/v2\/posts\/66738\/revisions\/66740"}],"wp:featuredmedia":[{"embeddable":true,"href":"https:\/\/informativoelvalledeaguascalientes.online\/index.php?rest_route=\/wp\/v2\/media\/66739"}],"wp:attachment":[{"href":"https:\/\/informativoelvalledeaguascalientes.online\/index.php?rest_route=%2Fwp%2Fv2%2Fmedia&parent=66738"}],"wp:term":[{"taxonomy":"category","embeddable":true,"href":"https:\/\/informativoelvalledeaguascalientes.online\/index.php?rest_route=%2Fwp%2Fv2%2Fcategories&post=66738"},{"taxonomy":"post_tag","embeddable":true,"href":"https:\/\/informativoelvalledeaguascalientes.online\/index.php?rest_route=%2Fwp%2Fv2%2Ftags&post=66738"}],"curies":[{"name":"wp","href":"https:\/\/api.w.org\/{rel}","templated":true}]}}