{"id":66735,"date":"2025-03-13T22:07:51","date_gmt":"2025-03-14T04:07:51","guid":{"rendered":"https:\/\/informativoelvalledeaguascalientes.online\/?p=66735"},"modified":"2025-03-13T22:07:51","modified_gmt":"2025-03-14T04:07:51","slug":"cierre-de-circulacion-del-14-al-18-de-marzo-del-2025","status":"publish","type":"post","link":"https:\/\/informativoelvalledeaguascalientes.online\/?p=66735","title":{"rendered":"CIERRE DE CIRCULACION DEL 14 AL 18 DE MARZO DEL 2025"},"content":{"rendered":"<p>#informativoelvalledeaguascalientes #novaradioaguascalientes #informativoelvalledeaguascalientesll<\/p>\n<p>A partir del viernes 14 de marzo y hasta el 18 de mayo, se cerrar\u00e1 la circulaci\u00f3n en la calle Manuel M. Ponce, entre las calles Monroy y Enrique Fern\u00e1ndez Ledesma.<\/p>\n<p>\ud83d\ude97 V\u00eda alterna:<\/p>\n<p>Calle Monroy y calle Nieto<\/p>\n<p>\u00a1Planea tu ruta con anticipaci\u00f3n!<\/p>\n<p>#SOP<\/p>\n","protected":false},"excerpt":{"rendered":"<p>#informativoelvalledeaguascalientes #novaradioaguascalientes #informativoelvalledeaguascalientesll A partir del viernes 14 de marzo y hasta el 18 de mayo, se cerrar\u00e1 la circulaci\u00f3n en la calle Manuel M. Ponce, entre las calles Monroy y Enrique Fern\u00e1ndez Ledesma. \ud83d\ude97 V\u00eda alterna: Calle Monroy y calle Nieto \u00a1Planea tu ruta con anticipaci\u00f3n! #SOP<\/p>\n","protected":false},"author":1,"featured_media":66736,"comment_status":"closed","ping_status":"open","sticky":false,"template":"","format":"standard","meta":{"advanced_seo_description":"","jetpack_seo_html_title":"","jetpack_seo_noindex":false,"_jetpack_memberships_contains_paid_content":false,"footnotes":"","jetpack_publicize_message":"","jetpack_publicize_feature_enabled":true,"jetpack_social_post_already_shared":true,"jetpack_social_options":{"image_generator_settings":{"template":"highway","default_image_id":0,"font":"","enabled":false},"version":2}},"categories":[21,4],"tags":[22,615,46],"class_list":["post-66735","post","type-post","status-publish","format-standard","has-post-thumbnail","hentry","category-aguascalientes","category-gobierno-del-estado-aguascalientes","tag-aguascalientes","tag-gobierno-del-estado-de-aguascalientes","tag-sop"],"jetpack_publicize_connections":[],"jetpack_featured_media_url":"https:\/\/i0.wp.com\/informativoelvalledeaguascalientes.online\/wp-content\/uploads\/2025\/03\/04373a18-b8b0-4ade-b2e5-a9885360b2d6.jpeg?fit=1080%2C1080&ssl=1","jetpack-related-posts":[],"jetpack_sharing_enabled":true,"jetpack_likes_enabled":true,"_links":{"self":[{"href":"https:\/\/informativoelvalledeaguascalientes.online\/index.php?rest_route=\/wp\/v2\/posts\/66735","targetHints":{"allow":["GET"]}}],"collection":[{"href":"https:\/\/informativoelvalledeaguascalientes.online\/index.php?rest_route=\/wp\/v2\/posts"}],"about":[{"href":"https:\/\/informativoelvalledeaguascalientes.online\/index.php?rest_route=\/wp\/v2\/types\/post"}],"author":[{"embeddable":true,"href":"https:\/\/informativoelvalledeaguascalientes.online\/index.php?rest_route=\/wp\/v2\/users\/1"}],"replies":[{"embeddable":true,"href":"https:\/\/informativoelvalledeaguascalientes.online\/index.php?rest_route=%2Fwp%2Fv2%2Fcomments&post=66735"}],"version-history":[{"count":1,"href":"https:\/\/informativoelvalledeaguascalientes.online\/index.php?rest_route=\/wp\/v2\/posts\/66735\/revisions"}],"predecessor-version":[{"id":66737,"href":"https:\/\/informativoelvalledeaguascalientes.online\/index.php?rest_route=\/wp\/v2\/posts\/66735\/revisions\/66737"}],"wp:featuredmedia":[{"embeddable":true,"href":"https:\/\/informativoelvalledeaguascalientes.online\/index.php?rest_route=\/wp\/v2\/media\/66736"}],"wp:attachment":[{"href":"https:\/\/informativoelvalledeaguascalientes.online\/index.php?rest_route=%2Fwp%2Fv2%2Fmedia&parent=66735"}],"wp:term":[{"taxonomy":"category","embeddable":true,"href":"https:\/\/informativoelvalledeaguascalientes.online\/index.php?rest_route=%2Fwp%2Fv2%2Fcategories&post=66735"},{"taxonomy":"post_tag","embeddable":true,"href":"https:\/\/informativoelvalledeaguascalientes.online\/index.php?rest_route=%2Fwp%2Fv2%2Ftags&post=66735"}],"curies":[{"name":"wp","href":"https:\/\/api.w.org\/{rel}","templated":true}]}}