{"id":6673,"date":"2020-05-19T18:22:36","date_gmt":"2020-05-20T00:22:36","guid":{"rendered":"https:\/\/informativoelvalledeaguascalientes.online\/?p=6673"},"modified":"2020-05-19T18:22:36","modified_gmt":"2020-05-20T00:22:36","slug":"convoca-prd-ags-a-jovenes-a-concurso-de-cortometraje-quedateencasa-relaciones-humanas-en-tiempos-de-pandemia","status":"publish","type":"post","link":"https:\/\/informativoelvalledeaguascalientes.online\/?p=6673","title":{"rendered":"Convoca PRD Ags. a j\u00f3venes a Concurso de Cortometraje #Qu\u00e9dateenCasa \u201cRelaciones Humanas en Tiempos de Pandemia\u201d"},"content":{"rendered":"<ul>\n<li>Invitan a j\u00f3venes del Municipio de Aguascalientes estudiantes de bachillerato a detonar su creatividad con un corto hecho en casa.<\/li>\n<li>La productora Rene Rusbell ofrecer\u00e1 sesiones de asesor\u00eda para las y los participantes de forma gratuita.<\/li>\n<\/ul>\n<p>Con el objetivo de coadyuvar a la educaci\u00f3n a distancia y a la creatividad en casa de las y los j\u00f3venes, Juanis Mart\u00ednez y Oscar Estrada, regidores de Aguascalientes por el PRD, anunciaron la convocatoria del Concurso de Cortometraje #Qu\u00e9dateenCasa \u201cRelaciones Humanas en Tiempos de Pandemia\u201d.<\/p>\n<p>Dicha convocatoria est\u00e1 dirigida a j\u00f3venes habitantes del Municipio de Aguascalientes de 15 a 18 a\u00f1os, interesados en la realizaci\u00f3n audiovisual. Los cortos participantes deber\u00e1n ser grabados con celular, y editados con cualquier tipo de aplicaci\u00f3n en resoluci\u00f3n Full HD, con un proyecto de 1 minuto hasta 10 minutos de duraci\u00f3n.<\/p>\n<p>La propuesta deber\u00e1 ser in\u00e9dita, original y sin salir de casa; adem\u00e1s de contar con un discurso y lenguaje aceptable para toda la familia. Se deber\u00e1 abordar, de forma libre, la tem\u00e1tica de las relaciones humanas en tiempos de pandemia.<\/p>\n<p>En conferencia de prensa virtual, Oscar Estrada explic\u00f3 que cada participante ser\u00e1 acreedor a una asesor\u00eda gratuita de gui\u00f3n, producci\u00f3n y edici\u00f3n con la productora y realizadora Rene Rusbell. Tendr\u00e1n una duraci\u00f3n de 1 hora por sesi\u00f3n, los martes y jueves del mes de mayo y el primer martes y mi\u00e9rcoles de junio, a las 16:00 horas.<\/p>\n<p>\u201cQueremos que las y los estudiantes exploten su creatividad dentro de su casa, no queremos que se expongan con mucha gente ni que salgan a otros espacios, este corto debe hacerse con los elementos que tengan en su casa; para adecuarlos en una nueva forma de expresi\u00f3n, que ellos mismo reflexionen sobre la actualidad\u201d, toda vez que esta pandemia nos ha cambiado la vida a todas las personas, los regidores buscan conocer la forma en c\u00f3mo est\u00e1n socializando las juventudes, que sean ellas y ellos quienes expliquen la din\u00e1mica en su n\u00facleo familiar\u00a0 y de estudios, y desarrollen as\u00ed todas las capacidades que tienen.<\/p>\n<p>\u201cLa escuela sin duda tiene que cambiar su forma de modelo de aprendizaje, el ciclo escolar va a venirse agotando en este mecanismo virtual y queremos coadyuvar en la formaci\u00f3n extracurricular por eso es importante este tipo de herramientas, con asesor\u00edas de un experta\u201d, se agreg\u00f3 que al concluir la etapa cr\u00edtica de la pandemia y cuando sea permitido los eventos p\u00fablicos, se realizar\u00e1 una proyecci\u00f3n conjunta de los 10 mejores cortos en un espacio que dignifique y valore el trabajo de los j\u00f3venes adem\u00e1s de los premios a los 3 primeros lugares.<\/p>\n<p>Juanis Mart\u00ednez destac\u00f3 la importancia de este tipo de herramientas visuales para aprovechar los tiempos de los j\u00f3venes que se encuentran en casa, \u201ctodo mundo est\u00e1 conectado a las redes sociales, es una herramienta importante y b\u00e1sica para todas las personas sin duda en esta \u00e9poca. Por eso vamos a detonar la creatividad en este confinamiento\u201d, adem\u00e1s de poder conocer el discurso juvenil sobre c\u00f3mo viven las relaciones personales en un momento de crisis sanitario y social.<\/p>\n<p>La realizadora Rene Rusbell invit\u00f3 a la poblaci\u00f3n juvenil a registrarse en la p\u00e1gina \u00a0<a href=\"http:\/\/prdags.com\/inscribe-tu-corto\">http:\/\/prdags.com\/inscribe-tu-corto<\/a> llenar el formulario y comenzar el proceso de creaci\u00f3n, \u201cen las sesiones trabajaremos el gui\u00f3n, la producci\u00f3n, consejos b\u00e1sicos que podr\u00e1n detonar sus ideas, el chiste es que propongan situaciones positivas que ayuden a otros j\u00f3venes, o incluso si traen alg\u00fan problema pueden sacarlo ah\u00ed, el arte de la realizaci\u00f3n audiovisual es maravilloso para entrar a una discusi\u00f3n social\u201d.<\/p>\n<p>El material audiovisual de las propuestas se recibir\u00e1 hasta el d\u00eda al 11 de junio del presente a\u00f1o a las 14:00 horas, al correo electr\u00f3nico corto.quedateencasa@gmail.com (\u00fanicamente link de YouTube, nombre y tel\u00e9fono de contacto). Las y los participantes deber\u00e1n anexar una carta junto con el link de su cortometraje donde autorizan el uso y publicaci\u00f3n sin fines de lucro del material enviado.<\/p>\n<p>Cabe recordar que la convocatoria de Ensayo \u201cMis derechos humanos\u201d cierra el 21 de mayo, otra plataforma para hacer escuchar tu voz. Aqu\u00ed el link de las bases: <a href=\"http:\/\/prdags.com\/mis-derechos-humanos\/\">http:\/\/prdags.com\/mis-derechos-humanos\/<\/a><\/p>\n","protected":false},"excerpt":{"rendered":"<p>Invitan a j\u00f3venes del Municipio de Aguascalientes estudiantes de bachillerato a detonar su creatividad con un corto hecho en casa. La productora Rene Rusbell ofrecer\u00e1 sesiones de asesor\u00eda para las y los participantes de forma gratuita. Con el objetivo de coadyuvar a la educaci\u00f3n a distancia y a la creatividad en casa de las y [&hellip;]<\/p>\n","protected":false},"author":1,"featured_media":6674,"comment_status":"closed","ping_status":"open","sticky":false,"template":"","format":"standard","meta":{"advanced_seo_description":"","jetpack_seo_html_title":"","jetpack_seo_noindex":false,"_jetpack_memberships_contains_paid_content":false,"footnotes":"","jetpack_publicize_message":"","jetpack_publicize_feature_enabled":true,"jetpack_social_post_already_shared":true,"jetpack_social_options":{"image_generator_settings":{"template":"highway","default_image_id":0,"font":"","enabled":false},"version":2}},"categories":[21,3],"tags":[22,40],"class_list":["post-6673","post","type-post","status-publish","format-standard","has-post-thumbnail","hentry","category-aguascalientes","category-municipio-aguascalientes","tag-aguascalientes","tag-prd-aguascalientes"],"jetpack_publicize_connections":[],"jetpack_featured_media_url":"https:\/\/i0.wp.com\/informativoelvalledeaguascalientes.online\/wp-content\/uploads\/2020\/05\/prd_ags_19052020.jpg?fit=576%2C576&ssl=1","jetpack-related-posts":[],"jetpack_sharing_enabled":true,"jetpack_likes_enabled":true,"_links":{"self":[{"href":"https:\/\/informativoelvalledeaguascalientes.online\/index.php?rest_route=\/wp\/v2\/posts\/6673","targetHints":{"allow":["GET"]}}],"collection":[{"href":"https:\/\/informativoelvalledeaguascalientes.online\/index.php?rest_route=\/wp\/v2\/posts"}],"about":[{"href":"https:\/\/informativoelvalledeaguascalientes.online\/index.php?rest_route=\/wp\/v2\/types\/post"}],"author":[{"embeddable":true,"href":"https:\/\/informativoelvalledeaguascalientes.online\/index.php?rest_route=\/wp\/v2\/users\/1"}],"replies":[{"embeddable":true,"href":"https:\/\/informativoelvalledeaguascalientes.online\/index.php?rest_route=%2Fwp%2Fv2%2Fcomments&post=6673"}],"version-history":[{"count":1,"href":"https:\/\/informativoelvalledeaguascalientes.online\/index.php?rest_route=\/wp\/v2\/posts\/6673\/revisions"}],"predecessor-version":[{"id":6675,"href":"https:\/\/informativoelvalledeaguascalientes.online\/index.php?rest_route=\/wp\/v2\/posts\/6673\/revisions\/6675"}],"wp:featuredmedia":[{"embeddable":true,"href":"https:\/\/informativoelvalledeaguascalientes.online\/index.php?rest_route=\/wp\/v2\/media\/6674"}],"wp:attachment":[{"href":"https:\/\/informativoelvalledeaguascalientes.online\/index.php?rest_route=%2Fwp%2Fv2%2Fmedia&parent=6673"}],"wp:term":[{"taxonomy":"category","embeddable":true,"href":"https:\/\/informativoelvalledeaguascalientes.online\/index.php?rest_route=%2Fwp%2Fv2%2Fcategories&post=6673"},{"taxonomy":"post_tag","embeddable":true,"href":"https:\/\/informativoelvalledeaguascalientes.online\/index.php?rest_route=%2Fwp%2Fv2%2Ftags&post=6673"}],"curies":[{"name":"wp","href":"https:\/\/api.w.org\/{rel}","templated":true}]}}