{"id":66728,"date":"2025-03-12T19:02:44","date_gmt":"2025-03-13T01:02:44","guid":{"rendered":"https:\/\/informativoelvalledeaguascalientes.online\/?p=66728"},"modified":"2025-03-12T19:02:44","modified_gmt":"2025-03-13T01:02:44","slug":"quedo-reinstalado-el-sistema-de-proteccion-integral-de-los-derechos-de-ninas-ninos-y-adolescentes-municipal-de-pabellon-de-arteaga","status":"publish","type":"post","link":"https:\/\/informativoelvalledeaguascalientes.online\/?p=66728","title":{"rendered":"QUED\u00d3 REINSTALADO EL SISTEMA DE PROTECCI\u00d3N INTEGRAL DE LOS DERECHOS DE NI\u00d1AS, NI\u00d1OS Y ADOLESCENTES MUNICIPAL DE PABELL\u00d3N DE ARTEAGA"},"content":{"rendered":"<p>#informativoelvalledeaguascalientes #informativoelvalledeaguascalientesll #Aguascalientes #novaradioaguascalientes<\/p>\n<p style=\"font-weight: 400;\">\n<p style=\"font-weight: 400;\"><strong>\u00a0<\/strong><\/p>\n<ul>\n<li style=\"font-weight: 400;\"><strong><em>Destaca la Secretar\u00eda Ejecutiva del Sipinna estatal la disposici\u00f3n del Gobierno municipal de Pabell\u00f3n de Arteaga, de trabajar a favor de los derechos de ni\u00f1as, ni\u00f1os y adolescentes<\/em><\/strong><\/li>\n<\/ul>\n<p style=\"font-weight: 400;\">\n<p style=\"font-weight: 400;\">Como parte del trabajo coordinado que ha emprendido la gobernadora Tere Jim\u00e9nez con los Municipios del estado, la secretaria ejecutiva del Sistema de Protecci\u00f3n Integral de los Derechos de Ni\u00f1as, Ni\u00f1os y Adolescentes del Estado (Sipinna), Blanca Rivera Rio Flores, estuvo presente en la reinstalaci\u00f3n del Sipinna Municipal de Pabell\u00f3n de Arteaga, sesi\u00f3n encabezada por la alcaldesa, Lucero Espinoza V\u00e1zquez.<\/p>\n<p style=\"font-weight: 400;\">\n<p style=\"font-weight: 400;\">Durante el evento, efectuado en el Sal\u00f3n de Cabildo de la Presidencia Municipal, Rivera Rio Flores refiri\u00f3 que con este acto se da cumplimiento a lo establecido en la Ley de los Derechos de Ni\u00f1as, Ni\u00f1os y Adolescentes del Estado, en el sentido de que todos los ayuntamientos cuenten con sus Sistemas Municipales de Protecci\u00f3n debidamente instalados y operando.<\/p>\n<p style=\"font-weight: 400;\">\n<p style=\"font-weight: 400;\">Adicionalmente, dijo, se establece el andamiaje legal para generar las condiciones que se requieren, a fin de brindarles a estos sectores de la poblaci\u00f3n la atenci\u00f3n que necesitan, a partir de la difusi\u00f3n, protecci\u00f3n, restituci\u00f3n y ejercicio de sus derechos humanos.<\/p>\n<p style=\"font-weight: 400;\">\n<p style=\"font-weight: 400;\">\u201cEs necesario destacar que los Sipinna Municipales no son una dependencia m\u00e1s, sino que est\u00e1n encabezados por los presidentes municipales y est\u00e1n integrados por las dependencias e instituciones vinculadas con los derechos de ni\u00f1as, ni\u00f1os y adolescentes, siendo su eje rector el fortalecimiento familiar, como una manera de protecci\u00f3n de estos sectores, adem\u00e1s de que deben promover la participaci\u00f3n del sector p\u00fablico y privado\u201d, a\u00f1adi\u00f3.<\/p>\n<p style=\"font-weight: 400;\">\n<p style=\"font-weight: 400;\">Por su parte, la presidenta municipal de Pabell\u00f3n de Arteaga, Lucero Espinoza, mencion\u00f3 que como parte de su gesti\u00f3n estar\u00e1n trabajando de manera coordinada con el Sipinna estatal para darles voz a ni\u00f1as, ni\u00f1os y adolescentes, adem\u00e1s de que estar\u00e1n implementando las medidas que sean necesarias para que sus derechos sean respetados.<\/p>\n<p style=\"font-weight: 400;\">\n<p style=\"font-weight: 400;\">En el marco de la sesi\u00f3n, en la que se cont\u00f3 con la presencia de Santiago de Jes\u00fas Soledad Tapia, representante de ni\u00f1as, ni\u00f1os y adolescentes pabellonenses, rindieron protesta las y los nuevos integrantes del Sipinna Municipal, as\u00ed como Diego Aron Ram\u00edrez Luna, quien ser\u00e1 el secretario ejecutivo de este organismo.<\/p>\n<p style=\"font-weight: 400;\">\n<p style=\"font-weight: 400;\">Estuvieron presentes el secretario del H. Ayuntamiento, No\u00e9 Miguel Pedroza Mart\u00ednez; Jonathan Francisco D\u00edaz Montoya, director del DIF Municipal; funcionarios municipales y dem\u00e1s invitados especiales.<\/p>\n<p style=\"font-weight: 400;\">\n","protected":false},"excerpt":{"rendered":"<p>#informativoelvalledeaguascalientes #informativoelvalledeaguascalientesll #Aguascalientes #novaradioaguascalientes \u00a0 Destaca la Secretar\u00eda Ejecutiva del Sipinna estatal la disposici\u00f3n del Gobierno municipal de Pabell\u00f3n de Arteaga, de trabajar a favor de los derechos de ni\u00f1as, ni\u00f1os y adolescentes Como parte del trabajo coordinado que ha emprendido la gobernadora Tere Jim\u00e9nez con los Municipios del estado, la secretaria ejecutiva del Sistema [&hellip;]<\/p>\n","protected":false},"author":1,"featured_media":66729,"comment_status":"closed","ping_status":"open","sticky":false,"template":"","format":"standard","meta":{"advanced_seo_description":"","jetpack_seo_html_title":"","jetpack_seo_noindex":false,"_jetpack_memberships_contains_paid_content":false,"footnotes":"","jetpack_publicize_message":"","jetpack_publicize_feature_enabled":true,"jetpack_social_post_already_shared":true,"jetpack_social_options":{"image_generator_settings":{"template":"highway","default_image_id":0,"font":"","enabled":false},"version":2}},"categories":[21,4],"tags":[22,615,658],"class_list":["post-66728","post","type-post","status-publish","format-standard","has-post-thumbnail","hentry","category-aguascalientes","category-gobierno-del-estado-aguascalientes","tag-aguascalientes","tag-gobierno-del-estado-de-aguascalientes","tag-sipinna-aguascalientes"],"jetpack_publicize_connections":[],"jetpack_featured_media_url":"https:\/\/i0.wp.com\/informativoelvalledeaguascalientes.online\/wp-content\/uploads\/2025\/03\/SIPINNA-REINSTALACION-SIPINNA-MUNICIPAL-PABELLON-DE-ARTEAGA-2-scaled.jpg?fit=2560%2C1810&ssl=1","jetpack-related-posts":[],"jetpack_sharing_enabled":true,"jetpack_likes_enabled":true,"_links":{"self":[{"href":"https:\/\/informativoelvalledeaguascalientes.online\/index.php?rest_route=\/wp\/v2\/posts\/66728","targetHints":{"allow":["GET"]}}],"collection":[{"href":"https:\/\/informativoelvalledeaguascalientes.online\/index.php?rest_route=\/wp\/v2\/posts"}],"about":[{"href":"https:\/\/informativoelvalledeaguascalientes.online\/index.php?rest_route=\/wp\/v2\/types\/post"}],"author":[{"embeddable":true,"href":"https:\/\/informativoelvalledeaguascalientes.online\/index.php?rest_route=\/wp\/v2\/users\/1"}],"replies":[{"embeddable":true,"href":"https:\/\/informativoelvalledeaguascalientes.online\/index.php?rest_route=%2Fwp%2Fv2%2Fcomments&post=66728"}],"version-history":[{"count":1,"href":"https:\/\/informativoelvalledeaguascalientes.online\/index.php?rest_route=\/wp\/v2\/posts\/66728\/revisions"}],"predecessor-version":[{"id":66730,"href":"https:\/\/informativoelvalledeaguascalientes.online\/index.php?rest_route=\/wp\/v2\/posts\/66728\/revisions\/66730"}],"wp:featuredmedia":[{"embeddable":true,"href":"https:\/\/informativoelvalledeaguascalientes.online\/index.php?rest_route=\/wp\/v2\/media\/66729"}],"wp:attachment":[{"href":"https:\/\/informativoelvalledeaguascalientes.online\/index.php?rest_route=%2Fwp%2Fv2%2Fmedia&parent=66728"}],"wp:term":[{"taxonomy":"category","embeddable":true,"href":"https:\/\/informativoelvalledeaguascalientes.online\/index.php?rest_route=%2Fwp%2Fv2%2Fcategories&post=66728"},{"taxonomy":"post_tag","embeddable":true,"href":"https:\/\/informativoelvalledeaguascalientes.online\/index.php?rest_route=%2Fwp%2Fv2%2Ftags&post=66728"}],"curies":[{"name":"wp","href":"https:\/\/api.w.org\/{rel}","templated":true}]}}