{"id":66713,"date":"2025-03-12T18:34:30","date_gmt":"2025-03-13T00:34:30","guid":{"rendered":"https:\/\/informativoelvalledeaguascalientes.online\/?p=66713"},"modified":"2025-03-12T18:34:30","modified_gmt":"2025-03-13T00:34:30","slug":"excelente-respuesta-en-segunda-audiencia-ciudadana-con-el-fiscal","status":"publish","type":"post","link":"https:\/\/informativoelvalledeaguascalientes.online\/?p=66713","title":{"rendered":"EXCELENTE RESPUESTA EN SEGUNDA AUDIENCIA CIUDADANA CON EL FISCAL"},"content":{"rendered":"<p>#informativoelvalledeaguascalientes #informativoelvalledeaguascalientesll #Aguascalientes #novaradioaguascalientes<\/p>\n<p>&nbsp;<\/p>\n<p>&nbsp;<\/p>\n<p>\u2022 M\u00e1s de una veintena de ciudadanos dialogaron con el fiscal general del Estado, Manuel Alonso Garc\u00eda, en un ambiente de cordialidad, aportando informaci\u00f3n y constatando avances para la resoluci\u00f3n de sus carpetas de investigaci\u00f3n.<br \/>\n* La audiencia ciudadana se llevar\u00e1 a cabo todos los martes a las 17:00 horas en las inmediaciones del auditorio de la Vicefiscal\u00eda de Investigaci\u00f3n del Delito.<\/p>\n<p>&nbsp;<\/p>\n<p>La segunda audiencia ciudadana con el fiscal general del Estado, Manuel Alonso Garc\u00eda, que forma parte de las estrategias del Plan de Seguridad y Justicia \u2018Blindaje Aguascalientes\u2019, cont\u00f3 con una excelente respuesta, con la activa participaci\u00f3n de m\u00e1s de una veintena de ciudadanos que dialogaron con el representante social en un ambiente de cordialidad, aportando informaci\u00f3n y constatando avances para la resoluci\u00f3n de sus carpetas de investigaci\u00f3n.<\/p>\n<p>Cabe destacar que, en la historia de la Fiscal\u00eda General del Estado, ning\u00fan fiscal hab\u00eda realizado un ejercicio similar, abriendo las puertas a la ciudadan\u00eda para escuchar sus inquietudes y preocupaciones. Este programa es parte de la nueva era justa y humana de la Fiscal\u00eda, que busca fortalecer la relaci\u00f3n entre la instituci\u00f3n y la ciudadan\u00eda, garantizando una procuraci\u00f3n de justicia m\u00e1s accesible y transparente.<\/p>\n<p>Alonso Garc\u00eda escuch\u00f3 atentamente las peticiones y preocupaciones de los asistentes, demostrando su liderazgo y experiencia al darles soluciones a sus requerimientos. El encuentro se caracteriz\u00f3 por un ambiente de respeto y di\u00e1logo constructivo, permitiendo que los ciudadanos expresaran sus opiniones, sugerencias e inquietudes de manera libre y abierta.<\/p>\n<p>Se invita a todos los interesados a asistir a la pr\u00f3xima audiencia ciudadana, que se llevar\u00e1 a cabo el pr\u00f3ximo martes 18 de marzo de 2025, a las 17:00 horas, en las instalaciones del auditorio de la Vicefiscal\u00eda de Investigaci\u00f3n del Delito. Para solicitar una cita, comunicarse al 449 284 7839.<\/p>\n","protected":false},"excerpt":{"rendered":"<p>#informativoelvalledeaguascalientes #informativoelvalledeaguascalientesll #Aguascalientes #novaradioaguascalientes &nbsp; &nbsp; \u2022 M\u00e1s de una veintena de ciudadanos dialogaron con el fiscal general del Estado, Manuel Alonso Garc\u00eda, en un ambiente de cordialidad, aportando informaci\u00f3n y constatando avances para la resoluci\u00f3n de sus carpetas de investigaci\u00f3n. * La audiencia ciudadana se llevar\u00e1 a cabo todos los martes a las 17:00 [&hellip;]<\/p>\n","protected":false},"author":1,"featured_media":66714,"comment_status":"closed","ping_status":"open","sticky":false,"template":"","format":"standard","meta":{"advanced_seo_description":"","jetpack_seo_html_title":"","jetpack_seo_noindex":false,"_jetpack_memberships_contains_paid_content":false,"footnotes":"","jetpack_publicize_message":"","jetpack_publicize_feature_enabled":true,"jetpack_social_post_already_shared":true,"jetpack_social_options":{"image_generator_settings":{"template":"highway","default_image_id":0,"font":"","enabled":false},"version":2}},"categories":[21,4],"tags":[22,331,615],"class_list":["post-66713","post","type-post","status-publish","format-standard","has-post-thumbnail","hentry","category-aguascalientes","category-gobierno-del-estado-aguascalientes","tag-aguascalientes","tag-fiscalia-general-del-estado-de-aguascalientes","tag-gobierno-del-estado-de-aguascalientes"],"jetpack_publicize_connections":[],"jetpack_featured_media_url":"https:\/\/i0.wp.com\/informativoelvalledeaguascalientes.online\/wp-content\/uploads\/2025\/03\/IMG-20250312-WA0073.jpg?fit=1351%2C1065&ssl=1","jetpack-related-posts":[],"jetpack_sharing_enabled":true,"jetpack_likes_enabled":true,"_links":{"self":[{"href":"https:\/\/informativoelvalledeaguascalientes.online\/index.php?rest_route=\/wp\/v2\/posts\/66713","targetHints":{"allow":["GET"]}}],"collection":[{"href":"https:\/\/informativoelvalledeaguascalientes.online\/index.php?rest_route=\/wp\/v2\/posts"}],"about":[{"href":"https:\/\/informativoelvalledeaguascalientes.online\/index.php?rest_route=\/wp\/v2\/types\/post"}],"author":[{"embeddable":true,"href":"https:\/\/informativoelvalledeaguascalientes.online\/index.php?rest_route=\/wp\/v2\/users\/1"}],"replies":[{"embeddable":true,"href":"https:\/\/informativoelvalledeaguascalientes.online\/index.php?rest_route=%2Fwp%2Fv2%2Fcomments&post=66713"}],"version-history":[{"count":1,"href":"https:\/\/informativoelvalledeaguascalientes.online\/index.php?rest_route=\/wp\/v2\/posts\/66713\/revisions"}],"predecessor-version":[{"id":66715,"href":"https:\/\/informativoelvalledeaguascalientes.online\/index.php?rest_route=\/wp\/v2\/posts\/66713\/revisions\/66715"}],"wp:featuredmedia":[{"embeddable":true,"href":"https:\/\/informativoelvalledeaguascalientes.online\/index.php?rest_route=\/wp\/v2\/media\/66714"}],"wp:attachment":[{"href":"https:\/\/informativoelvalledeaguascalientes.online\/index.php?rest_route=%2Fwp%2Fv2%2Fmedia&parent=66713"}],"wp:term":[{"taxonomy":"category","embeddable":true,"href":"https:\/\/informativoelvalledeaguascalientes.online\/index.php?rest_route=%2Fwp%2Fv2%2Fcategories&post=66713"},{"taxonomy":"post_tag","embeddable":true,"href":"https:\/\/informativoelvalledeaguascalientes.online\/index.php?rest_route=%2Fwp%2Fv2%2Ftags&post=66713"}],"curies":[{"name":"wp","href":"https:\/\/api.w.org\/{rel}","templated":true}]}}