{"id":66704,"date":"2025-03-12T18:17:00","date_gmt":"2025-03-13T00:17:00","guid":{"rendered":"https:\/\/informativoelvalledeaguascalientes.online\/?p=66704"},"modified":"2025-03-12T18:17:00","modified_gmt":"2025-03-13T00:17:00","slug":"por-primera-vez-en-la-historia-la-banda-sinfonica-municipal-sera-dirigida-por-mujeres","status":"publish","type":"post","link":"https:\/\/informativoelvalledeaguascalientes.online\/?p=66704","title":{"rendered":"POR PRIMERA VEZ EN LA HISTORIA, LA BANDA SINF\u00d3NICA MUNICIPAL SER\u00c1 DIRIGIDA POR MUJERES"},"content":{"rendered":"<p>#informativoelvalledeaguascalientes #informativoelvalledeaguascalientesll #Aguascalientes #novaradioaguascalientes<\/p>\n<p>&nbsp;<\/p>\n<p>&nbsp;<\/p>\n<p>&nbsp;<\/p>\n<ul>\n<li><strong><em>El IMAC invita a la presentaci\u00f3n de \u201cEsta es tu Banda\u201d dirigida por mujeres en el marco del primer Festival Cultural de Mujeres \u201cEmpoderArte\u201d<\/em><\/strong><\/li>\n<li><em><strong>El concierto se llevar\u00e1 a cabo este jueves 13 de marzo, a las 19:00 horas, en la Exedra<\/strong><\/em><\/li>\n<\/ul>\n<p>El Municipio de Aguascalientes, a trav\u00e9s del Instituto Municipal Aguascalentense para la Cultura (IMAC), invita a la ciudadan\u00eda al concierto de la Banda Sinf\u00f3nica Municipal de Aguascalientes, dirigida por mujeres en el marco del primer Festival Cultural de Mujeres \u201cEmpoderArte\u201d.<\/p>\n<p>El director del IMAC,\u00a0<strong>Iv\u00e1n S\u00e1nchez N\u00e1jera<\/strong>, destac\u00f3 que, en los 137 a\u00f1os de historia de la Banda Sinf\u00f3nica Municipal, es la primera vez que las mujeres toman la batuta, \u201ceste ser\u00e1 un concierto hist\u00f3rico, un precedente importante para las instituciones musicales del estado, donde vamos a destacar el talento de las mujeres de nuestra Banda, virtuosas en cada uno de sus instrumentos y con amplia trayectoria\u201d, destac\u00f3.<\/p>\n<p>En este concierto, la Banda Sinf\u00f3nica estar\u00e1 bajo la batuta de\u00a0<strong>Lorena Rosal\u00eda Flores Rivas<\/strong>,\u00a0<strong>Laura Elena Flores Mendoza<\/strong>,\u00a0<strong>Rosa Esthela Torres Gonz\u00e1lez<\/strong>,\u00a0<strong>Sandra Yadira Ram\u00edrez L\u00f3pez<\/strong>,\u00a0<strong>Romina Florisel Silva D\u00edaz<\/strong>\u00a0y\u00a0<strong>Heidi Marisol Flores Rodr\u00edguez<\/strong>; adem\u00e1s algunas piezas contar\u00e1n con la interpretaci\u00f3n de las solistas\u00a0<strong>Stefany Rodr\u00edguez Ru\u00edz<\/strong>\u00a0en la trompeta,\u00a0<strong>Miryam A. Villafuerte Dom\u00ednguez<\/strong>\u00a0en la percusi\u00f3n y\u00a0<strong>Romina Florisel Silva D\u00edaz<\/strong>\u00a0en la flauta.<\/p>\n<p>El concierto se llevar\u00e1 a cabo este jueves 13 de marzo, a las 19:00 horas, en la Exedra. El acceso es entrada libre, por lo que el IMAC invita a todas y todos a ser parte de este evento \u00fanico.<\/p>\n","protected":false},"excerpt":{"rendered":"<p>#informativoelvalledeaguascalientes #informativoelvalledeaguascalientesll #Aguascalientes #novaradioaguascalientes &nbsp; &nbsp; &nbsp; El IMAC invita a la presentaci\u00f3n de \u201cEsta es tu Banda\u201d dirigida por mujeres en el marco del primer Festival Cultural de Mujeres \u201cEmpoderArte\u201d El concierto se llevar\u00e1 a cabo este jueves 13 de marzo, a las 19:00 horas, en la Exedra El Municipio de Aguascalientes, a trav\u00e9s [&hellip;]<\/p>\n","protected":false},"author":1,"featured_media":66705,"comment_status":"closed","ping_status":"open","sticky":false,"template":"","format":"standard","meta":{"advanced_seo_description":"","jetpack_seo_html_title":"","jetpack_seo_noindex":false,"_jetpack_memberships_contains_paid_content":false,"footnotes":"","jetpack_publicize_message":"","jetpack_publicize_feature_enabled":true,"jetpack_social_post_already_shared":true,"jetpack_social_options":{"image_generator_settings":{"template":"highway","default_image_id":0,"font":"","enabled":false},"version":2}},"categories":[21,3],"tags":[22,25,118],"class_list":["post-66704","post","type-post","status-publish","format-standard","has-post-thumbnail","hentry","category-aguascalientes","category-municipio-aguascalientes","tag-aguascalientes","tag-mpio-aguascalientes","tag-mpio-aguascalientes-imac"],"jetpack_publicize_connections":[],"jetpack_featured_media_url":"https:\/\/i0.wp.com\/informativoelvalledeaguascalientes.online\/wp-content\/uploads\/2025\/03\/IMG-20250312-WA0060.jpg?fit=1600%2C1597&ssl=1","jetpack-related-posts":[],"jetpack_sharing_enabled":true,"jetpack_likes_enabled":true,"_links":{"self":[{"href":"https:\/\/informativoelvalledeaguascalientes.online\/index.php?rest_route=\/wp\/v2\/posts\/66704","targetHints":{"allow":["GET"]}}],"collection":[{"href":"https:\/\/informativoelvalledeaguascalientes.online\/index.php?rest_route=\/wp\/v2\/posts"}],"about":[{"href":"https:\/\/informativoelvalledeaguascalientes.online\/index.php?rest_route=\/wp\/v2\/types\/post"}],"author":[{"embeddable":true,"href":"https:\/\/informativoelvalledeaguascalientes.online\/index.php?rest_route=\/wp\/v2\/users\/1"}],"replies":[{"embeddable":true,"href":"https:\/\/informativoelvalledeaguascalientes.online\/index.php?rest_route=%2Fwp%2Fv2%2Fcomments&post=66704"}],"version-history":[{"count":1,"href":"https:\/\/informativoelvalledeaguascalientes.online\/index.php?rest_route=\/wp\/v2\/posts\/66704\/revisions"}],"predecessor-version":[{"id":66706,"href":"https:\/\/informativoelvalledeaguascalientes.online\/index.php?rest_route=\/wp\/v2\/posts\/66704\/revisions\/66706"}],"wp:featuredmedia":[{"embeddable":true,"href":"https:\/\/informativoelvalledeaguascalientes.online\/index.php?rest_route=\/wp\/v2\/media\/66705"}],"wp:attachment":[{"href":"https:\/\/informativoelvalledeaguascalientes.online\/index.php?rest_route=%2Fwp%2Fv2%2Fmedia&parent=66704"}],"wp:term":[{"taxonomy":"category","embeddable":true,"href":"https:\/\/informativoelvalledeaguascalientes.online\/index.php?rest_route=%2Fwp%2Fv2%2Fcategories&post=66704"},{"taxonomy":"post_tag","embeddable":true,"href":"https:\/\/informativoelvalledeaguascalientes.online\/index.php?rest_route=%2Fwp%2Fv2%2Ftags&post=66704"}],"curies":[{"name":"wp","href":"https:\/\/api.w.org\/{rel}","templated":true}]}}