{"id":66665,"date":"2025-03-11T18:05:31","date_gmt":"2025-03-12T00:05:31","guid":{"rendered":"https:\/\/informativoelvalledeaguascalientes.online\/?p=66665"},"modified":"2025-03-11T18:05:31","modified_gmt":"2025-03-12T00:05:31","slug":"seguridad-publica-tarea-de-todos","status":"publish","type":"post","link":"https:\/\/informativoelvalledeaguascalientes.online\/?p=66665","title":{"rendered":"SEGURIDAD P\u00daBLICA, TAREA DE TODOS"},"content":{"rendered":"<p>#informativoelvalledeaguascalientes #novaradioaguascalientes #informativoelvalledeaguascalientesll<\/p>\n<p>El secretario de Seguridad P\u00fablica del Estado, Antonio Mart\u00ednez Romo, sostuvo una reuni\u00f3n con la presidente de la Mesa Ciudadana de Seguridad y Justicia en la entidad, Karla Martorell Moya.<br \/>\nEl titular de la dependencia estatal, reafirm\u00f3 el compromiso de la Polic\u00eda Estatal y de todas sus \u00e1reas operativas, para seguir trabajando de la mano con la ciudadan\u00eda, generando estrategias encaminadas en siempre servir y proteger a la sociedad aguascalentense, construyendo en conjunto, un Estado Seguro.<\/p>\n","protected":false},"excerpt":{"rendered":"<p>#informativoelvalledeaguascalientes #novaradioaguascalientes #informativoelvalledeaguascalientesll El secretario de Seguridad P\u00fablica del Estado, Antonio Mart\u00ednez Romo, sostuvo una reuni\u00f3n con la presidente de la Mesa Ciudadana de Seguridad y Justicia en la entidad, Karla Martorell Moya. El titular de la dependencia estatal, reafirm\u00f3 el compromiso de la Polic\u00eda Estatal y de todas sus \u00e1reas operativas, para seguir trabajando [&hellip;]<\/p>\n","protected":false},"author":1,"featured_media":66666,"comment_status":"closed","ping_status":"open","sticky":false,"template":"","format":"standard","meta":{"advanced_seo_description":"","jetpack_seo_html_title":"","jetpack_seo_noindex":false,"_jetpack_memberships_contains_paid_content":false,"footnotes":"","jetpack_publicize_message":"","jetpack_publicize_feature_enabled":true,"jetpack_social_post_already_shared":true,"jetpack_social_options":{"image_generator_settings":{"template":"highway","default_image_id":0,"font":"","enabled":false},"version":2}},"categories":[21,4],"tags":[22,615,122],"class_list":["post-66665","post","type-post","status-publish","format-standard","has-post-thumbnail","hentry","category-aguascalientes","category-gobierno-del-estado-aguascalientes","tag-aguascalientes","tag-gobierno-del-estado-de-aguascalientes","tag-sspe-aguascalientes"],"jetpack_publicize_connections":[],"jetpack_featured_media_url":"https:\/\/i0.wp.com\/informativoelvalledeaguascalientes.online\/wp-content\/uploads\/2025\/03\/ad40d50a-2768-4e31-9c4c-a7b00aed6eb2.jpeg?fit=1280%2C814&ssl=1","jetpack-related-posts":[],"jetpack_sharing_enabled":true,"jetpack_likes_enabled":true,"_links":{"self":[{"href":"https:\/\/informativoelvalledeaguascalientes.online\/index.php?rest_route=\/wp\/v2\/posts\/66665","targetHints":{"allow":["GET"]}}],"collection":[{"href":"https:\/\/informativoelvalledeaguascalientes.online\/index.php?rest_route=\/wp\/v2\/posts"}],"about":[{"href":"https:\/\/informativoelvalledeaguascalientes.online\/index.php?rest_route=\/wp\/v2\/types\/post"}],"author":[{"embeddable":true,"href":"https:\/\/informativoelvalledeaguascalientes.online\/index.php?rest_route=\/wp\/v2\/users\/1"}],"replies":[{"embeddable":true,"href":"https:\/\/informativoelvalledeaguascalientes.online\/index.php?rest_route=%2Fwp%2Fv2%2Fcomments&post=66665"}],"version-history":[{"count":1,"href":"https:\/\/informativoelvalledeaguascalientes.online\/index.php?rest_route=\/wp\/v2\/posts\/66665\/revisions"}],"predecessor-version":[{"id":66667,"href":"https:\/\/informativoelvalledeaguascalientes.online\/index.php?rest_route=\/wp\/v2\/posts\/66665\/revisions\/66667"}],"wp:featuredmedia":[{"embeddable":true,"href":"https:\/\/informativoelvalledeaguascalientes.online\/index.php?rest_route=\/wp\/v2\/media\/66666"}],"wp:attachment":[{"href":"https:\/\/informativoelvalledeaguascalientes.online\/index.php?rest_route=%2Fwp%2Fv2%2Fmedia&parent=66665"}],"wp:term":[{"taxonomy":"category","embeddable":true,"href":"https:\/\/informativoelvalledeaguascalientes.online\/index.php?rest_route=%2Fwp%2Fv2%2Fcategories&post=66665"},{"taxonomy":"post_tag","embeddable":true,"href":"https:\/\/informativoelvalledeaguascalientes.online\/index.php?rest_route=%2Fwp%2Fv2%2Ftags&post=66665"}],"curies":[{"name":"wp","href":"https:\/\/api.w.org\/{rel}","templated":true}]}}