{"id":66662,"date":"2025-03-11T18:02:05","date_gmt":"2025-03-12T00:02:05","guid":{"rendered":"https:\/\/informativoelvalledeaguascalientes.online\/?p=66662"},"modified":"2025-03-11T18:02:05","modified_gmt":"2025-03-12T00:02:05","slug":"conmemoraran-el-dia-mundial-del-agua-con-la-segunda-edicion-del-miaa-fest","status":"publish","type":"post","link":"https:\/\/informativoelvalledeaguascalientes.online\/?p=66662","title":{"rendered":"CONMEMORAR\u00c1N EL D\u00cdA MUNDIAL DEL AGUA CON LA SEGUNDA EDICI\u00d3N DEL MIAA FEST"},"content":{"rendered":"<p>#informativoelvalledeaguascalientes #novaradioaguascalientes #informativoelvalledeaguascalientesll<\/p>\n<ul>\n<li><strong>Del 18 al 22 de marzo, se llevar\u00e1n a cabo actividades art\u00edsticas, culturales y ambientales en La Universidad de las Artes, el parque El Cedazo y la presa de Los Gringos<\/strong><\/li>\n<\/ul>\n<div>En conmemoraci\u00f3n del D\u00eda Mundial del Agua, el Modelo Integral de Aguas de Aguascalientes (MIAA) realizar\u00e1\u00a0 la segunda edici\u00f3n del \u201cMiaa Fest\u201d, celebraci\u00f3n que tiene como objetivo sensibilizar a la ciudadan\u00eda, alumnos y alumnas sobre la importancia de ese valioso recurso natural, su cuidado y conservaci\u00f3n mediante actividades l\u00fadicas, educativas, art\u00edsticas y recreativas, fomentando la cultura del agua en Aguascalientes.<\/div>\n<div><\/div>\n<div><\/div>\n<div><strong>Jes\u00fas Vall\u00edn<\/strong>, director general de MIAA,\u00a0 subray\u00f3 que las actividades se\u00a0 desarrollar\u00e1n del 18 al 22 de marzo\u00a0 y se le dar\u00e1 un enfoque art\u00edstico, cultural y ambiental, en donde mediante talleres recreativos y did\u00e1cticos se incrementar\u00e1n en este sector los conocimientos acerca del agua, la importancia para el desarrollo comunitario y las acciones concretas que\u00a0 cada persona, desde\u00a0 donde le corresponde,\u00a0 debe llevar a cabo para su correcto uso.<\/div>\n<div><\/div>\n<div><\/div>\n<div>Se\u00f1al\u00f3 que los d\u00edas 18,\u00a0 19 y 20 se tendr\u00e1 como sede\u00a0 La Universidad de las Artes, en FICOTRECE, con proyecciones y din\u00e1micas que promuevan la cultura del agua a partir de las\u00a0 8:00 a.m. ; el 21 de marzo se efectuar\u00e1 un rally en el parque El Cedazo a las 8:00 a.m., y se concluir\u00e1 el d\u00eda 22 en una jornada de limpieza denominada MIAAcci\u00f3n Ambiental en la presa de Los Gringos en el mismo horario, con el fin rehabilitar y rehabilitar el centro educativo ambiental.<\/div>\n<div><\/div>\n<div><\/div>\n<div><\/div>\n<div>Para finalizar reiter\u00f3 la invitaci\u00f3n a ser parte de la cultura del cuidado del agua y fortalecer la responsabilidad ambiental.<\/div>\n","protected":false},"excerpt":{"rendered":"<p>#informativoelvalledeaguascalientes #novaradioaguascalientes #informativoelvalledeaguascalientesll Del 18 al 22 de marzo, se llevar\u00e1n a cabo actividades art\u00edsticas, culturales y ambientales en La Universidad de las Artes, el parque El Cedazo y la presa de Los Gringos En conmemoraci\u00f3n del D\u00eda Mundial del Agua, el Modelo Integral de Aguas de Aguascalientes (MIAA) realizar\u00e1\u00a0 la segunda edici\u00f3n del \u201cMiaa [&hellip;]<\/p>\n","protected":false},"author":1,"featured_media":66663,"comment_status":"closed","ping_status":"open","sticky":false,"template":"","format":"standard","meta":{"advanced_seo_description":"","jetpack_seo_html_title":"","jetpack_seo_noindex":false,"_jetpack_memberships_contains_paid_content":false,"footnotes":"","jetpack_publicize_message":"","jetpack_publicize_feature_enabled":true,"jetpack_social_post_already_shared":true,"jetpack_social_options":{"image_generator_settings":{"template":"highway","default_image_id":0,"font":"","enabled":false},"version":2}},"categories":[21,3],"tags":[22,686,25],"class_list":["post-66662","post","type-post","status-publish","format-standard","has-post-thumbnail","hentry","category-aguascalientes","category-municipio-aguascalientes","tag-aguascalientes","tag-miia","tag-mpio-aguascalientes"],"jetpack_publicize_connections":[],"jetpack_featured_media_url":"https:\/\/i0.wp.com\/informativoelvalledeaguascalientes.online\/wp-content\/uploads\/2025\/03\/Imagen-de-WhatsApp-2025-03-10-a-las-14.05.31_3b8f8895.jpg?fit=1130%2C1280&ssl=1","jetpack-related-posts":[],"jetpack_sharing_enabled":true,"jetpack_likes_enabled":true,"_links":{"self":[{"href":"https:\/\/informativoelvalledeaguascalientes.online\/index.php?rest_route=\/wp\/v2\/posts\/66662","targetHints":{"allow":["GET"]}}],"collection":[{"href":"https:\/\/informativoelvalledeaguascalientes.online\/index.php?rest_route=\/wp\/v2\/posts"}],"about":[{"href":"https:\/\/informativoelvalledeaguascalientes.online\/index.php?rest_route=\/wp\/v2\/types\/post"}],"author":[{"embeddable":true,"href":"https:\/\/informativoelvalledeaguascalientes.online\/index.php?rest_route=\/wp\/v2\/users\/1"}],"replies":[{"embeddable":true,"href":"https:\/\/informativoelvalledeaguascalientes.online\/index.php?rest_route=%2Fwp%2Fv2%2Fcomments&post=66662"}],"version-history":[{"count":1,"href":"https:\/\/informativoelvalledeaguascalientes.online\/index.php?rest_route=\/wp\/v2\/posts\/66662\/revisions"}],"predecessor-version":[{"id":66664,"href":"https:\/\/informativoelvalledeaguascalientes.online\/index.php?rest_route=\/wp\/v2\/posts\/66662\/revisions\/66664"}],"wp:featuredmedia":[{"embeddable":true,"href":"https:\/\/informativoelvalledeaguascalientes.online\/index.php?rest_route=\/wp\/v2\/media\/66663"}],"wp:attachment":[{"href":"https:\/\/informativoelvalledeaguascalientes.online\/index.php?rest_route=%2Fwp%2Fv2%2Fmedia&parent=66662"}],"wp:term":[{"taxonomy":"category","embeddable":true,"href":"https:\/\/informativoelvalledeaguascalientes.online\/index.php?rest_route=%2Fwp%2Fv2%2Fcategories&post=66662"},{"taxonomy":"post_tag","embeddable":true,"href":"https:\/\/informativoelvalledeaguascalientes.online\/index.php?rest_route=%2Fwp%2Fv2%2Ftags&post=66662"}],"curies":[{"name":"wp","href":"https:\/\/api.w.org\/{rel}","templated":true}]}}