{"id":66645,"date":"2025-03-10T22:46:36","date_gmt":"2025-03-11T04:46:36","guid":{"rendered":"https:\/\/informativoelvalledeaguascalientes.online\/?p=66645"},"modified":"2025-03-10T22:46:36","modified_gmt":"2025-03-11T04:46:36","slug":"el-gobierno-federal-debe-responder-con-estrategia-economica-ante-amenaza-de-aranceles-tono-martin-del-campo","status":"publish","type":"post","link":"https:\/\/informativoelvalledeaguascalientes.online\/?p=66645","title":{"rendered":"EL GOBIERNO FEDERAL DEBE RESPONDER CON ESTRATEGIA ECON\u00d3MICA ANTE AMENAZA DE ARANCELES: TO\u00d1O MART\u00cdN DEL CAMPO"},"content":{"rendered":"<p>#informativoelvalledeaguascalientes #novaradioaguascalientes #informativoelvalledeaguascalientesll<\/p>\n<ul>\n<li><strong>Legisladores federales advierten impacto en econom\u00eda de Aguascalientes<\/strong><\/li>\n<li><strong>Proponen medidas para proteger a las familias y sectores productivos<\/strong><\/li>\n<\/ul>\n<p>&nbsp;<\/p>\n<p>Durante una conferencia de prensa, el Senador To\u00f1o Mart\u00edn del Campo y el Diputado Federal Paulo Mart\u00ednez L\u00f3pez, manifestaron su rechazo absoluto a la imposici\u00f3n de aranceles anunciada por el Gobierno de Estados Unidos, se\u00f1alando que esta medida es ilegal, unilateral y arbitraria.<\/p>\n<p>El senador de Aguascalientes argument\u00f3 que esta acci\u00f3n viola el Tratado entre M\u00e9xico, Estados Unidos y Canad\u00e1 (T-MEC), genera inestabilidad econ\u00f3mica y responde a un intento de presi\u00f3n pol\u00edtica por parte del presidente Donald Trump en el contexto del combate al mercado ilegal de fentanilo.<\/p>\n<p>Alert\u00f3 que Aguascalientes ser\u00eda uno de los estados m\u00e1s afectados debido a que el 80% de sus exportaciones tienen como destino el vecino pa\u00eds del norte, destacando el impacto directo en la industria automotriz y la manufactura de autopartes.<\/p>\n<p>To\u00f1o Mart\u00edn del Campo expres\u00f3 que, si bien coincide con la presidenta de la Rep\u00fablica en que debe prevalecer el di\u00e1logo y la negociaci\u00f3n con Estados Unidos, tambi\u00e9n enfatiz\u00f3 que los problemas estructurales de seguridad y econom\u00eda no se resolver\u00e1n con mitines en el Z\u00f3calo, sino con medidas concretas para proteger la econom\u00eda de las familias y fortalecer la seguridad en el pa\u00eds.<\/p>\n<p>Por su parte el Diputado Federal Paulo Mart\u00ednez L\u00f3pez destac\u00f3 que Acci\u00f3n Nacional ha propuesto disminuir el IEPS en los combustibles propuesta que no ha sido escuchada y si bien se logr\u00f3 un acuerdo en topar el precio de la gasolina Magna, en unos meses eso ser\u00e1 insuficiente, puesto que el Diesel y la Premium contin\u00faan subiendo.<\/p>\n<p>Ante esta situaci\u00f3n, el Senador present\u00f3 una serie de propuestas para mitigar el impacto de los aranceles y fortalecer la econom\u00eda nacional tales como ofrecer est\u00edmulos fiscales a las empresas que generan empleo; ampliar las deducciones de ISR a los gastos de importaci\u00f3n; eliminar el Impuesto sobre Autos Nuevos (ISAN) para incentivar el mercado interno; cancelar los subsidios a paraestatales sin rentabilidad, como Mexicana, Gas Bienestar y el Tren Maya; suspender las compras del Gobierno Federal a productos de Estados Unidos.<\/p>\n<p>Adem\u00e1s coment\u00f3 que el PAN propone implementar pol\u00edticas de control de la inflaci\u00f3n; crear un seguro de desempleo y programas de empleo temporal para los sectores afectados; aplicar aranceles estrat\u00e9gicos a productos que no sean esenciales para la industria manufacturera; establecer una nueva estrategia diplom\u00e1tica con Estados Unidos, adem\u00e1s de, presentar demandas comerciales ante la Organizaci\u00f3n Mundial del Comercio (OMC) por violaciones al T-MEC.<\/p>\n<p>Finalmente, el Senador To\u00f1o Mart\u00edn del Campo reiter\u00f3 su compromiso de seguir trabajando en defensa de la econom\u00eda mexicana y en la b\u00fasqueda de soluciones que permitan mitigar los efectos negativos de esta medida impuesta por el Gobierno de Estados Unidos.<\/p>\n","protected":false},"excerpt":{"rendered":"<p>#informativoelvalledeaguascalientes #novaradioaguascalientes #informativoelvalledeaguascalientesll Legisladores federales advierten impacto en econom\u00eda de Aguascalientes Proponen medidas para proteger a las familias y sectores productivos &nbsp; Durante una conferencia de prensa, el Senador To\u00f1o Mart\u00edn del Campo y el Diputado Federal Paulo Mart\u00ednez L\u00f3pez, manifestaron su rechazo absoluto a la imposici\u00f3n de aranceles anunciada por el Gobierno de Estados [&hellip;]<\/p>\n","protected":false},"author":1,"featured_media":66646,"comment_status":"closed","ping_status":"open","sticky":false,"template":"","format":"standard","meta":{"advanced_seo_description":"","jetpack_seo_html_title":"","jetpack_seo_noindex":false,"_jetpack_memberships_contains_paid_content":false,"footnotes":"","jetpack_publicize_message":"","jetpack_publicize_feature_enabled":true,"jetpack_social_post_already_shared":true,"jetpack_social_options":{"image_generator_settings":{"template":"highway","default_image_id":0,"font":"","enabled":false},"version":2}},"categories":[21,7],"tags":[22,665,49],"class_list":["post-66645","post","type-post","status-publish","format-standard","has-post-thumbnail","hentry","category-aguascalientes","category-pan-aguascalientes","tag-aguascalientes","tag-pan","tag-tono-martin-del-campo"],"jetpack_publicize_connections":[],"jetpack_featured_media_url":"https:\/\/i0.wp.com\/informativoelvalledeaguascalientes.online\/wp-content\/uploads\/2025\/03\/WhatsApp-Image-2025-03-10-at-7.33.24-PM.jpeg?fit=1280%2C853&ssl=1","jetpack-related-posts":[],"jetpack_sharing_enabled":true,"jetpack_likes_enabled":true,"_links":{"self":[{"href":"https:\/\/informativoelvalledeaguascalientes.online\/index.php?rest_route=\/wp\/v2\/posts\/66645","targetHints":{"allow":["GET"]}}],"collection":[{"href":"https:\/\/informativoelvalledeaguascalientes.online\/index.php?rest_route=\/wp\/v2\/posts"}],"about":[{"href":"https:\/\/informativoelvalledeaguascalientes.online\/index.php?rest_route=\/wp\/v2\/types\/post"}],"author":[{"embeddable":true,"href":"https:\/\/informativoelvalledeaguascalientes.online\/index.php?rest_route=\/wp\/v2\/users\/1"}],"replies":[{"embeddable":true,"href":"https:\/\/informativoelvalledeaguascalientes.online\/index.php?rest_route=%2Fwp%2Fv2%2Fcomments&post=66645"}],"version-history":[{"count":1,"href":"https:\/\/informativoelvalledeaguascalientes.online\/index.php?rest_route=\/wp\/v2\/posts\/66645\/revisions"}],"predecessor-version":[{"id":66648,"href":"https:\/\/informativoelvalledeaguascalientes.online\/index.php?rest_route=\/wp\/v2\/posts\/66645\/revisions\/66648"}],"wp:featuredmedia":[{"embeddable":true,"href":"https:\/\/informativoelvalledeaguascalientes.online\/index.php?rest_route=\/wp\/v2\/media\/66646"}],"wp:attachment":[{"href":"https:\/\/informativoelvalledeaguascalientes.online\/index.php?rest_route=%2Fwp%2Fv2%2Fmedia&parent=66645"}],"wp:term":[{"taxonomy":"category","embeddable":true,"href":"https:\/\/informativoelvalledeaguascalientes.online\/index.php?rest_route=%2Fwp%2Fv2%2Fcategories&post=66645"},{"taxonomy":"post_tag","embeddable":true,"href":"https:\/\/informativoelvalledeaguascalientes.online\/index.php?rest_route=%2Fwp%2Fv2%2Ftags&post=66645"}],"curies":[{"name":"wp","href":"https:\/\/api.w.org\/{rel}","templated":true}]}}