{"id":66601,"date":"2025-03-10T21:47:47","date_gmt":"2025-03-11T03:47:47","guid":{"rendered":"https:\/\/informativoelvalledeaguascalientes.online\/?p=66601"},"modified":"2025-03-10T21:47:47","modified_gmt":"2025-03-11T03:47:47","slug":"gracias-al-compromiso-de-tere-jimenez-empresas-alemanas-abriran-vacantes-para-adultos-mayores","status":"publish","type":"post","link":"https:\/\/informativoelvalledeaguascalientes.online\/?p=66601","title":{"rendered":"GRACIAS AL COMPROMISO DE TERE JIM\u00c9NEZ, EMPRESAS ALEMANAS ABRIR\u00c1N VACANTES PARA ADULTOS MAYORES"},"content":{"rendered":"<p dir=\"auto\">#informativoelvalledeaguascalientes #novaradioaguascalientes #informativoelvalledeaguascalientesll<\/p>\n<p id=\"viewer-foo\" class=\"o0STb GF80u joYDm HjRUP\" dir=\"auto\"><span class=\"B-fpk\">En respuesta al compromiso de la gobernadora Tere Jim\u00e9nez, de mejorar la calidad de vida de las y los adultos mayores del estado, empresas alemanas establecidas en Aguascalientes abrir\u00e1n nuevas vacantes para este sector de la poblaci\u00f3n, a fin de que cuenten con un empleo bien remunerado que les ayude a tener autonom\u00eda econ\u00f3mica.\u00a0<\/span><\/p>\n<div id=\"viewer-3s05m145\" class=\"o0STb GF80u joYDm HjRUP\" dir=\"auto\"><span class=\"B-fpk\">\u00a0<\/span><\/div>\n<p id=\"viewer-9rbzn137\" class=\"o0STb GF80u _6Vwzd HjRUP\" dir=\"auto\"><span class=\"B-fpk _6Vwzd\">Mar\u00eda de Jes\u00fas Ram\u00edrez Castro, titular del Instituto Aguascalentense de las Personas Adultas Mayores (IAPAM), sostuvo una reuni\u00f3n con la c\u00f3nsul de Alemania en M\u00e9xico, Ursula Koos, donde se acord\u00f3 la apertura de espacios laborales para este sector de la poblaci\u00f3n.<\/span><\/p>\n<div id=\"viewer-6gf9a152\" class=\"o0STb GF80u _6Vwzd HjRUP\" dir=\"auto\"><span class=\"B-fpk _6Vwzd\">\u00a0<\/span><\/div>\n<p id=\"viewer-car6q139\" class=\"o0STb GF80u _6Vwzd HjRUP\" dir=\"auto\"><span class=\"B-fpk _6Vwzd\">Ram\u00edrez Castro destac\u00f3 la importancia de crear espacios laborales dignos para los adultos mayores, as\u00ed como de reconocer su vasta experiencia y capacidad para contribuir activamente al desarrollo econ\u00f3mico del estado.<\/span><\/p>\n<div id=\"viewer-ct6fb160\" class=\"o0STb GF80u _6Vwzd HjRUP\" dir=\"auto\"><span class=\"B-fpk _6Vwzd\">\u00a0<\/span><\/div>\n<p id=\"viewer-vcs3z142\" class=\"o0STb GF80u _6Vwzd HjRUP\" dir=\"auto\"><span class=\"B-fpk _6Vwzd\">\u201cSeguiremos buscando m\u00e1s oportunidades como estas para nuestros adultos mayores, pues ellos tienen muchas ganas de seguir trabajando y ser productivos; adem\u00e1s, tienen toda la experiencia y son muy buenos en lo que hacen\u201d, finaliz\u00f3 Ram\u00edrez Castro.<\/span><\/p>\n","protected":false},"excerpt":{"rendered":"<p>#informativoelvalledeaguascalientes #novaradioaguascalientes #informativoelvalledeaguascalientesll En respuesta al compromiso de la gobernadora Tere Jim\u00e9nez, de mejorar la calidad de vida de las y los adultos mayores del estado, empresas alemanas establecidas en Aguascalientes abrir\u00e1n nuevas vacantes para este sector de la poblaci\u00f3n, a fin de que cuenten con un empleo bien remunerado que les ayude a tener [&hellip;]<\/p>\n","protected":false},"author":1,"featured_media":66602,"comment_status":"closed","ping_status":"open","sticky":false,"template":"","format":"standard","meta":{"advanced_seo_description":"","jetpack_seo_html_title":"","jetpack_seo_noindex":false,"_jetpack_memberships_contains_paid_content":false,"footnotes":"","jetpack_publicize_message":"","jetpack_publicize_feature_enabled":true,"jetpack_social_post_already_shared":true,"jetpack_social_options":{"image_generator_settings":{"template":"highway","default_image_id":0,"font":"","enabled":false},"version":2}},"categories":[21,4],"tags":[22,615],"class_list":["post-66601","post","type-post","status-publish","format-standard","has-post-thumbnail","hentry","category-aguascalientes","category-gobierno-del-estado-aguascalientes","tag-aguascalientes","tag-gobierno-del-estado-de-aguascalientes"],"jetpack_publicize_connections":[],"jetpack_featured_media_url":"https:\/\/i0.wp.com\/informativoelvalledeaguascalientes.online\/wp-content\/uploads\/2025\/03\/39-scaled.jpeg?fit=2560%2C2230&ssl=1","jetpack-related-posts":[],"jetpack_sharing_enabled":true,"jetpack_likes_enabled":true,"_links":{"self":[{"href":"https:\/\/informativoelvalledeaguascalientes.online\/index.php?rest_route=\/wp\/v2\/posts\/66601","targetHints":{"allow":["GET"]}}],"collection":[{"href":"https:\/\/informativoelvalledeaguascalientes.online\/index.php?rest_route=\/wp\/v2\/posts"}],"about":[{"href":"https:\/\/informativoelvalledeaguascalientes.online\/index.php?rest_route=\/wp\/v2\/types\/post"}],"author":[{"embeddable":true,"href":"https:\/\/informativoelvalledeaguascalientes.online\/index.php?rest_route=\/wp\/v2\/users\/1"}],"replies":[{"embeddable":true,"href":"https:\/\/informativoelvalledeaguascalientes.online\/index.php?rest_route=%2Fwp%2Fv2%2Fcomments&post=66601"}],"version-history":[{"count":1,"href":"https:\/\/informativoelvalledeaguascalientes.online\/index.php?rest_route=\/wp\/v2\/posts\/66601\/revisions"}],"predecessor-version":[{"id":66603,"href":"https:\/\/informativoelvalledeaguascalientes.online\/index.php?rest_route=\/wp\/v2\/posts\/66601\/revisions\/66603"}],"wp:featuredmedia":[{"embeddable":true,"href":"https:\/\/informativoelvalledeaguascalientes.online\/index.php?rest_route=\/wp\/v2\/media\/66602"}],"wp:attachment":[{"href":"https:\/\/informativoelvalledeaguascalientes.online\/index.php?rest_route=%2Fwp%2Fv2%2Fmedia&parent=66601"}],"wp:term":[{"taxonomy":"category","embeddable":true,"href":"https:\/\/informativoelvalledeaguascalientes.online\/index.php?rest_route=%2Fwp%2Fv2%2Fcategories&post=66601"},{"taxonomy":"post_tag","embeddable":true,"href":"https:\/\/informativoelvalledeaguascalientes.online\/index.php?rest_route=%2Fwp%2Fv2%2Ftags&post=66601"}],"curies":[{"name":"wp","href":"https:\/\/api.w.org\/{rel}","templated":true}]}}