{"id":66598,"date":"2025-03-10T21:43:06","date_gmt":"2025-03-11T03:43:06","guid":{"rendered":"https:\/\/informativoelvalledeaguascalientes.online\/?p=66598"},"modified":"2025-03-10T21:43:06","modified_gmt":"2025-03-11T03:43:06","slug":"participa-tere-jimenez-en-conferencia-de-miguel-carbonell-sobre-nuevo-modelo-de-justicia-civil-y-familiar","status":"publish","type":"post","link":"https:\/\/informativoelvalledeaguascalientes.online\/?p=66598","title":{"rendered":"PARTICIPA TERE JIM\u00c9NEZ EN CONFERENCIA DE MIGUEL CARBONELL SOBRE NUEVO MODELO DE JUSTICIA CIVIL Y FAMILIAR"},"content":{"rendered":"<div id=\"bgLayers_comp-l7sh9ubr2\" class=\"MW5IWV\" data-hook=\"bgLayers\" data-motion-part=\"BG_LAYER comp-l7sh9ubr2\">\n<div id=\"bgMedia_comp-l7sh9ubr2\" class=\"VgO9Yg\" data-motion-part=\"BG_MEDIA comp-l7sh9ubr2\">#informativoelvalledeaguascalientes #novaradioaguascalientes #informativoelvalledeaguascalientesll<\/div>\n<\/div>\n<div class=\"\" data-mesh-id=\"comp-l7sh9ubr2inlineContent\" data-testid=\"inline-content\">\n<div data-mesh-id=\"comp-l7sh9ubr2inlineContent-gridContainer\" data-testid=\"mesh-container-content\">\n<div id=\"comp-l7sh9ubx\" class=\"TWFxr5 \">\n<div class=\"comp-l7sh9ubx\">\n<div class=\"sGWYken comp-l7sh9ubx\" data-hook=\"ricosviewer-wrapper\">\n<div class=\"nIlW2\" dir=\"ltr\" data-id=\"content-viewer\">\n<div class=\"C0hbR\">\n<div class=\"av0i6\">\n<p id=\"viewer-foo\" class=\"o0STb GF80u _6Vwzd HjRUP\" dir=\"auto\"><span class=\"B-fpk _6Vwzd\">La gobernadora de Aguascalientes, Tere Jim\u00e9nez, particip\u00f3 en la conferencia \u201cLa Familia en el Nuevo Modelo de Justicia Civil y Familiar\u201d, impartida por Miguel Carbonell, donde destac\u00f3 la importancia de capacitarse en el tema para tener una justicia pronta y expedita que contribuya a mantener la paz y la tranquilidad en el estado.<\/span><\/p>\n<div id=\"viewer-l94ob369\" class=\"o0STb GF80u joYDm HjRUP\" dir=\"auto\"><span class=\"B-fpk\">\u00a0<\/span><\/div>\n<p id=\"viewer-wassj370\" class=\"o0STb GF80u _6Vwzd HjRUP\" dir=\"auto\"><span class=\"B-fpk _6Vwzd\">\u201cEl Poder Judicial tiene que determinar de la mejor manera y de la forma m\u00e1s r\u00e1pida todos los procedimientos, porque si no lo hace, esto repercute en la paz y la tranquilidad del estado; si no agiliza un juicio familiar, despu\u00e9s avanza a temas penales\u201d, sostuvo la gobernadora.<\/span><\/p>\n<div id=\"viewer-o9z7v372\" class=\"o0STb GF80u joYDm HjRUP\" dir=\"auto\"><span class=\"B-fpk\">\u00a0<\/span><\/div>\n<p id=\"viewer-1m689373\" class=\"o0STb GF80u _6Vwzd HjRUP\" dir=\"auto\"><span class=\"B-fpk _6Vwzd\">Miguel Carbonell agradeci\u00f3 la invitaci\u00f3n del Gobierno del Estado para impartir dicha conferencia; \u201cgracias por permitirme estar aqu\u00ed nuevamente en Aguascalientes para hablar de este asunto tan relevante: la familia, y c\u00f3mo desde el orden jur\u00eddico, poder proteger de mejor manera esa semilla, de lo que debe ser la sociedad mexicana; el M\u00e9xico del futuro se construye hoy desde las familias, y para eso estamos aqu\u00ed\u201d, subray\u00f3.<\/span><\/p>\n<div id=\"viewer-zey3g375\" class=\"o0STb GF80u joYDm HjRUP\" dir=\"auto\"><span class=\"B-fpk\">\u00a0<\/span><\/div>\n<p id=\"viewer-qfz7o376\" class=\"o0STb GF80u _6Vwzd HjRUP\" dir=\"auto\"><span class=\"B-fpk _6Vwzd\">Aurora Jim\u00e9nez Esquivel, presidenta del DIF Estatal y primera voluntaria, sostuvo que como toda sociedad, Aguascalientes ha evolucionado en muchos aspectos que conciernen al desarrollo humano y familiar, por lo que es importante contar con las herramientas necesarias para agilizar los tr\u00e1mites y procedimientos, as\u00ed como con personal jur\u00eddico sensible y bien capacitado que atienda estos temas; pero, sobre todo, con una mejor perspectiva de la justicia en el \u00e1mbito familiar.<\/span><\/p>\n<div id=\"viewer-m2d3x378\" class=\"o0STb GF80u joYDm HjRUP\" dir=\"auto\"><span class=\"B-fpk\">\u00a0<\/span><\/div>\n<p id=\"viewer-xvudm379\" class=\"o0STb GF80u _6Vwzd HjRUP\" dir=\"auto\"><span class=\"B-fpk _6Vwzd\">En el evento que se realiz\u00f3 en el Palacio de Gobierno, tambi\u00e9n estuvieron presentes Mabel Haro Peralta, coordinadora general del Centro de Justicia para Mujeres; Eduardo Ismael Aguilar Sierra, consejero jur\u00eddico del Gobierno del Estado; as\u00ed como funcionarios estatales, abogados y p\u00fablico en general.<\/span><\/p>\n<div id=\"viewer-lqvv5381\" class=\"o0STb GF80u joYDm HjRUP\" dir=\"auto\"><span class=\"B-fpk\">\u00a0<\/span><\/div>\n<div id=\"viewer-x8dn0382\" class=\"o0STb GF80u joYDm HjRUP\" dir=\"auto\"><\/div>\n<\/div>\n<\/div>\n<\/div>\n<\/div>\n<\/div>\n<\/div>\n<\/div>\n<\/div>\n","protected":false},"excerpt":{"rendered":"<p>#informativoelvalledeaguascalientes #novaradioaguascalientes #informativoelvalledeaguascalientesll La gobernadora de Aguascalientes, Tere Jim\u00e9nez, particip\u00f3 en la conferencia \u201cLa Familia en el Nuevo Modelo de Justicia Civil y Familiar\u201d, impartida por Miguel Carbonell, donde destac\u00f3 la importancia de capacitarse en el tema para tener una justicia pronta y expedita que contribuya a mantener la paz y la tranquilidad en el [&hellip;]<\/p>\n","protected":false},"author":1,"featured_media":66599,"comment_status":"closed","ping_status":"open","sticky":false,"template":"","format":"standard","meta":{"advanced_seo_description":"","jetpack_seo_html_title":"","jetpack_seo_noindex":false,"_jetpack_memberships_contains_paid_content":false,"footnotes":"","jetpack_publicize_message":"","jetpack_publicize_feature_enabled":true,"jetpack_social_post_already_shared":true,"jetpack_social_options":{"image_generator_settings":{"template":"highway","default_image_id":0,"font":"","enabled":false},"version":2}},"categories":[21,4],"tags":[22,65,615,320],"class_list":["post-66598","post","type-post","status-publish","format-standard","has-post-thumbnail","hentry","category-aguascalientes","category-gobierno-del-estado-aguascalientes","tag-aguascalientes","tag-dif-estatal-aguascalientes","tag-gobierno-del-estado-de-aguascalientes","tag-tere-jimenez"],"jetpack_publicize_connections":[],"jetpack_featured_media_url":"https:\/\/i0.wp.com\/informativoelvalledeaguascalientes.online\/wp-content\/uploads\/2025\/03\/38.jpeg?fit=1599%2C1066&ssl=1","jetpack-related-posts":[],"jetpack_sharing_enabled":true,"jetpack_likes_enabled":true,"_links":{"self":[{"href":"https:\/\/informativoelvalledeaguascalientes.online\/index.php?rest_route=\/wp\/v2\/posts\/66598","targetHints":{"allow":["GET"]}}],"collection":[{"href":"https:\/\/informativoelvalledeaguascalientes.online\/index.php?rest_route=\/wp\/v2\/posts"}],"about":[{"href":"https:\/\/informativoelvalledeaguascalientes.online\/index.php?rest_route=\/wp\/v2\/types\/post"}],"author":[{"embeddable":true,"href":"https:\/\/informativoelvalledeaguascalientes.online\/index.php?rest_route=\/wp\/v2\/users\/1"}],"replies":[{"embeddable":true,"href":"https:\/\/informativoelvalledeaguascalientes.online\/index.php?rest_route=%2Fwp%2Fv2%2Fcomments&post=66598"}],"version-history":[{"count":1,"href":"https:\/\/informativoelvalledeaguascalientes.online\/index.php?rest_route=\/wp\/v2\/posts\/66598\/revisions"}],"predecessor-version":[{"id":66600,"href":"https:\/\/informativoelvalledeaguascalientes.online\/index.php?rest_route=\/wp\/v2\/posts\/66598\/revisions\/66600"}],"wp:featuredmedia":[{"embeddable":true,"href":"https:\/\/informativoelvalledeaguascalientes.online\/index.php?rest_route=\/wp\/v2\/media\/66599"}],"wp:attachment":[{"href":"https:\/\/informativoelvalledeaguascalientes.online\/index.php?rest_route=%2Fwp%2Fv2%2Fmedia&parent=66598"}],"wp:term":[{"taxonomy":"category","embeddable":true,"href":"https:\/\/informativoelvalledeaguascalientes.online\/index.php?rest_route=%2Fwp%2Fv2%2Fcategories&post=66598"},{"taxonomy":"post_tag","embeddable":true,"href":"https:\/\/informativoelvalledeaguascalientes.online\/index.php?rest_route=%2Fwp%2Fv2%2Ftags&post=66598"}],"curies":[{"name":"wp","href":"https:\/\/api.w.org\/{rel}","templated":true}]}}