{"id":66584,"date":"2025-03-10T21:21:22","date_gmt":"2025-03-11T03:21:22","guid":{"rendered":"https:\/\/informativoelvalledeaguascalientes.online\/?p=66584"},"modified":"2025-03-10T21:21:22","modified_gmt":"2025-03-11T03:21:22","slug":"aguascalientes-por-arriba-del-promedio-nacional-en-generacion-de-empleo","status":"publish","type":"post","link":"https:\/\/informativoelvalledeaguascalientes.online\/?p=66584","title":{"rendered":"AGUASCALIENTES POR ARRIBA DEL PROMEDIO NACIONAL EN GENERACI\u00d3N DE EMPLEO"},"content":{"rendered":"<p>#informativoelvalledeaguascalientes #novaradioaguascalientes #informativoelvalledeaguascalientesll<\/p>\n<ul class=\"_9iRlZ joYDm\">\n<li class=\"AY0Vp\" dir=\"auto\" aria-level=\"1\">\n<p id=\"viewer-igony152\" class=\"o0STb GF80u _6Vwzd HjRUP\" dir=\"\"><span class=\"B-fpk _6Vwzd\"><strong><em>En febrero, se crearon 2 mil 49 nuevos puestos de trabajo formal<\/em><\/strong><\/span><\/p>\n<\/li>\n<li class=\"AY0Vp\" dir=\"auto\" aria-level=\"1\">\n<p id=\"viewer-oajb9155\" class=\"o0STb GF80u _6Vwzd HjRUP\" dir=\"\"><span class=\"B-fpk _6Vwzd\"><strong><em>El incremento anual de plazas laborales en el estado es mayor al promedio del pa\u00eds<\/em><\/strong><\/span><\/p>\n<\/li>\n<li class=\"AY0Vp\" dir=\"auto\" aria-level=\"1\">\n<p id=\"viewer-sgi56158\" class=\"o0STb GF80u _6Vwzd HjRUP\" dir=\"\"><span class=\"B-fpk _6Vwzd\"><strong><em>Trabajamos para que m\u00e1s aguascalentenses tengan acceso a un trabajo que les ofrezca estabilidad econ\u00f3mica: Tere Jim\u00e9nez<\/em><\/strong><\/span><\/p>\n<\/li>\n<\/ul>\n<div id=\"viewer-01qgg160\" class=\"o0STb GF80u _6Vwzd HjRUP\" dir=\"auto\"><span class=\"B-fpk _6Vwzd\">\u00a0<\/span><\/div>\n<p id=\"viewer-d1xmb161\" class=\"o0STb GF80u _6Vwzd HjRUP\" dir=\"auto\"><span class=\"B-fpk _6Vwzd\">De acuerdo a las \u00faltimas cifras del Instituto Mexicano del Seguro Social (IMSS), en Aguascalientes se crearon 2 mil 49 nuevos puestos laborales durante febrero pasado, con lo que suman 4 mil 571 al cierre del primer bimestre del a\u00f1o, y con los cuales se acumula un total de 364 mil 456 trabajadores asegurados en el estado, equivalente a un crecimiento anual del 1.0 por ciento, mayor al promedio del pa\u00eds.<\/span><\/p>\n<div id=\"viewer-tgj77163\" class=\"o0STb GF80u _6Vwzd HjRUP\" dir=\"auto\"><span class=\"B-fpk _6Vwzd\">\u00a0<\/span><\/div>\n<p id=\"viewer-3kfbg164\" class=\"o0STb GF80u _6Vwzd HjRUP\" dir=\"auto\"><span class=\"B-fpk _6Vwzd\">\u201cContar con un empleo es determinante para que las personas mejoren su calidad de vida; por ello, desde el Gobierno del Estado trabajamos para que m\u00e1s aguascalentenses tengan la posibilidad de tener un trabajo que les ofrezca estabilidad econ\u00f3mica, desarrollo personal y prosperidad para sus familias\u201d, se\u00f1al\u00f3 la gobernadora Tere Jim\u00e9nez tras conocer los datos del IMSS.<\/span><\/p>\n<div id=\"viewer-ihjau166\" class=\"o0STb GF80u _6Vwzd HjRUP\" dir=\"auto\"><span class=\"B-fpk _6Vwzd\">\u00a0<\/span><\/div>\n<p id=\"viewer-22iyj167\" class=\"o0STb GF80u _6Vwzd HjRUP\" dir=\"auto\"><span class=\"B-fpk _6Vwzd\">Por su parte, Esa\u00fa Garza de Vega, secretario de Desarrollo Econ\u00f3mico, Ciencia y Tecnolog\u00eda (Sedecyt), destac\u00f3 el dinamismo de la regi\u00f3n Centro, Baj\u00edo y Occidente, conformada por los estados de Aguascalientes, Guanajuato, Jalisco, Quer\u00e9taro <\/span><\/p>\n","protected":false},"excerpt":{"rendered":"<p>#informativoelvalledeaguascalientes #novaradioaguascalientes #informativoelvalledeaguascalientesll En febrero, se crearon 2 mil 49 nuevos puestos de trabajo formal El incremento anual de plazas laborales en el estado es mayor al promedio del pa\u00eds Trabajamos para que m\u00e1s aguascalentenses tengan acceso a un trabajo que les ofrezca estabilidad econ\u00f3mica: Tere Jim\u00e9nez \u00a0 De acuerdo a las \u00faltimas cifras del [&hellip;]<\/p>\n","protected":false},"author":1,"featured_media":66585,"comment_status":"closed","ping_status":"open","sticky":false,"template":"","format":"standard","meta":{"advanced_seo_description":"","jetpack_seo_html_title":"","jetpack_seo_noindex":false,"_jetpack_memberships_contains_paid_content":false,"footnotes":"","jetpack_publicize_message":"","jetpack_publicize_feature_enabled":true,"jetpack_social_post_already_shared":true,"jetpack_social_options":{"image_generator_settings":{"template":"highway","default_image_id":0,"font":"","enabled":false},"version":2}},"categories":[21,4],"tags":[22,615,610,320],"class_list":["post-66584","post","type-post","status-publish","format-standard","has-post-thumbnail","hentry","category-aguascalientes","category-gobierno-del-estado-aguascalientes","tag-aguascalientes","tag-gobierno-del-estado-de-aguascalientes","tag-sedecyt","tag-tere-jimenez"],"jetpack_publicize_connections":[],"jetpack_featured_media_url":"https:\/\/i0.wp.com\/informativoelvalledeaguascalientes.online\/wp-content\/uploads\/2025\/03\/34.jpeg?fit=1600%2C898&ssl=1","jetpack-related-posts":[],"jetpack_sharing_enabled":true,"jetpack_likes_enabled":true,"_links":{"self":[{"href":"https:\/\/informativoelvalledeaguascalientes.online\/index.php?rest_route=\/wp\/v2\/posts\/66584","targetHints":{"allow":["GET"]}}],"collection":[{"href":"https:\/\/informativoelvalledeaguascalientes.online\/index.php?rest_route=\/wp\/v2\/posts"}],"about":[{"href":"https:\/\/informativoelvalledeaguascalientes.online\/index.php?rest_route=\/wp\/v2\/types\/post"}],"author":[{"embeddable":true,"href":"https:\/\/informativoelvalledeaguascalientes.online\/index.php?rest_route=\/wp\/v2\/users\/1"}],"replies":[{"embeddable":true,"href":"https:\/\/informativoelvalledeaguascalientes.online\/index.php?rest_route=%2Fwp%2Fv2%2Fcomments&post=66584"}],"version-history":[{"count":1,"href":"https:\/\/informativoelvalledeaguascalientes.online\/index.php?rest_route=\/wp\/v2\/posts\/66584\/revisions"}],"predecessor-version":[{"id":66586,"href":"https:\/\/informativoelvalledeaguascalientes.online\/index.php?rest_route=\/wp\/v2\/posts\/66584\/revisions\/66586"}],"wp:featuredmedia":[{"embeddable":true,"href":"https:\/\/informativoelvalledeaguascalientes.online\/index.php?rest_route=\/wp\/v2\/media\/66585"}],"wp:attachment":[{"href":"https:\/\/informativoelvalledeaguascalientes.online\/index.php?rest_route=%2Fwp%2Fv2%2Fmedia&parent=66584"}],"wp:term":[{"taxonomy":"category","embeddable":true,"href":"https:\/\/informativoelvalledeaguascalientes.online\/index.php?rest_route=%2Fwp%2Fv2%2Fcategories&post=66584"},{"taxonomy":"post_tag","embeddable":true,"href":"https:\/\/informativoelvalledeaguascalientes.online\/index.php?rest_route=%2Fwp%2Fv2%2Ftags&post=66584"}],"curies":[{"name":"wp","href":"https:\/\/api.w.org\/{rel}","templated":true}]}}