{"id":66561,"date":"2025-03-08T22:18:10","date_gmt":"2025-03-09T04:18:10","guid":{"rendered":"https:\/\/informativoelvalledeaguascalientes.online\/?p=66561"},"modified":"2025-03-08T22:18:10","modified_gmt":"2025-03-09T04:18:10","slug":"aguascalientes-cuenta-con-la-policia-rosa-para-la-proteccion-de-mujeres-y-ninos","status":"publish","type":"post","link":"https:\/\/informativoelvalledeaguascalientes.online\/?p=66561","title":{"rendered":"AGUASCALIENTES CUENTA CON LA POLIC\u00cdA ROSA PARA LA PROTECCI\u00d3N DE MUJERES Y NI\u00d1OS"},"content":{"rendered":"<p>#informativoelvalledeaguascalientes #novaradioaguascalientes #informativoelvalledeaguascalientesll<\/p>\n<p>Gracias a la iniciativa de la gobernadora Tere Jim\u00e9nez, hoy Aguascalientes cuenta con la Polic\u00eda Rosa, especializada en la atenci\u00f3n de mujeres en situaci\u00f3n de vulnerabilidad y en la protecci\u00f3n de los derechos de la infancia.<\/p>\n<p>La Polic\u00eda Rosa de la Secretar\u00eda de Seguridad P\u00fablica del Estado es un modelo pionero a nivel nacional; actualmente, este grupo se integra por 35 mujeres y hombres que crean entornos seguros al brindar auxilio, resguardo, orientaci\u00f3n y acompa\u00f1amiento a mujeres, ni\u00f1as y ni\u00f1os.<\/p>\n<p>Quienes integran esta unidad cuentan con capacitaci\u00f3n especializada para desempe\u00f1ar sus funciones, lo que garantiza un alto nivel de preparaci\u00f3n.<\/p>\n<p>Adem\u00e1s, la Polic\u00eda Rosa colabora con instituciones gubernamentales y organizaciones civiles en la promoci\u00f3n de la cultura de la denuncia, brindando a la ciudadan\u00eda las herramientas necesarias para reportar cualquier situaci\u00f3n que ponga en riesgo la integridad de mujeres, ni\u00f1as y ni\u00f1os.<\/p>\n<p>Para asistencia, la Polic\u00eda Rosa pone a disposici\u00f3n de la ciudadan\u00eda el 911 en caso de emergencias, o el 089 para denuncia an\u00f3nima.<\/p>\n","protected":false},"excerpt":{"rendered":"<p>#informativoelvalledeaguascalientes #novaradioaguascalientes #informativoelvalledeaguascalientesll Gracias a la iniciativa de la gobernadora Tere Jim\u00e9nez, hoy Aguascalientes cuenta con la Polic\u00eda Rosa, especializada en la atenci\u00f3n de mujeres en situaci\u00f3n de vulnerabilidad y en la protecci\u00f3n de los derechos de la infancia. La Polic\u00eda Rosa de la Secretar\u00eda de Seguridad P\u00fablica del Estado es un modelo pionero a [&hellip;]<\/p>\n","protected":false},"author":1,"featured_media":66562,"comment_status":"closed","ping_status":"open","sticky":false,"template":"","format":"standard","meta":{"advanced_seo_description":"","jetpack_seo_html_title":"","jetpack_seo_noindex":false,"_jetpack_memberships_contains_paid_content":false,"footnotes":"","jetpack_publicize_message":"","jetpack_publicize_feature_enabled":true,"jetpack_social_post_already_shared":true,"jetpack_social_options":{"image_generator_settings":{"template":"highway","default_image_id":0,"font":"","enabled":false},"version":2}},"categories":[21,4],"tags":[22,615,122],"class_list":["post-66561","post","type-post","status-publish","format-standard","has-post-thumbnail","hentry","category-aguascalientes","category-gobierno-del-estado-aguascalientes","tag-aguascalientes","tag-gobierno-del-estado-de-aguascalientes","tag-sspe-aguascalientes"],"jetpack_publicize_connections":[],"jetpack_featured_media_url":"https:\/\/i0.wp.com\/informativoelvalledeaguascalientes.online\/wp-content\/uploads\/2025\/03\/1e3c08f6-08cf-489b-9ae0-cc8da72d00fe.jpg?fit=1599%2C1058&ssl=1","jetpack-related-posts":[],"jetpack_sharing_enabled":true,"jetpack_likes_enabled":true,"_links":{"self":[{"href":"https:\/\/informativoelvalledeaguascalientes.online\/index.php?rest_route=\/wp\/v2\/posts\/66561","targetHints":{"allow":["GET"]}}],"collection":[{"href":"https:\/\/informativoelvalledeaguascalientes.online\/index.php?rest_route=\/wp\/v2\/posts"}],"about":[{"href":"https:\/\/informativoelvalledeaguascalientes.online\/index.php?rest_route=\/wp\/v2\/types\/post"}],"author":[{"embeddable":true,"href":"https:\/\/informativoelvalledeaguascalientes.online\/index.php?rest_route=\/wp\/v2\/users\/1"}],"replies":[{"embeddable":true,"href":"https:\/\/informativoelvalledeaguascalientes.online\/index.php?rest_route=%2Fwp%2Fv2%2Fcomments&post=66561"}],"version-history":[{"count":1,"href":"https:\/\/informativoelvalledeaguascalientes.online\/index.php?rest_route=\/wp\/v2\/posts\/66561\/revisions"}],"predecessor-version":[{"id":66563,"href":"https:\/\/informativoelvalledeaguascalientes.online\/index.php?rest_route=\/wp\/v2\/posts\/66561\/revisions\/66563"}],"wp:featuredmedia":[{"embeddable":true,"href":"https:\/\/informativoelvalledeaguascalientes.online\/index.php?rest_route=\/wp\/v2\/media\/66562"}],"wp:attachment":[{"href":"https:\/\/informativoelvalledeaguascalientes.online\/index.php?rest_route=%2Fwp%2Fv2%2Fmedia&parent=66561"}],"wp:term":[{"taxonomy":"category","embeddable":true,"href":"https:\/\/informativoelvalledeaguascalientes.online\/index.php?rest_route=%2Fwp%2Fv2%2Fcategories&post=66561"},{"taxonomy":"post_tag","embeddable":true,"href":"https:\/\/informativoelvalledeaguascalientes.online\/index.php?rest_route=%2Fwp%2Fv2%2Ftags&post=66561"}],"curies":[{"name":"wp","href":"https:\/\/api.w.org\/{rel}","templated":true}]}}