{"id":66555,"date":"2025-03-08T22:06:39","date_gmt":"2025-03-09T04:06:39","guid":{"rendered":"https:\/\/informativoelvalledeaguascalientes.online\/?p=66555"},"modified":"2025-03-08T22:06:39","modified_gmt":"2025-03-09T04:06:39","slug":"se-inaugura-en-jesus-maria-nuevo-cedeco-un-espacio-de-aprendizaje-y-convivencia","status":"publish","type":"post","link":"https:\/\/informativoelvalledeaguascalientes.online\/?p=66555","title":{"rendered":"SE INAUGURA EN JES\u00daS MAR\u00cdA NUEVO CEDECO, UN ESPACIO DE APRENDIZAJE Y CONVIVENCIA"},"content":{"rendered":"<p>#informativoelvalledeaguascalientes #novaradioaguascalientes #informativoelvalledeaguascalientesll<\/p>\n<p>Para ofrecer mayores espacios de aprendizaje, convivencia y recreaci\u00f3n, el Gobierno Municipal de Jes\u00fas Mar\u00eda, a trav\u00e9s de la Secretar\u00eda de Desarrollo Social, inaugur\u00f3 un nuevo Centro de Desarrollo Comunitario en la colonia Solar de Jonacatique.<\/p>\n<p>En el marco del programa &#8220;Ench\u00falame la cuadra&#8221; el presidente municipal, C\u00e9sar Medina inform\u00f3 que en este nuevo centro ubicado en la calle Luis Donaldo Colosio, se ofrecer\u00e1n clases de tae kwon do, bisuter\u00eda, yoga, zumba, reposter\u00eda, guitarra, entre otras actividades para toda la familia.<\/p>\n<p>&#8220;Este nuevo espacio es de ustedes, queremos que diario este lleno y que aprovechen las clases, est\u00e1 dise\u00f1ado para beneficiar no solo a las familias de Solar de Jonacatique, sino tambi\u00e9n a los vecinos de la Luis Donaldo Colosio, el Torito, La Ejidal y Solidaridad&#8221; dijo.<\/p>\n<p>Agreg\u00f3, que las clases tienen costos muy accesibles para que m\u00e1s personas puedan participar y aprovechar los beneficios de los CEDECOS, los cuales fortalecen el tejido social, fomentan la integraci\u00f3n comunitaria y brindan oportunidades para que ni\u00f1os y j\u00f3venes se enfoquen en actividades positivas.<\/p>\n","protected":false},"excerpt":{"rendered":"<p>#informativoelvalledeaguascalientes #novaradioaguascalientes #informativoelvalledeaguascalientesll Para ofrecer mayores espacios de aprendizaje, convivencia y recreaci\u00f3n, el Gobierno Municipal de Jes\u00fas Mar\u00eda, a trav\u00e9s de la Secretar\u00eda de Desarrollo Social, inaugur\u00f3 un nuevo Centro de Desarrollo Comunitario en la colonia Solar de Jonacatique. En el marco del programa &#8220;Ench\u00falame la cuadra&#8221; el presidente municipal, C\u00e9sar Medina inform\u00f3 que en [&hellip;]<\/p>\n","protected":false},"author":1,"featured_media":66556,"comment_status":"closed","ping_status":"open","sticky":false,"template":"","format":"standard","meta":{"advanced_seo_description":"","jetpack_seo_html_title":"","jetpack_seo_noindex":false,"_jetpack_memberships_contains_paid_content":false,"footnotes":"","jetpack_publicize_message":"","jetpack_publicize_feature_enabled":true,"jetpack_social_post_already_shared":true,"jetpack_social_options":{"image_generator_settings":{"template":"highway","default_image_id":0,"font":"","enabled":false},"version":2}},"categories":[21,14],"tags":[22,45],"class_list":["post-66555","post","type-post","status-publish","format-standard","has-post-thumbnail","hentry","category-aguascalientes","category-jesus-maria-aguascalientes","tag-aguascalientes","tag-jesus-maria-aguascalientes"],"jetpack_publicize_connections":[],"jetpack_featured_media_url":"https:\/\/i0.wp.com\/informativoelvalledeaguascalientes.online\/wp-content\/uploads\/2025\/03\/d7591761-16b8-4a57-ad52-6a349ca383cc.jpg?fit=2560%2C1699&ssl=1","jetpack-related-posts":[],"jetpack_sharing_enabled":true,"jetpack_likes_enabled":true,"_links":{"self":[{"href":"https:\/\/informativoelvalledeaguascalientes.online\/index.php?rest_route=\/wp\/v2\/posts\/66555","targetHints":{"allow":["GET"]}}],"collection":[{"href":"https:\/\/informativoelvalledeaguascalientes.online\/index.php?rest_route=\/wp\/v2\/posts"}],"about":[{"href":"https:\/\/informativoelvalledeaguascalientes.online\/index.php?rest_route=\/wp\/v2\/types\/post"}],"author":[{"embeddable":true,"href":"https:\/\/informativoelvalledeaguascalientes.online\/index.php?rest_route=\/wp\/v2\/users\/1"}],"replies":[{"embeddable":true,"href":"https:\/\/informativoelvalledeaguascalientes.online\/index.php?rest_route=%2Fwp%2Fv2%2Fcomments&post=66555"}],"version-history":[{"count":1,"href":"https:\/\/informativoelvalledeaguascalientes.online\/index.php?rest_route=\/wp\/v2\/posts\/66555\/revisions"}],"predecessor-version":[{"id":66557,"href":"https:\/\/informativoelvalledeaguascalientes.online\/index.php?rest_route=\/wp\/v2\/posts\/66555\/revisions\/66557"}],"wp:featuredmedia":[{"embeddable":true,"href":"https:\/\/informativoelvalledeaguascalientes.online\/index.php?rest_route=\/wp\/v2\/media\/66556"}],"wp:attachment":[{"href":"https:\/\/informativoelvalledeaguascalientes.online\/index.php?rest_route=%2Fwp%2Fv2%2Fmedia&parent=66555"}],"wp:term":[{"taxonomy":"category","embeddable":true,"href":"https:\/\/informativoelvalledeaguascalientes.online\/index.php?rest_route=%2Fwp%2Fv2%2Fcategories&post=66555"},{"taxonomy":"post_tag","embeddable":true,"href":"https:\/\/informativoelvalledeaguascalientes.online\/index.php?rest_route=%2Fwp%2Fv2%2Ftags&post=66555"}],"curies":[{"name":"wp","href":"https:\/\/api.w.org\/{rel}","templated":true}]}}