{"id":66543,"date":"2025-03-07T20:30:50","date_gmt":"2025-03-08T02:30:50","guid":{"rendered":"https:\/\/informativoelvalledeaguascalientes.online\/?p=66543"},"modified":"2025-03-07T20:30:50","modified_gmt":"2025-03-08T02:30:50","slug":"declaracion-anual-de-empresas-sat","status":"publish","type":"post","link":"https:\/\/informativoelvalledeaguascalientes.online\/?p=66543","title":{"rendered":"Declaraci\u00f3n Anual de empresas: SAT"},"content":{"rendered":"<p>#informativoelvalledeaguascalientes #novaradioaguascalientes #informativoelvalledeaguascalientesll #Aguascalientes<\/p>\n<p>&nbsp;<\/p>\n<p>&nbsp;<\/p>\n<p>\u27a2\u00a0 \u00a0Es \u00a0importante\u00a0 \u00a0que\u00a0\u00a0 las \u00a0y \u00a0los \u00a0contribuyentes \u00a0realicen\u00a0 \u00a0con \u00a0anticipaci\u00f3n\u00a0 \u00a0su Declaraci\u00f3n \u00a0Anual, para evitar contratiempos que pudieran\u00a0 afectar la presentaci\u00f3n en tiempo y forma de este tr\u00e1mite.<\/p>\n<p>&nbsp;<\/p>\n<p>\u27a2\u00a0 \u00a0La presentaci\u00f3n de la Declaraci\u00f3n \u00a0Anual del ejercicio\u00a0 fiscal 2024, inici\u00f3 el 1 de enero y concluye \u00a0el 31 de marzo<\/p>\n<p>&nbsp;<\/p>\n<p>\u27a2\u00a0 \u00a0El \u00a0Servicio\u00a0 \u00a0de \u00a0Administraci\u00f3n \u00a0Tributaria\u00a0\u00a0 (SAT)\u00a0 \u00a0implementa \u00a0mejoras\u00a0 \u00a0a \u00a0los formatos \u00a0de presentaci\u00f3n de la Declaraci\u00f3n \u00a0Anual de personas \u00a0morales \u00a02024, en los siguientes rubros:<\/p>\n<p>&nbsp;<\/p>\n<p><u>Pa<\/u><u>r<\/u><u>a el R\u00e9gimen \u00a0General:<\/u><\/p>\n<p>&nbsp;<\/p>\n<p>&nbsp;<\/p>\n<ol>\n<li>a. Se optimiza el sistema \u00a0de precargas \u00a0de documentos en los formularios para agilizar y acotar el tiempo de llenado.<\/li>\n<\/ol>\n<p>&nbsp;<\/p>\n<p>&nbsp;<\/p>\n<ol>\n<li>b. Quienes tributen \u00a0en\u00a0 el R\u00e9gimen \u00a0General, \u00a0en el apartado \u00a0&#8220;Gastos&#8221;, \u00a0se incluy\u00f3 \u00a0un campo \u00a0denominado &#8220;Devoluciones, descuentos y bonificaciones&#8221;. En \u00a0este \u00a0se \u00a0encuentra\u00a0 \u00a0la\u00a0 precarga \u00a0del \u00a0Comprobante Fiscal Digital por Internet \u00a0(CFDI) de tipo ingresos \u00a0y egreso \u00a0con m\u00e9todo de pago en una sola exhibici\u00f3n \u00a0(PUE) y pago en parcialidades o diferido (PPD).<\/li>\n<\/ol>\n<p>&nbsp;<\/p>\n<p>&nbsp;<\/p>\n<ol>\n<li>En\u00a0 la secci\u00f3n \u00a0referente a la Participaci\u00f3n \u00a0de \u00a0los \u00a0Trabajadores \u00a0en \u00a0las Utilidades\u00a0 \u00a0pagadas,\u00a0 \u00a0\u201cPTU\u00a0 \u00a0pagada\u201d,\u00a0 \u00a0se\u00a0 \u00a0agrega\u00a0 \u00a0el\u00a0\u00a0 campo\u00a0 \u00a0\u201cPTU\u00a0 \u00a0no deducible\u201d.<\/li>\n<\/ol>\n<p>&nbsp;<\/p>\n<p>&nbsp;<\/p>\n<ol start=\"2023\">\n<li>d. Se conserva \u00a0la funcionalidad \u00a0del apartado \u201cRemanentes de las p\u00e9rdidas fiscales de ejercicios anteriores\u201d, con la que se agrega informaci\u00f3n de los ejercicios \u00a02014 a 2023.<\/li>\n<\/ol>\n<p>&nbsp;<\/p>\n<p><u>Pa<\/u><u>r<\/u><u>a R\u00e9gimen \u00a0Simplificado de Confianza:<\/u><\/p>\n<p>&nbsp;<\/p>\n<p>&nbsp;<\/p>\n<ol>\n<li>Las\u00a0 \u00a0empresas \u00a0inscritas\u00a0 \u00a0en\u00a0 \u00a0el\u00a0 \u00a0R\u00e9gimen \u00a0Simplificado\u00a0 \u00a0de\u00a0 \u00a0Confianza (RESICO), \u00a0en el formulario\u00a0 encuentran el campo denominado \u201cN\u00f3mina deducible \u00a0de periodos anteriores\u201d, donde se ubica la n\u00f3mina acumulada por el periodo de liquidaci\u00f3n.<\/li>\n<\/ol>\n<p>&nbsp;<\/p>\n<ol>\n<li>f. Dentro\u00a0 \u00a0del \u00a0apartado\u00a0\u00a0 \u201cGastos\u201d\u00a0 \u00a0se \u00a0agrega \u00a0la \u00a0secci\u00f3n\u00a0 \u00a0\u201cDevoluciones, descuentos y bonificaciones\u201d, el cual contiene la precarga de los pagos provisionales que consideraron este concepto.<\/li>\n<\/ol>\n<p>&nbsp;<\/p>\n<ol>\n<li>g. En el \u00e1rea relacionada con la PTU, tambi\u00e9n se a\u00f1ade la funci\u00f3n de \u201cPTU no deducible\u201d.<\/li>\n<\/ol>\n<p>&nbsp;<\/p>\n<p>\u27a2\u00a0 \u00a0Para el env\u00edo \u00a0de la declaraci\u00f3n \u00a0a trav\u00e9s \u00a0del Portal del SAT\u00a0 en \u00a0<a href=\"http:\/\/sat.gob.mx\/\">sat.gob.mx,<\/a> es necesaria la e.firma y se recomienda estar al corriente \u00a0con las declaraciones de pagos provisionales, declaraciones anuales del impuesto \u00a0sobre la renta (ISR) de ejercicios \u00a0anteriores,\u00a0 declaraciones de \u00a0retenciones de \u00a0pagos \u00a0realizados \u00a0por arrendamiento, honorarios, RESICO de personas f\u00edsicas, sueldos y salarios, asimilados y dividendos.<\/p>\n<p>&nbsp;<\/p>\n<p>\u27a2\u00a0 \u00a0Se pone \u00a0a disposici\u00f3n de los contribuyentes el minisitio \u00a0de Declaraci\u00f3n \u00a0Anual de empresas, donde\u00a0 se puede \u00a0consultar \u00a0mayor informaci\u00f3n \u00a0y presentar \u00a0dicha obligaci\u00f3n fiscal. El minisitio se encuentra \u00a0disponible \u00a0en la siguiente liga: <a href=\"http:\/\/omawww.sat.gob.mx\/DeclaracionAnual2024\/Paginas\/Declaracion2024Empresas\/index.html\">http:\/\/omawww.sat.gob.mx\/DeclaracionAnual2024\/Paginas\/Declaracion2024E<\/a> <a href=\"http:\/\/omawww.sat.gob.mx\/DeclaracionAnual2024\/Paginas\/Declaracion2024Empresas\/index.html\">mpresas\/index.html<\/a><\/p>\n<p>&nbsp;<\/p>\n<p>\u27a2\u00a0 \u00a0En caso de que el contribuyente presente declaraciones complementarias, hay que esperar \u00a0un plazo de 24 horas, si no tuvo pago, y de 48 horas en caso de tenerlo, para que la declaraci\u00f3n precargue \u00a0dicha informaci\u00f3n.<\/p>\n<p>&nbsp;<\/p>\n<p>\u27a2\u00a0 \u00a0Con\u00a0\u00a0 estos\u00a0 \u00a0cambios,\u00a0 \u00a0la \u00a0autoridad\u00a0 \u00a0tributaria\u00a0 \u00a0refrenda\u00a0 \u00a0su \u00a0compromiso \u00a0de simplificar las herramientas en beneficio de las y los contribuyentes a fin de que puedan cumplir con sus obligaciones fiscales.<\/p>\n<p>&nbsp;<\/p>\n<p>En \u00a0caso \u00a0de \u00a0que \u00a0la o el \u00a0contribuyente tenga \u00a0dudas \u00a0sobre \u00a0la Declaraci\u00f3n \u00a0Anual \u00a0de empresas, puede utilizar nuestros medios de contacto:<\/p>\n<p>&nbsp;<\/p>\n<p>OrientaSAT<\/p>\n<p>MarcaSAT 55 627 22 728 opci\u00f3n 0, subopci\u00f3n \u00a01. Chat uno a uno en chat.sat.gob.mx<\/p>\n","protected":false},"excerpt":{"rendered":"<p>#informativoelvalledeaguascalientes #novaradioaguascalientes #informativoelvalledeaguascalientesll #Aguascalientes &nbsp; &nbsp; \u27a2\u00a0 \u00a0Es \u00a0importante\u00a0 \u00a0que\u00a0\u00a0 las \u00a0y \u00a0los \u00a0contribuyentes \u00a0realicen\u00a0 \u00a0con \u00a0anticipaci\u00f3n\u00a0 \u00a0su Declaraci\u00f3n \u00a0Anual, para evitar contratiempos que pudieran\u00a0 afectar la presentaci\u00f3n en tiempo y forma de este tr\u00e1mite. &nbsp; \u27a2\u00a0 \u00a0La presentaci\u00f3n de la Declaraci\u00f3n \u00a0Anual del ejercicio\u00a0 fiscal 2024, inici\u00f3 el 1 de enero y concluye \u00a0el [&hellip;]<\/p>\n","protected":false},"author":1,"featured_media":66544,"comment_status":"closed","ping_status":"open","sticky":false,"template":"","format":"standard","meta":{"_monsterinsights_skip_tracking":false,"advanced_seo_description":"","jetpack_seo_html_title":"","jetpack_seo_noindex":false,"jetpack_seo_schema_type":"","_jetpack_newsletter_access":"","_jetpack_dont_email_post_to_subs":false,"_jetpack_newsletter_tier_id":0,"_jetpack_memberships_contains_paywalled_content":false,"_jetpack_feature_clip_id":0,"_jetpack_memberships_contains_paid_content":false,"footnotes":"","jetpack_publicize_message":"","jetpack_publicize_feature_enabled":true,"jetpack_social_post_already_shared":true,"jetpack_social_options":{"image_generator_settings":{"template":"highway","default_image_id":0,"font":"","enabled":false},"version":2},"jetpack_post_was_ever_published":false},"categories":[21,19],"tags":[22,232],"class_list":["post-66543","post","type-post","status-publish","format-standard","has-post-thumbnail","hentry","category-aguascalientes","category-informacion-general","tag-aguascalientes","tag-informacion-general"],"jetpack_publicize_connections":[],"jetpack_featured_media_url":"https:\/\/i0.wp.com\/informativoelvalledeaguascalientes.online\/wp-content\/uploads\/2025\/03\/51941781-34f9-40a1-abd7-95d11390a1bf.jpg?fit=1600%2C1200&ssl=1","jetpack-related-posts":[],"jetpack_sharing_enabled":true,"jetpack_likes_enabled":true,"_links":{"self":[{"href":"https:\/\/informativoelvalledeaguascalientes.online\/index.php?rest_route=\/wp\/v2\/posts\/66543","targetHints":{"allow":["GET"]}}],"collection":[{"href":"https:\/\/informativoelvalledeaguascalientes.online\/index.php?rest_route=\/wp\/v2\/posts"}],"about":[{"href":"https:\/\/informativoelvalledeaguascalientes.online\/index.php?rest_route=\/wp\/v2\/types\/post"}],"author":[{"embeddable":true,"href":"https:\/\/informativoelvalledeaguascalientes.online\/index.php?rest_route=\/wp\/v2\/users\/1"}],"replies":[{"embeddable":true,"href":"https:\/\/informativoelvalledeaguascalientes.online\/index.php?rest_route=%2Fwp%2Fv2%2Fcomments&post=66543"}],"version-history":[{"count":1,"href":"https:\/\/informativoelvalledeaguascalientes.online\/index.php?rest_route=\/wp\/v2\/posts\/66543\/revisions"}],"predecessor-version":[{"id":66545,"href":"https:\/\/informativoelvalledeaguascalientes.online\/index.php?rest_route=\/wp\/v2\/posts\/66543\/revisions\/66545"}],"wp:featuredmedia":[{"embeddable":true,"href":"https:\/\/informativoelvalledeaguascalientes.online\/index.php?rest_route=\/wp\/v2\/media\/66544"}],"wp:attachment":[{"href":"https:\/\/informativoelvalledeaguascalientes.online\/index.php?rest_route=%2Fwp%2Fv2%2Fmedia&parent=66543"}],"wp:term":[{"taxonomy":"category","embeddable":true,"href":"https:\/\/informativoelvalledeaguascalientes.online\/index.php?rest_route=%2Fwp%2Fv2%2Fcategories&post=66543"},{"taxonomy":"post_tag","embeddable":true,"href":"https:\/\/informativoelvalledeaguascalientes.online\/index.php?rest_route=%2Fwp%2Fv2%2Ftags&post=66543"}],"curies":[{"name":"wp","href":"https:\/\/api.w.org\/{rel}","templated":true}]}}