{"id":66534,"date":"2025-03-07T20:05:51","date_gmt":"2025-03-08T02:05:51","guid":{"rendered":"https:\/\/informativoelvalledeaguascalientes.online\/?p=66534"},"modified":"2025-03-07T20:05:51","modified_gmt":"2025-03-08T02:05:51","slug":"reconoce-cesar-medina-la-importante-labor-y-talento-de-las-mujeres-en-el-desarrollo-del-municipio-de-jesus-maria","status":"publish","type":"post","link":"https:\/\/informativoelvalledeaguascalientes.online\/?p=66534","title":{"rendered":"RECONOCE C\u00c9SAR MEDINA LA IMPORTANTE LABOR Y TALENTO DE LAS MUJERES EN EL DESARROLLO DEL MUNICIPIO DE JES\u00daS MAR\u00cdA"},"content":{"rendered":"<p>#informativoelvalledeaguascalientes #novaradioaguascalientes #informativoelvalledeaguascalientesll #Aguascalientes<\/p>\n<p>&nbsp;<\/p>\n<p>&nbsp;<\/p>\n<p>En el marco del D\u00eda Internacional de la Mujer, el presidente municipal de Jes\u00fas Mar\u00eda, C\u00e9sar Medina, reconoci\u00f3 el talento, esfuerzo y compromiso de las mujeres en el desarrollo del municipio. Destac\u00f3 que cada vez son m\u00e1s quienes ocupan puestos clave y participan activamente en la toma de decisiones en beneficio de la comunidad.<\/p>\n<p>\u201cEl papel de las mujeres en Jes\u00fas Mar\u00eda es fundamental. Hoy tenemos un gabinete equilibrado en el que participan mujeres con gran liderazgo; en el cabildo, contamos con la participaci\u00f3n de una s\u00edndica y varias regidoras, quienes contribuyen de manera significativa a la toma de decisiones en el municipio\u201d, afirm\u00f3 el alcalde.<\/p>\n<p>Asimismo, resalt\u00f3 la presencia de mujeres en diversas \u00e1reas operativas y de servicio p\u00fablico, como en la corporaci\u00f3n policiaca, la Guardia Civil, Protecci\u00f3n Civil, el H. Cuerpo de Bomberos, las cuadrillas de limpieza y en la Comisi\u00f3n de Agua Potable, as\u00ed como en \u00e1reas administrativas donde desempe\u00f1an un rol crucial para el desarrollo del municipio.<\/p>\n<p>\u201cEl compromiso y la entrega de cada una de ellas es digno de reconocimiento. En Jes\u00fas Mar\u00eda valoramos su gran labor y reafirmamos nuestro compromiso de seguir impulsando la igualdad de oportunidades para todas\u201d, concluy\u00f3 C\u00e9sar Medina.<\/p>\n<p>Durante el evento para conmemorar el d\u00eda de la mujer, al que acudieron servidoras p\u00fablicas y funcionarias, el presidente municipal agreg\u00f3 que adem\u00e1s de la Casa Rosa y de resguardo para mujeres en situaciones de violencia, Jes\u00fas Mar\u00eda cuenta con la Unidad Especializada en Atenci\u00f3n a V\u00edctimas de Violencia Familiar y de g\u00e9nero, tambi\u00e9n conocida como Patrulla Naranja.<\/p>\n<p>Con esta y otras acciones, el Gobierno Municipal de Jes\u00fas Mar\u00eda contin\u00faa promoviendo pol\u00edticas y acciones para fortalecer la participaci\u00f3n de las mujeres en todos los \u00e1mbitos, reafirmando su papel esencial en el crecimiento y desarrollo del municipio.<\/p>\n","protected":false},"excerpt":{"rendered":"<p>#informativoelvalledeaguascalientes #novaradioaguascalientes #informativoelvalledeaguascalientesll #Aguascalientes &nbsp; &nbsp; En el marco del D\u00eda Internacional de la Mujer, el presidente municipal de Jes\u00fas Mar\u00eda, C\u00e9sar Medina, reconoci\u00f3 el talento, esfuerzo y compromiso de las mujeres en el desarrollo del municipio. Destac\u00f3 que cada vez son m\u00e1s quienes ocupan puestos clave y participan activamente en la toma de decisiones [&hellip;]<\/p>\n","protected":false},"author":1,"featured_media":66535,"comment_status":"closed","ping_status":"open","sticky":false,"template":"","format":"standard","meta":{"advanced_seo_description":"","jetpack_seo_html_title":"","jetpack_seo_noindex":false,"_jetpack_memberships_contains_paid_content":false,"footnotes":"","jetpack_publicize_message":"","jetpack_publicize_feature_enabled":true,"jetpack_social_post_already_shared":true,"jetpack_social_options":{"image_generator_settings":{"template":"highway","default_image_id":0,"font":"","enabled":false},"version":2}},"categories":[21,14],"tags":[22,45],"class_list":["post-66534","post","type-post","status-publish","format-standard","has-post-thumbnail","hentry","category-aguascalientes","category-jesus-maria-aguascalientes","tag-aguascalientes","tag-jesus-maria-aguascalientes"],"jetpack_publicize_connections":[],"jetpack_featured_media_url":"https:\/\/i0.wp.com\/informativoelvalledeaguascalientes.online\/wp-content\/uploads\/2025\/03\/82fd8c25-33eb-4b8b-9a3a-4321b669284b.jpg?fit=1600%2C1057&ssl=1","jetpack-related-posts":[],"jetpack_sharing_enabled":true,"jetpack_likes_enabled":true,"_links":{"self":[{"href":"https:\/\/informativoelvalledeaguascalientes.online\/index.php?rest_route=\/wp\/v2\/posts\/66534","targetHints":{"allow":["GET"]}}],"collection":[{"href":"https:\/\/informativoelvalledeaguascalientes.online\/index.php?rest_route=\/wp\/v2\/posts"}],"about":[{"href":"https:\/\/informativoelvalledeaguascalientes.online\/index.php?rest_route=\/wp\/v2\/types\/post"}],"author":[{"embeddable":true,"href":"https:\/\/informativoelvalledeaguascalientes.online\/index.php?rest_route=\/wp\/v2\/users\/1"}],"replies":[{"embeddable":true,"href":"https:\/\/informativoelvalledeaguascalientes.online\/index.php?rest_route=%2Fwp%2Fv2%2Fcomments&post=66534"}],"version-history":[{"count":1,"href":"https:\/\/informativoelvalledeaguascalientes.online\/index.php?rest_route=\/wp\/v2\/posts\/66534\/revisions"}],"predecessor-version":[{"id":66536,"href":"https:\/\/informativoelvalledeaguascalientes.online\/index.php?rest_route=\/wp\/v2\/posts\/66534\/revisions\/66536"}],"wp:featuredmedia":[{"embeddable":true,"href":"https:\/\/informativoelvalledeaguascalientes.online\/index.php?rest_route=\/wp\/v2\/media\/66535"}],"wp:attachment":[{"href":"https:\/\/informativoelvalledeaguascalientes.online\/index.php?rest_route=%2Fwp%2Fv2%2Fmedia&parent=66534"}],"wp:term":[{"taxonomy":"category","embeddable":true,"href":"https:\/\/informativoelvalledeaguascalientes.online\/index.php?rest_route=%2Fwp%2Fv2%2Fcategories&post=66534"},{"taxonomy":"post_tag","embeddable":true,"href":"https:\/\/informativoelvalledeaguascalientes.online\/index.php?rest_route=%2Fwp%2Fv2%2Ftags&post=66534"}],"curies":[{"name":"wp","href":"https:\/\/api.w.org\/{rel}","templated":true}]}}