{"id":66527,"date":"2025-03-07T19:52:48","date_gmt":"2025-03-08T01:52:48","guid":{"rendered":"https:\/\/informativoelvalledeaguascalientes.online\/?p=66527"},"modified":"2025-03-07T19:52:48","modified_gmt":"2025-03-08T01:52:48","slug":"da-a-conocer-la-secretaria-de-seguridad-publica-municipal-de-aguascalientes-operativo-vial-por-el-8m","status":"publish","type":"post","link":"https:\/\/informativoelvalledeaguascalientes.online\/?p=66527","title":{"rendered":"DA A CONOCER LA SECRETAR\u00cdA DE SEGURIDAD P\u00daBLICA MUNICIPAL DE AGUASCALIENTES OPERATIVO VIAL POR EL 8M"},"content":{"rendered":"<p>#informativoelvalledeaguascalientes #novaradioaguascalientes #informativoelvalledeaguascalientesll #Aguascalientes<\/p>\n<p>&nbsp;<\/p>\n<p>&nbsp;<\/p>\n<ul>\n<li><strong><em>Los cierres viales iniciaran a las 15:00 horas en diferentes puntos de la zona centro de la ciudad<\/em><\/strong><\/li>\n<\/ul>\n<p>La Secretar\u00eda de Seguridad P\u00fablica Municipal de Aguascalientes (SSPM), a trav\u00e9s de la Coordinaci\u00f3n de Movilidad, inform\u00f3 que todo est\u00e1 listo para el operativo vial con motivo de las movilizaciones del 8M, que se realizar\u00e1 este s\u00e1bado 8 de marzo, as\u00ed lo dio a conocer\u00a0<strong>Gonzalo P\u00e9rez Z\u00fa\u00f1iga<\/strong>, titular de la SSPM.<\/p>\n<p>Qui\u00e9n precis\u00f3 que a partir de las 15:00 horas iniciar\u00e1n los cierres viales en diferentes puntos de la zona centro de la ciudad para garantizar la seguridad de las personas que participar\u00e1n en el contingente.<\/p>\n<p><strong>P\u00e9rez Z\u00fa\u00f1iga<\/strong>\u00a0detall\u00f3 que el punto de reuni\u00f3n de las asistentes ser\u00e1 Avenida H\u00e9roe de Nacozari, esquina con Avenida Adolfo L\u00f3pez Mateos.<\/p>\n<p>La ruta comienza en Avenida L\u00f3pez Mateos al poniente para continuar por Josefa Ortiz de Dom\u00ednguez y luego Avenida Zaragoza al norte. Posteriormente, se continuar\u00e1 sobre Avenida Madero y luego Avenida Moctezuma al poniente, para llegar a la Plaza Patria.<\/p>\n<p>Como puntos de cierre de vialidades, a\u00f1adi\u00f3, se contemplan las siguientes:<\/p>\n<ul>\n<li>Accesos a la glorieta del Quijote de la Mancha<\/li>\n<li>Madero, entre H\u00e9roe de Nacozari y Ju\u00e1rez (al poniente)<\/li>\n<li>L\u00f3pez Mateos, entre Convenci\u00f3n Oriente y Convenci\u00f3n Poniente (al poniente)<\/li>\n<li>Avenida Josefa Ortiz de Dom\u00ednguez, entre Madero y L\u00f3pez Mateos (al norte)<\/li>\n<li>Hornedo y Col\u00f3n (al norte)<\/li>\n<li>Victoria y la calle Rivero y Guti\u00e9rrez (al sur)<\/li>\n<\/ul>\n<p>Como rutas alternas se sugieren las siguientes vialidades:<\/p>\n<ul>\n<li>Alameda (ambos sentidos)<\/li>\n<li>Paseo de la Cruz (ambos sentidos)<\/li>\n<li>Jos\u00e9 Mar\u00eda Ch\u00e1vez y 5 de mayo (al norte)<\/li>\n<li>\u00c1lvaro Obreg\u00f3n y Uni\u00f3n Guadalupe (al poniente)<\/li>\n<li>Emiliano Zapata y Rivero y Guti\u00e9rrez (al oriente)<\/li>\n<li>Manuel G\u00f3mez Mor\u00edn (ambos sentidos)<\/li>\n<li>Avenida de 1914 (ambos sentidos)<\/li>\n<\/ul>\n<p>El secretario de Seguridad P\u00fablica Municipal se\u00f1al\u00f3 que el operativo vial tendr\u00e1 una duraci\u00f3n de aproximadamente cinco horas, tiempo estimado del paso del contingente y concentraci\u00f3n.<\/p>\n","protected":false},"excerpt":{"rendered":"<p>#informativoelvalledeaguascalientes #novaradioaguascalientes #informativoelvalledeaguascalientesll #Aguascalientes &nbsp; &nbsp; Los cierres viales iniciaran a las 15:00 horas en diferentes puntos de la zona centro de la ciudad La Secretar\u00eda de Seguridad P\u00fablica Municipal de Aguascalientes (SSPM), a trav\u00e9s de la Coordinaci\u00f3n de Movilidad, inform\u00f3 que todo est\u00e1 listo para el operativo vial con motivo de las movilizaciones del [&hellip;]<\/p>\n","protected":false},"author":1,"featured_media":66528,"comment_status":"closed","ping_status":"open","sticky":false,"template":"","format":"standard","meta":{"advanced_seo_description":"","jetpack_seo_html_title":"","jetpack_seo_noindex":false,"_jetpack_memberships_contains_paid_content":false,"footnotes":"","jetpack_publicize_message":"","jetpack_publicize_feature_enabled":true,"jetpack_social_post_already_shared":true,"jetpack_social_options":{"image_generator_settings":{"template":"highway","default_image_id":0,"font":"","enabled":false},"version":2}},"categories":[21,3],"tags":[22,25,116],"class_list":["post-66527","post","type-post","status-publish","format-standard","has-post-thumbnail","hentry","category-aguascalientes","category-municipio-aguascalientes","tag-aguascalientes","tag-mpio-aguascalientes","tag-mpio-aguascalientes-sspm"],"jetpack_publicize_connections":[],"jetpack_featured_media_url":"https:\/\/i0.wp.com\/informativoelvalledeaguascalientes.online\/wp-content\/uploads\/2025\/03\/WhatsApp-Image-2025-03-07-at-12.02.08-PM.jpeg?fit=1280%2C1052&ssl=1","jetpack-related-posts":[],"jetpack_sharing_enabled":true,"jetpack_likes_enabled":true,"_links":{"self":[{"href":"https:\/\/informativoelvalledeaguascalientes.online\/index.php?rest_route=\/wp\/v2\/posts\/66527","targetHints":{"allow":["GET"]}}],"collection":[{"href":"https:\/\/informativoelvalledeaguascalientes.online\/index.php?rest_route=\/wp\/v2\/posts"}],"about":[{"href":"https:\/\/informativoelvalledeaguascalientes.online\/index.php?rest_route=\/wp\/v2\/types\/post"}],"author":[{"embeddable":true,"href":"https:\/\/informativoelvalledeaguascalientes.online\/index.php?rest_route=\/wp\/v2\/users\/1"}],"replies":[{"embeddable":true,"href":"https:\/\/informativoelvalledeaguascalientes.online\/index.php?rest_route=%2Fwp%2Fv2%2Fcomments&post=66527"}],"version-history":[{"count":1,"href":"https:\/\/informativoelvalledeaguascalientes.online\/index.php?rest_route=\/wp\/v2\/posts\/66527\/revisions"}],"predecessor-version":[{"id":66529,"href":"https:\/\/informativoelvalledeaguascalientes.online\/index.php?rest_route=\/wp\/v2\/posts\/66527\/revisions\/66529"}],"wp:featuredmedia":[{"embeddable":true,"href":"https:\/\/informativoelvalledeaguascalientes.online\/index.php?rest_route=\/wp\/v2\/media\/66528"}],"wp:attachment":[{"href":"https:\/\/informativoelvalledeaguascalientes.online\/index.php?rest_route=%2Fwp%2Fv2%2Fmedia&parent=66527"}],"wp:term":[{"taxonomy":"category","embeddable":true,"href":"https:\/\/informativoelvalledeaguascalientes.online\/index.php?rest_route=%2Fwp%2Fv2%2Fcategories&post=66527"},{"taxonomy":"post_tag","embeddable":true,"href":"https:\/\/informativoelvalledeaguascalientes.online\/index.php?rest_route=%2Fwp%2Fv2%2Ftags&post=66527"}],"curies":[{"name":"wp","href":"https:\/\/api.w.org\/{rel}","templated":true}]}}