{"id":66510,"date":"2025-03-07T18:59:20","date_gmt":"2025-03-08T00:59:20","guid":{"rendered":"https:\/\/informativoelvalledeaguascalientes.online\/?p=66510"},"modified":"2025-03-07T18:59:20","modified_gmt":"2025-03-08T00:59:20","slug":"encabeza-tere-jimenez-el-inicio-de-la-colecta-estatal-de-la-cruz-roja-2025","status":"publish","type":"post","link":"https:\/\/informativoelvalledeaguascalientes.online\/?p=66510","title":{"rendered":"ENCABEZA TERE JIM\u00c9NEZ EL INICIO DE LA COLECTA ESTATAL DE LA CRUZ ROJA 2025"},"content":{"rendered":"<p>#informativoelvalledeaguascalientes #novaradioaguascalientes #informativoelvalledeaguascalientesll #Aguascalientes<\/p>\n<p>&nbsp;<\/p>\n<p>&nbsp;<\/p>\n<ul class=\"_9iRlZ joYDm\">\n<li class=\"AY0Vp\" dir=\"auto\" aria-level=\"1\">\n<p id=\"viewer-nu8k5161\" class=\"o0STb GF80u _6Vwzd HjRUP\" dir=\"\"><span class=\"B-fpk _6Vwzd\"><strong><em>El Gobierno del Estado entreg\u00f3 un donativo de 3 millones 500 mil pesos<\/em><\/strong><\/span><\/p>\n<\/li>\n<li class=\"AY0Vp\" dir=\"auto\" aria-level=\"1\">\n<p id=\"viewer-tr5on164\" class=\"o0STb GF80u _6Vwzd HjRUP\" dir=\"\"><span class=\"B-fpk _6Vwzd\"><strong><em>Tere Jim\u00e9nez reiter\u00f3 su compromiso de consolidar a los sistemas estatales de salud y emergencias como los m\u00e1s fuertes, eficientes y modernos de M\u00e9xico<\/em><\/strong><\/span><\/p>\n<\/li>\n<li class=\"AY0Vp\" dir=\"auto\" aria-level=\"1\">\n<p id=\"viewer-ez8qj167\" class=\"o0STb GF80u _6Vwzd HjRUP\" dir=\"\"><span class=\"B-fpk _6Vwzd\"><strong><em>Es importante seguir apoyando a la Cruz Roja; demostremos ese coraz\u00f3n gigante que tenemos los aguascalentenses: TJ<\/em><\/strong><\/span><\/p>\n<\/li>\n<\/ul>\n<div id=\"viewer-yfehy169\" class=\"o0STb GF80u _6Vwzd HjRUP\" dir=\"auto\"><span class=\"B-fpk _6Vwzd\">\u00a0<\/span><\/div>\n<p id=\"viewer-cz73y170\" class=\"o0STb GF80u _6Vwzd HjRUP\" dir=\"auto\"><span class=\"B-fpk _6Vwzd\">La gobernadora de Aguascalientes, Tere Jim\u00e9nez, encabez\u00f3 el arranque de la colecta estatal de La Cruz Roja 2025 e hizo un llamado a la poblaci\u00f3n a sumarse a esta noble causa para fortalecer el servicio que la benem\u00e9rita instituci\u00f3n ofrece a toda la sociedad.\u00a0<\/span><\/p>\n<div id=\"viewer-l1d31172\" class=\"o0STb GF80u _6Vwzd HjRUP\" dir=\"auto\"><span class=\"B-fpk _6Vwzd\">\u00a0<\/span><\/div>\n<p id=\"viewer-4s0m6173\" class=\"o0STb GF80u _6Vwzd HjRUP\" dir=\"auto\"><span class=\"B-fpk _6Vwzd\">Asimismo, Tere Jim\u00e9nez entreg\u00f3 un donativo de 3 millones 500 mil pesos a La Cruz Roja, que servir\u00e1 para el mantenimiento de sus instalaciones, la mejora de\u00a0 ambulancias y la adquisici\u00f3n de material.\u00a0<\/span><\/p>\n<div id=\"viewer-64rum175\" class=\"o0STb GF80u _6Vwzd HjRUP\" dir=\"auto\"><span class=\"B-fpk _6Vwzd\">\u00a0<\/span><\/div>\n<p id=\"viewer-ws8cm176\" class=\"o0STb GF80u _6Vwzd HjRUP\" dir=\"auto\"><span class=\"B-fpk _6Vwzd\">\u201cEs importante seguir apoyando a la Cruz Roja; demostremos ese coraz\u00f3n gigante que tenemos los aguascalentenses. Los tres poderes, las empresas, el DIF estatal, los DIF municipales y la sociedad, somos el gran equipo que apoyar\u00e1 esta colecta anual\u201d, resalt\u00f3 la gobernadora durante el evento en Palacio de Gobierno.<\/span><\/p>\n<div id=\"viewer-be27h178\" class=\"o0STb GF80u _6Vwzd HjRUP\" dir=\"auto\"><span class=\"B-fpk _6Vwzd\">\u00a0<\/span><\/div>\n<p id=\"viewer-maniv179\" class=\"o0STb GF80u _6Vwzd HjRUP\" dir=\"auto\"><span class=\"B-fpk _6Vwzd\">Adem\u00e1s, se\u00f1al\u00f3 que se est\u00e1 haciendo un esfuerzo sin precedentes en Aguascalientes para consolidar a los sistemas estatales de salud y de emergencias como los m\u00e1s fuertes, eficientes y modernos de M\u00e9xico; muestra de ello, dijo, es la certificaci\u00f3n internacional que acaba de recibir el Sistema Estatal de Emergencias, por contar con un protocolo de primer nivel en atenci\u00f3n prehospitalaria.<\/span><\/p>\n<div id=\"viewer-vk6t2181\" class=\"o0STb GF80u _6Vwzd HjRUP\" dir=\"auto\"><span class=\"B-fpk _6Vwzd\">\u00a0<\/span><\/div>\n<p id=\"viewer-jqqrr182\" class=\"o0STb GF80u _6Vwzd HjRUP\" dir=\"auto\"><span class=\"B-fpk _6Vwzd\">El delegado estatal y consejero nacional de la Cruz Roja Mexicana, Jaime del Conde Ugarte, destac\u00f3 que la misi\u00f3n de la instituci\u00f3n que encabeza es clara: salvar vidas y estar al servicio de la sociedad de Aguascalientes, lo cual es posible gracias a la suma de miles de voluntades; se\u00f1al\u00f3 que tan s\u00f3lo el a\u00f1o pasado se brindaron 7 mil 865 atenciones prehospitalarias gratuitas.\u00a0<\/span><\/p>\n<div id=\"viewer-dtxcn184\" class=\"o0STb GF80u _6Vwzd HjRUP\" dir=\"auto\"><span class=\"B-fpk _6Vwzd\">\u00a0<\/span><\/div>\n<p id=\"viewer-jn4q8185\" class=\"o0STb GF80u _6Vwzd HjRUP\" dir=\"auto\"><span class=\"B-fpk _6Vwzd\">\u201cCada a\u00f1o nos reunimos para invitar a la sociedad de Aguascalientes a ser parte de nuestra labor a trav\u00e9s de la colecta; esta campa\u00f1a no solo es de recaudaci\u00f3n de fondos, sino la posibilidad de transformar vidas, de seguir operando, mantener nuestras ambulancias en las calles y brindar atenci\u00f3n m\u00e9dica a quienes m\u00e1s lo necesitan\u201d, finaliz\u00f3.\u00a0<\/span><\/p>\n<div id=\"viewer-8zzsa187\" class=\"o0STb GF80u _6Vwzd HjRUP\" dir=\"auto\"><span class=\"B-fpk _6Vwzd\">\u00a0<\/span><\/div>\n<p id=\"viewer-34716188\" class=\"o0STb GF80u _6Vwzd HjRUP\" dir=\"auto\"><span class=\"B-fpk _6Vwzd\">En el evento tambi\u00e9n estuvieron presentes Aurora Jim\u00e9nez Esquivel, presidenta honoraria de la Cruz Roja Aguascalientes y del DIF Estatal; el se\u00f1or Luis Alberto Villarreal Garc\u00eda; Roc\u00edo Guti\u00e9rrez Cortina, coordinadora de Damas Voluntarias de la Cruz Roja en Aguascalientes; Paulo Gonzalo Mart\u00ednez L\u00f3pez y Luis Enrique Garc\u00eda L\u00f3pez, diputados federales; Luis Le\u00f3n M\u00e9ndez, diputado local; Lucero Espinoza V\u00e1zquez, presidenta Municipal de Pabell\u00f3n de Arteaga; Francisco P\u00e9rez Conde, comandante del cuarto regimiento mecanizado de la 14\/a. Zona Militar; Manuel Alonso Garc\u00eda, fiscal general de Aguascalientes; Alfredo Mart\u00edn Cervantes, secretario de Finanzas; Michelle Olmos, jefa de Estado Mayor de la Secretar\u00eda de Seguridad P\u00fablica del Estado.\u00a0<\/span><\/p>\n<div id=\"viewer-ealau190\" class=\"o0STb GF80u _6Vwzd HjRUP\" dir=\"auto\"><\/div>\n","protected":false},"excerpt":{"rendered":"<p>#informativoelvalledeaguascalientes #novaradioaguascalientes #informativoelvalledeaguascalientesll #Aguascalientes &nbsp; &nbsp; El Gobierno del Estado entreg\u00f3 un donativo de 3 millones 500 mil pesos Tere Jim\u00e9nez reiter\u00f3 su compromiso de consolidar a los sistemas estatales de salud y emergencias como los m\u00e1s fuertes, eficientes y modernos de M\u00e9xico Es importante seguir apoyando a la Cruz Roja; demostremos ese coraz\u00f3n gigante [&hellip;]<\/p>\n","protected":false},"author":1,"featured_media":66511,"comment_status":"closed","ping_status":"open","sticky":false,"template":"","format":"standard","meta":{"advanced_seo_description":"","jetpack_seo_html_title":"","jetpack_seo_noindex":false,"_jetpack_memberships_contains_paid_content":false,"footnotes":"","jetpack_publicize_message":"","jetpack_publicize_feature_enabled":true,"jetpack_social_post_already_shared":true,"jetpack_social_options":{"image_generator_settings":{"template":"highway","default_image_id":0,"font":"","enabled":false},"version":2}},"categories":[21,4],"tags":[22,615,320],"class_list":["post-66510","post","type-post","status-publish","format-standard","has-post-thumbnail","hentry","category-aguascalientes","category-gobierno-del-estado-aguascalientes","tag-aguascalientes","tag-gobierno-del-estado-de-aguascalientes","tag-tere-jimenez"],"jetpack_publicize_connections":[],"jetpack_featured_media_url":"https:\/\/i0.wp.com\/informativoelvalledeaguascalientes.online\/wp-content\/uploads\/2025\/03\/846fbfce-b1c4-4d1a-b77a-f7dd71283ac7.jpg?fit=1337%2C836&ssl=1","jetpack-related-posts":[],"jetpack_sharing_enabled":true,"jetpack_likes_enabled":true,"_links":{"self":[{"href":"https:\/\/informativoelvalledeaguascalientes.online\/index.php?rest_route=\/wp\/v2\/posts\/66510","targetHints":{"allow":["GET"]}}],"collection":[{"href":"https:\/\/informativoelvalledeaguascalientes.online\/index.php?rest_route=\/wp\/v2\/posts"}],"about":[{"href":"https:\/\/informativoelvalledeaguascalientes.online\/index.php?rest_route=\/wp\/v2\/types\/post"}],"author":[{"embeddable":true,"href":"https:\/\/informativoelvalledeaguascalientes.online\/index.php?rest_route=\/wp\/v2\/users\/1"}],"replies":[{"embeddable":true,"href":"https:\/\/informativoelvalledeaguascalientes.online\/index.php?rest_route=%2Fwp%2Fv2%2Fcomments&post=66510"}],"version-history":[{"count":1,"href":"https:\/\/informativoelvalledeaguascalientes.online\/index.php?rest_route=\/wp\/v2\/posts\/66510\/revisions"}],"predecessor-version":[{"id":66512,"href":"https:\/\/informativoelvalledeaguascalientes.online\/index.php?rest_route=\/wp\/v2\/posts\/66510\/revisions\/66512"}],"wp:featuredmedia":[{"embeddable":true,"href":"https:\/\/informativoelvalledeaguascalientes.online\/index.php?rest_route=\/wp\/v2\/media\/66511"}],"wp:attachment":[{"href":"https:\/\/informativoelvalledeaguascalientes.online\/index.php?rest_route=%2Fwp%2Fv2%2Fmedia&parent=66510"}],"wp:term":[{"taxonomy":"category","embeddable":true,"href":"https:\/\/informativoelvalledeaguascalientes.online\/index.php?rest_route=%2Fwp%2Fv2%2Fcategories&post=66510"},{"taxonomy":"post_tag","embeddable":true,"href":"https:\/\/informativoelvalledeaguascalientes.online\/index.php?rest_route=%2Fwp%2Fv2%2Ftags&post=66510"}],"curies":[{"name":"wp","href":"https:\/\/api.w.org\/{rel}","templated":true}]}}