{"id":66470,"date":"2025-03-05T22:44:59","date_gmt":"2025-03-06T04:44:59","guid":{"rendered":"https:\/\/informativoelvalledeaguascalientes.online\/?p=66470"},"modified":"2025-03-05T22:44:59","modified_gmt":"2025-03-06T04:44:59","slug":"gobierno-de-jesus-maria-trabaja-para-recuperar-y-embellcer-los-espacios-publicos","status":"publish","type":"post","link":"https:\/\/informativoelvalledeaguascalientes.online\/?p=66470","title":{"rendered":"GOBIERNO DE JES\u00daS MAR\u00cdA TRABAJA PARA RECUPERAR Y EMBELLCER LOS ESPACIOS P\u00daBLICOS"},"content":{"rendered":"<p>#informativoelvalledeaguascalientes #novaradioaguascalientes #informativoelvalledeaguascalientesll #Aguascalientes<\/p>\n<p>&nbsp;<\/p>\n<p>&nbsp;<\/p>\n<p>\u2022 Se entreg\u00f3 rehabilitaci\u00f3n del parque San Lorenzo<br \/>\n\u2022 Un espacio renovado con mejor iluminaci\u00f3n<\/p>\n<p>&nbsp;<\/p>\n<p>Como parte del compromiso del Gobierno Municipal de Jes\u00fas Mar\u00eda por mejorar los espacios p\u00fablicos y fomentar la convivencia familiar y el deporte, el presidente municipal, C\u00e9sar Medina, entreg\u00f3 la rehabilitaci\u00f3n del Parque San Lorenzo, un espacio renovado y listo para el disfrute de toda la ciudadan\u00eda, en especial para vecinos de la zona<\/p>\n<p>Medina Cervantes indic\u00f3 que este parque fue rehabilitado para fortalecer la convivencia y la pr\u00e1ctica deportiva. \u201cQueremos que las familias, j\u00f3venes y ni\u00f1os de Jes\u00fas Mar\u00eda tengan espacios dignos para recrearse y ejercitarse, por ello, hoy entregamos este parque San Lorenzo, m\u00e1s bonito y en mejores condiciones para que siga siendo un punto de encuentro para todos\u201d dijo.<\/p>\n<p>Por su parte, el secretario de Servicios P\u00fablicos. Enrique Barba detall\u00f3 las mejoras realizadas en el parque, entre las que destacan el pintado de la cancha, la rehabilitaci\u00f3n de tableros y porter\u00edas, la instalaci\u00f3n de pasto y la restauraci\u00f3n de mesas para que los visitantes cuenten con un \u00e1rea c\u00f3moda para convivir. Adem\u00e1s, se mejor\u00f3 la iluminaci\u00f3n con nuevos reflectores, garantizando mayor seguridad y accesibilidad durante las tardes y noches.<\/p>\n<p>Este esfuerzo forma parte de una estrategia integral implementada por el Gobierno Municipal de Jes\u00fas Mar\u00eda para recuperar y embellecer los espacios p\u00fablicos, promoviendo entornos m\u00e1s seguros, que impulsen el desarrollo social y deportivo de los habitantes de Jes\u00fas Mar\u00eda,<\/p>\n<p>Con esta y otras acciones, el Gobierno Municipal de Jes\u00fas Mar\u00eda reafirma su compromiso con la mejora de la infraestructura urbana, al impulsar proyectos que fortalecen el tejido social y la calidad de vida en Jes\u00fas Mar\u00eda.<\/p>\n","protected":false},"excerpt":{"rendered":"<p>#informativoelvalledeaguascalientes #novaradioaguascalientes #informativoelvalledeaguascalientesll #Aguascalientes &nbsp; &nbsp; \u2022 Se entreg\u00f3 rehabilitaci\u00f3n del parque San Lorenzo \u2022 Un espacio renovado con mejor iluminaci\u00f3n &nbsp; Como parte del compromiso del Gobierno Municipal de Jes\u00fas Mar\u00eda por mejorar los espacios p\u00fablicos y fomentar la convivencia familiar y el deporte, el presidente municipal, C\u00e9sar Medina, entreg\u00f3 la rehabilitaci\u00f3n del Parque [&hellip;]<\/p>\n","protected":false},"author":1,"featured_media":66471,"comment_status":"closed","ping_status":"open","sticky":false,"template":"","format":"standard","meta":{"advanced_seo_description":"","jetpack_seo_html_title":"","jetpack_seo_noindex":false,"_jetpack_memberships_contains_paid_content":false,"footnotes":"","jetpack_publicize_message":"","jetpack_publicize_feature_enabled":true,"jetpack_social_post_already_shared":true,"jetpack_social_options":{"image_generator_settings":{"template":"highway","default_image_id":0,"font":"","enabled":false},"version":2}},"categories":[21,14],"tags":[22,45],"class_list":["post-66470","post","type-post","status-publish","format-standard","has-post-thumbnail","hentry","category-aguascalientes","category-jesus-maria-aguascalientes","tag-aguascalientes","tag-jesus-maria-aguascalientes"],"jetpack_publicize_connections":[],"jetpack_featured_media_url":"https:\/\/i0.wp.com\/informativoelvalledeaguascalientes.online\/wp-content\/uploads\/2025\/03\/33722cb6-daba-4d91-bdc6-ffbab761217d.jpg?fit=1600%2C1152&ssl=1","jetpack-related-posts":[],"jetpack_sharing_enabled":true,"jetpack_likes_enabled":true,"_links":{"self":[{"href":"https:\/\/informativoelvalledeaguascalientes.online\/index.php?rest_route=\/wp\/v2\/posts\/66470","targetHints":{"allow":["GET"]}}],"collection":[{"href":"https:\/\/informativoelvalledeaguascalientes.online\/index.php?rest_route=\/wp\/v2\/posts"}],"about":[{"href":"https:\/\/informativoelvalledeaguascalientes.online\/index.php?rest_route=\/wp\/v2\/types\/post"}],"author":[{"embeddable":true,"href":"https:\/\/informativoelvalledeaguascalientes.online\/index.php?rest_route=\/wp\/v2\/users\/1"}],"replies":[{"embeddable":true,"href":"https:\/\/informativoelvalledeaguascalientes.online\/index.php?rest_route=%2Fwp%2Fv2%2Fcomments&post=66470"}],"version-history":[{"count":1,"href":"https:\/\/informativoelvalledeaguascalientes.online\/index.php?rest_route=\/wp\/v2\/posts\/66470\/revisions"}],"predecessor-version":[{"id":66472,"href":"https:\/\/informativoelvalledeaguascalientes.online\/index.php?rest_route=\/wp\/v2\/posts\/66470\/revisions\/66472"}],"wp:featuredmedia":[{"embeddable":true,"href":"https:\/\/informativoelvalledeaguascalientes.online\/index.php?rest_route=\/wp\/v2\/media\/66471"}],"wp:attachment":[{"href":"https:\/\/informativoelvalledeaguascalientes.online\/index.php?rest_route=%2Fwp%2Fv2%2Fmedia&parent=66470"}],"wp:term":[{"taxonomy":"category","embeddable":true,"href":"https:\/\/informativoelvalledeaguascalientes.online\/index.php?rest_route=%2Fwp%2Fv2%2Fcategories&post=66470"},{"taxonomy":"post_tag","embeddable":true,"href":"https:\/\/informativoelvalledeaguascalientes.online\/index.php?rest_route=%2Fwp%2Fv2%2Ftags&post=66470"}],"curies":[{"name":"wp","href":"https:\/\/api.w.org\/{rel}","templated":true}]}}