{"id":66464,"date":"2025-03-05T20:26:51","date_gmt":"2025-03-06T02:26:51","guid":{"rendered":"https:\/\/informativoelvalledeaguascalientes.online\/?p=66464"},"modified":"2025-03-05T20:26:51","modified_gmt":"2025-03-06T02:26:51","slug":"presenta-municipio-de-aguascalientes-actividades-para-festejar-el-dia-de-la-familia","status":"publish","type":"post","link":"https:\/\/informativoelvalledeaguascalientes.online\/?p=66464","title":{"rendered":"PRESENTA MUNICIPIO DE AGUASCALIENTES ACTIVIDADES PARA FESTEJAR EL D\u00cdA DE LA FAMILIA"},"content":{"rendered":"<p>#informativoelvalledeaguascalientes #novaradioaguascalientes #informativoelvalledeaguascalientesll #Aguascalientes<\/p>\n<p>&nbsp;<\/p>\n<p>&nbsp;<\/p>\n<ul>\n<li><strong><em>El festejo se realizar\u00e1 el domingo 16 de marzo, a partir de las 9:00 a.m., en las instalaciones del Parque M\u00e9xico<\/em><\/strong><\/li>\n<\/ul>\n<p>&nbsp;<\/p>\n<p>La ma\u00f1ana de este mi\u00e9rcoles, el director general del DIF Municipal,\u00a0<strong>H\u00e9ctor Hugo Aguilera Cordero<\/strong>\u00a0dio a conocer las actividades que realizar\u00e1 el Municipio de Aguascalientes para el festejo del D\u00eda de la Familia que se realizar\u00e1 el domingo 16 de marzo, a partir de las 9:00 horas, en las instalaciones del Parque M\u00e9xico, con el objetivo de fomentar la sana convivencia y fortalecer los valores familiares.<\/p>\n<p>Detall\u00f3 que el DIF Municipal tendr\u00e1 a su cargo la presentaci\u00f3n del coro de voces y guitarras de adultos mayores, un musical en Lengua de Se\u00f1as Mexicanas, se contar\u00e1 con la presencia de una incubadora que emplea a personas con S\u00edndrome de Down y autismo para vender sus productos, asimismo se llevar\u00e1 a cabo la presentaci\u00f3n de los grupos musicales \u201cLos Chucos\u201d y \u201cLos Vatos del Ruspatr\u00f3n\u201d, rifas de electrodom\u00e9sticos y viajes a la playa.<\/p>\n<p><strong>Aguilera Cordero\u00a0<\/strong>destac\u00f3 las diversas activaciones que realizar\u00e1 el Club Necaxa, as\u00ed como la Secretar\u00eda de Medio Ambiente y Desarrollo Sustentable con la donaci\u00f3n de plantas, actividades de prevenci\u00f3n de accidentes con la Coordinaci\u00f3n Municipal de Protecci\u00f3n Civil que realizar\u00e1 din\u00e1micas con los Bomberos Municipales y la exhibici\u00f3n del Grupo K9 de la Secretar\u00eda de Seguridad P\u00fablica Municipal.<\/p>\n<p>El director general del DIF Municipal dijo que las familias podr\u00e1n disfrutar tambi\u00e9n de inflables gigantes, pinta caritas, juegos de loter\u00eda y domin\u00f3, demostraciones de zumba, baile moderno y concursos de baile, as\u00ed como la presentaci\u00f3n del payaso Kuik Smile, con el prop\u00f3sito de que las familias de la ciudad de Aguascalientes disfruten de un d\u00eda completo de actividades y esparcimiento.<\/p>\n<p>En la rueda de prensa tambi\u00e9n estuvieron presentes\u00a0<strong>Aldo Axel Rodr\u00edguez Ben\u00edtez<\/strong>, titular de la Semadesu,\u00a0<strong>Carlos Espa\u00f1a Mart\u00ednez<\/strong>, secretario de Servicios P\u00fablicos Municipales,\u00a0<strong>Christian Guti\u00e9rrez M\u00e1rquez<\/strong>, titular de Desarrollo Social y\u00a0<strong>Jos\u00e9 Gabino V\u00e1zquez Vega<\/strong>, coordinador de Protecci\u00f3n Civil Municipal.<\/p>\n","protected":false},"excerpt":{"rendered":"<p>#informativoelvalledeaguascalientes #novaradioaguascalientes #informativoelvalledeaguascalientesll #Aguascalientes &nbsp; &nbsp; El festejo se realizar\u00e1 el domingo 16 de marzo, a partir de las 9:00 a.m., en las instalaciones del Parque M\u00e9xico &nbsp; La ma\u00f1ana de este mi\u00e9rcoles, el director general del DIF Municipal,\u00a0H\u00e9ctor Hugo Aguilera Cordero\u00a0dio a conocer las actividades que realizar\u00e1 el Municipio de Aguascalientes para el festejo [&hellip;]<\/p>\n","protected":false},"author":1,"featured_media":66465,"comment_status":"closed","ping_status":"open","sticky":false,"template":"","format":"standard","meta":{"advanced_seo_description":"","jetpack_seo_html_title":"","jetpack_seo_noindex":false,"_jetpack_memberships_contains_paid_content":false,"footnotes":"","jetpack_publicize_message":"","jetpack_publicize_feature_enabled":true,"jetpack_social_post_already_shared":true,"jetpack_social_options":{"image_generator_settings":{"template":"highway","default_image_id":0,"font":"","enabled":false},"version":2}},"categories":[21,3],"tags":[22,25,72],"class_list":["post-66464","post","type-post","status-publish","format-standard","has-post-thumbnail","hentry","category-aguascalientes","category-municipio-aguascalientes","tag-aguascalientes","tag-mpio-aguascalientes","tag-mpio-aguascalientes-dif"],"jetpack_publicize_connections":[],"jetpack_featured_media_url":"https:\/\/i0.wp.com\/informativoelvalledeaguascalientes.online\/wp-content\/uploads\/2025\/03\/CMC3731.jpg?fit=2048%2C1366&ssl=1","jetpack-related-posts":[],"jetpack_sharing_enabled":true,"jetpack_likes_enabled":true,"_links":{"self":[{"href":"https:\/\/informativoelvalledeaguascalientes.online\/index.php?rest_route=\/wp\/v2\/posts\/66464","targetHints":{"allow":["GET"]}}],"collection":[{"href":"https:\/\/informativoelvalledeaguascalientes.online\/index.php?rest_route=\/wp\/v2\/posts"}],"about":[{"href":"https:\/\/informativoelvalledeaguascalientes.online\/index.php?rest_route=\/wp\/v2\/types\/post"}],"author":[{"embeddable":true,"href":"https:\/\/informativoelvalledeaguascalientes.online\/index.php?rest_route=\/wp\/v2\/users\/1"}],"replies":[{"embeddable":true,"href":"https:\/\/informativoelvalledeaguascalientes.online\/index.php?rest_route=%2Fwp%2Fv2%2Fcomments&post=66464"}],"version-history":[{"count":1,"href":"https:\/\/informativoelvalledeaguascalientes.online\/index.php?rest_route=\/wp\/v2\/posts\/66464\/revisions"}],"predecessor-version":[{"id":66466,"href":"https:\/\/informativoelvalledeaguascalientes.online\/index.php?rest_route=\/wp\/v2\/posts\/66464\/revisions\/66466"}],"wp:featuredmedia":[{"embeddable":true,"href":"https:\/\/informativoelvalledeaguascalientes.online\/index.php?rest_route=\/wp\/v2\/media\/66465"}],"wp:attachment":[{"href":"https:\/\/informativoelvalledeaguascalientes.online\/index.php?rest_route=%2Fwp%2Fv2%2Fmedia&parent=66464"}],"wp:term":[{"taxonomy":"category","embeddable":true,"href":"https:\/\/informativoelvalledeaguascalientes.online\/index.php?rest_route=%2Fwp%2Fv2%2Fcategories&post=66464"},{"taxonomy":"post_tag","embeddable":true,"href":"https:\/\/informativoelvalledeaguascalientes.online\/index.php?rest_route=%2Fwp%2Fv2%2Ftags&post=66464"}],"curies":[{"name":"wp","href":"https:\/\/api.w.org\/{rel}","templated":true}]}}