{"id":66457,"date":"2025-03-05T20:13:28","date_gmt":"2025-03-06T02:13:28","guid":{"rendered":"https:\/\/informativoelvalledeaguascalientes.online\/?p=66457"},"modified":"2025-03-05T20:13:28","modified_gmt":"2025-03-06T02:13:28","slug":"accion-nacional-traza-una-nueva-ruta-para-fortalecerse-interna-y-externamente","status":"publish","type":"post","link":"https:\/\/informativoelvalledeaguascalientes.online\/?p=66457","title":{"rendered":"ACCION NACIONAL TRAZA UNA NUEVA RUTA PARA FORTALECERSE INTERNA Y EXTERNAMENTE"},"content":{"rendered":"<p>#informativoelvalledeaguascalientes #novaradioaguascalientes #informativoelvalledeaguascalientesll #Aguascalientes<\/p>\n<p>&nbsp;<\/p>\n<p>&nbsp;<\/p>\n<ul>\n<li><strong><em>Urge una respuesta inmediata y estructurada ante la crisis comercial.<\/em><\/strong><\/li>\n<li><strong><em>Se hace un llamado a cerrar filas en torno a M\u00e9xico y a actuar con firmeza ante los desaf\u00edos.<\/em><\/strong><\/li>\n<\/ul>\n<p>&nbsp;<\/p>\n<p>En un encuentro con medios de comunicaci\u00f3n, el presidente del Comit\u00e9 Directivo Estatal del PAN en Aguascalientes, Javier Lu\u00e9vano, la secretaria general, Paloma Am\u00e9zquita, y el secretario de Acci\u00f3n Pol\u00edtica del Comit\u00e9 Ejecutivo Nacional, Santiago Taboada, delinearon temas relevantes de la agenda del partido para fortalecer su estructura interna y consolidarse como una opci\u00f3n viable para la ciudadan\u00eda.<\/p>\n<p>Javier Lu\u00e9vano destac\u00f3 la importancia de la visita de Santiago Taboada, se\u00f1alando que su presencia refuerza el proceso de an\u00e1lisis y reestructuraci\u00f3n interna del PAN tras el reciente proceso electoral. \u201cAcci\u00f3n Nacional est\u00e1 tomando decisiones clave. Hemos aprobado reformas estatutarias trascendentales y este domingo, en el Consejo Nacional, abordaremos temas fundamentales para el partido y para los estados, incluyendo el presupuesto y la estrategia de cara al futuro\u201d, afirm\u00f3.<\/p>\n<p>Asimismo, enfatiz\u00f3 el compromiso del partido con la inclusi\u00f3n y la participaci\u00f3n, resaltando la instalaci\u00f3n de la Comisi\u00f3n Permanente Estatal como un \u00f3rgano clave para la deliberaci\u00f3n y toma de decisiones en Aguascalientes.<\/p>\n<p>En el marco del pr\u00f3ximo D\u00eda Internacional de la Mujer, la secretaria general, Paloma Am\u00e9zquita, reafirm\u00f3 la postura del PAN en la lucha por la igualdad de g\u00e9nero y la participaci\u00f3n de las mujeres en la vida p\u00fablica. \u201cEsta fecha nos permite reflexionar sobre los avances y los retos que a\u00fan enfrentamos. Desde el partido, respaldamos el llamado de nuestra gobernadora, Tere Jim\u00e9nez, a que la manifestaci\u00f3n del 8M se lleve a cabo con respeto y con la firmeza de seguir alzando la voz por los derechos de las mujeres\u201d, declar\u00f3.<\/p>\n<p>Como parte de esta conmemoraci\u00f3n, anunci\u00f3 una serie de actividades organizadas por el PAN, incluyendo la conferencia \u201cLa Visibilidad de las Mujeres en la Pol\u00edtica\u201d, coordinada por la Secretar\u00eda de Promoci\u00f3n Pol\u00edtica de la Mujer. \u201cQueremos que este sea un espacio de reflexi\u00f3n sobre el papel de las mujeres en la pol\u00edtica, sus retos y los avances que hemos logrado\u201d, agreg\u00f3.<\/p>\n<p><strong>Aranceles y la falta de estrategia del gobierno federal<\/strong><\/p>\n<p>En cuanto a la coyuntura internacional, los l\u00edderes panistas expresaron su preocupaci\u00f3n por la reciente imposici\u00f3n de aranceles a productos mexicanos por parte de Estados Unidos y la falta de respuesta efectiva del gobierno federal.<\/p>\n<p>En su intervenci\u00f3n, el Secretario Nacional de Acci\u00f3n Pol\u00edtica del CEN, Santiago Taboada, mostr\u00f3 su preocupaci\u00f3n sobre lo que est\u00e1 aconteciendo y generando cada hora en nuestro pa\u00eds el tema arancelario, haciendo \u00e9nfasis en que Aguascalientes es un estado estrat\u00e9gico en t\u00e9rminos de industria automotriz, situaci\u00f3n afectar\u00e1 a muchas familias por el impacto econ\u00f3mico negativo, el cual que puede verse reflejado en despidos masivos; por lo que sentenci\u00f3, que m\u00e1s all\u00e1 de mitin en Z\u00f3calo, mismo que solo invita a aplaudirle a la presidenta; en estos momentos se requieren respuestas inmediatas a los planteamientos y necesidades que exige el tema de los aranceles impuestos a nuestro pa\u00eds.<\/p>\n<p>\u201cNosotros vamos a cerrar filas en torno a las familias y al Estado Mexicano, no tengan duda \u2026 Acci\u00f3n Nacional, s\u00ed tiene experiencia en enfrentar populistas. Nosotros llevamos m\u00e1s de seis a\u00f1os enfrentando populistas. Nosotros sabemos lo que es lidiar con alguien que no entiende de razones y que dice que por haber tenido el 70% de los votos, le asiste la raz\u00f3n \u2026 no estamos llamando una guerra arancelaria, estamos hablando de una acci\u00f3n estrat\u00e9gica puntual\u201d, declar\u00f3 el secretario.<\/p>\n<p>En cuanto las acciones a realizar, Santiago, extern\u00f3 su idea de abrir un di\u00e1logo con el sector empresarial local y norteamericano, as\u00ed como con legisladores del otro lado de la frontera para llevar a cabo negociaciones, las cuales deber\u00e1n estar comandadas con perfiles capaces y experimentados, dejando de lado ese famoso 99% leal y 1% capaz de la pasada administraci\u00f3n.<\/p>\n<p>El secretario de Acci\u00f3n Pol\u00edtica tambi\u00e9n refiri\u00f3 al tema de los m\u00e1s de 26 narcotraficantes, otorgados como ofrenda por la presidenta al gobierno de Trump, la cual no fue suficiente, \u201cEstamos entre dos fuegos. Un gobierno como el de Estados Unidos, que pr\u00e1cticamente se est\u00e1 pasando la raya y est\u00e1 exigiendo condiciones, y otro gobierno que no puede cumplir muchas de ellas, porque abiertamente tuvo un pacto con el crimen organizado desde el 2018. Pues ah\u00ed est\u00e1n las consecuencias de sus abrazos, ah\u00ed est\u00e1n las consecuencias de haber pactado los territorios con el crimen organizado, ah\u00ed est\u00e1n las consecuencias de su eficacia electoral, sus triunfos electorales, claro, anclados en el narcotr\u00e1fico. Y por eso hoy que Estados Unidos les pide resultados en un mes\u201d, concluy\u00f3.<\/p>\n<p>Finalmente, los dirigentes hicieron un llamado a cerrar filas en torno a M\u00e9xico y a actuar con firmeza ante los desaf\u00edos actuales, reafirmando su compromiso con el bienestar de los ciudadanos y el fortalecimiento del pa\u00eds.<\/p>\n","protected":false},"excerpt":{"rendered":"<p>#informativoelvalledeaguascalientes #novaradioaguascalientes #informativoelvalledeaguascalientesll #Aguascalientes &nbsp; &nbsp; Urge una respuesta inmediata y estructurada ante la crisis comercial. Se hace un llamado a cerrar filas en torno a M\u00e9xico y a actuar con firmeza ante los desaf\u00edos. &nbsp; En un encuentro con medios de comunicaci\u00f3n, el presidente del Comit\u00e9 Directivo Estatal del PAN en Aguascalientes, Javier Lu\u00e9vano, [&hellip;]<\/p>\n","protected":false},"author":1,"featured_media":66458,"comment_status":"closed","ping_status":"open","sticky":false,"template":"","format":"standard","meta":{"advanced_seo_description":"","jetpack_seo_html_title":"","jetpack_seo_noindex":false,"_jetpack_memberships_contains_paid_content":false,"footnotes":"","jetpack_publicize_message":"","jetpack_publicize_feature_enabled":true,"jetpack_social_post_already_shared":true,"jetpack_social_options":{"image_generator_settings":{"template":"highway","default_image_id":0,"font":"","enabled":false},"version":2}},"categories":[21,7],"tags":[22,23,43],"class_list":["post-66457","post","type-post","status-publish","format-standard","has-post-thumbnail","hentry","category-aguascalientes","category-pan-aguascalientes","tag-aguascalientes","tag-pan-aguascalientes","tag-pan-aguascalientes-cde"],"jetpack_publicize_connections":[],"jetpack_featured_media_url":"https:\/\/i0.wp.com\/informativoelvalledeaguascalientes.online\/wp-content\/uploads\/2025\/03\/ac16c18f-3271-41e9-bd36-5c1329bdcad9.jpg?fit=2560%2C1706&ssl=1","jetpack-related-posts":[],"jetpack_sharing_enabled":true,"jetpack_likes_enabled":true,"_links":{"self":[{"href":"https:\/\/informativoelvalledeaguascalientes.online\/index.php?rest_route=\/wp\/v2\/posts\/66457","targetHints":{"allow":["GET"]}}],"collection":[{"href":"https:\/\/informativoelvalledeaguascalientes.online\/index.php?rest_route=\/wp\/v2\/posts"}],"about":[{"href":"https:\/\/informativoelvalledeaguascalientes.online\/index.php?rest_route=\/wp\/v2\/types\/post"}],"author":[{"embeddable":true,"href":"https:\/\/informativoelvalledeaguascalientes.online\/index.php?rest_route=\/wp\/v2\/users\/1"}],"replies":[{"embeddable":true,"href":"https:\/\/informativoelvalledeaguascalientes.online\/index.php?rest_route=%2Fwp%2Fv2%2Fcomments&post=66457"}],"version-history":[{"count":1,"href":"https:\/\/informativoelvalledeaguascalientes.online\/index.php?rest_route=\/wp\/v2\/posts\/66457\/revisions"}],"predecessor-version":[{"id":66459,"href":"https:\/\/informativoelvalledeaguascalientes.online\/index.php?rest_route=\/wp\/v2\/posts\/66457\/revisions\/66459"}],"wp:featuredmedia":[{"embeddable":true,"href":"https:\/\/informativoelvalledeaguascalientes.online\/index.php?rest_route=\/wp\/v2\/media\/66458"}],"wp:attachment":[{"href":"https:\/\/informativoelvalledeaguascalientes.online\/index.php?rest_route=%2Fwp%2Fv2%2Fmedia&parent=66457"}],"wp:term":[{"taxonomy":"category","embeddable":true,"href":"https:\/\/informativoelvalledeaguascalientes.online\/index.php?rest_route=%2Fwp%2Fv2%2Fcategories&post=66457"},{"taxonomy":"post_tag","embeddable":true,"href":"https:\/\/informativoelvalledeaguascalientes.online\/index.php?rest_route=%2Fwp%2Fv2%2Ftags&post=66457"}],"curies":[{"name":"wp","href":"https:\/\/api.w.org\/{rel}","templated":true}]}}