{"id":66454,"date":"2025-03-05T20:04:44","date_gmt":"2025-03-06T02:04:44","guid":{"rendered":"https:\/\/informativoelvalledeaguascalientes.online\/?p=66454"},"modified":"2025-03-05T20:04:44","modified_gmt":"2025-03-06T02:04:44","slug":"manuel-alonso-avanza-firme-en-la-nueva-era-de-la-fge","status":"publish","type":"post","link":"https:\/\/informativoelvalledeaguascalientes.online\/?p=66454","title":{"rendered":"MANUEL ALONSO AVANZA FIRME EN LA NUEVA ERA DE LA FGE"},"content":{"rendered":"<p>#informativoelvalledeaguascalientes #novaradioaguascalientes #informativoelvalledeaguascalientesll #Aguascalientes<\/p>\n<p>&nbsp;<\/p>\n<div><\/div>\n<div><\/div>\n<div>\u2022 El fiscal general del Estado, Manuel Alonso Garc\u00eda, present\u00f3 el proyecto &#8220;Audiencia ciudadana con el fiscal&#8221;, para garantizar una atenci\u00f3n m\u00e1s justa y humana por parte de los servidores p\u00fablicos de la instituci\u00f3n a su cargo.<\/div>\n<div><\/div>\n<div>\u2022 Tambi\u00e9n se detall\u00f3 la coordinaci\u00f3n interinstitucional para garantizar un entorno pac\u00edfico en el marco de las actividades por el 8 de marzo, D\u00eda Internacional de la Mujer.<\/div>\n<div><\/div>\n<div>El fiscal general del Estado, Manuel Alonso Garc\u00eda, anunci\u00f3 en rueda de prensa la implementaci\u00f3n de un nuevo programa de acercamiento a la ciudadan\u00eda llamado &#8220;Audiencia ciudadana con el fiscal&#8221;, a trav\u00e9s del que se busca brindar una atenci\u00f3n personalizada y oportuna a las v\u00edctimas de los hechos delictivos, garantizando que sean escuchados y canalizados de manera adecuada.<\/div>\n<div><\/div>\n<div>El proyecto iniciar\u00e1 el pr\u00f3ximo jueves 6 de marzo de 2025, en las instalaciones del auditorio de la Vicefiscal\u00eda de Investigaci\u00f3n del Delito, a partir de las 17:00 horas. Posteriormente, se llevar\u00e1 a cabo todos los martes en el mismo sitio y horario.<\/div>\n<div><\/div>\n<div>Durante la audiencia, el representante social estar\u00e1 en compa\u00f1\u00eda de un equipo especializado que brindar\u00e1 atenci\u00f3n personalizada a los usuarios. Para acceder a este servicio, los ciudadanos deber\u00e1n agendar una cita previa a trav\u00e9s de WhatsApp, al n\u00famero 449 284 7839. Adem\u00e1s, se contar\u00e1 con orientadores que asignar\u00e1n turnos a los usuarios en el lugar.<\/div>\n<div><\/div>\n<div>En otro orden de ideas, el encargado de la procuraci\u00f3n de justicia en Aguascalientes, detall\u00f3 que la instituci\u00f3n a su cargo trabaja de manera coordinada con autoridades especializadas en atenci\u00f3n con perspectiva de g\u00e9nero para garantizar un trato adecuado a las manifestantes que acudan a protestar por sus derechos el pr\u00f3ximo 8 de marzo, D\u00eda Internacional de la Mujer.<\/div>\n<div><\/div>\n<div>Durante el evento, el fiscal general estuvo acompa\u00f1ado por Patricia C\u00e1rdenas Delgado, directora del Instituto Aguascalentense de las Mujeres (IAM); Mabel Haro Peralta, coordinadora general del Centro de Justicia para Mujeres (CJM); y Yarency Vel\u00e1zquez, comandante de la Polic\u00eda Rosa de la Secretar\u00eda de Seguridad P\u00fablica del Estado (SSPE).<\/div>\n","protected":false},"excerpt":{"rendered":"<p>#informativoelvalledeaguascalientes #novaradioaguascalientes #informativoelvalledeaguascalientesll #Aguascalientes &nbsp; \u2022 El fiscal general del Estado, Manuel Alonso Garc\u00eda, present\u00f3 el proyecto &#8220;Audiencia ciudadana con el fiscal&#8221;, para garantizar una atenci\u00f3n m\u00e1s justa y humana por parte de los servidores p\u00fablicos de la instituci\u00f3n a su cargo. \u2022 Tambi\u00e9n se detall\u00f3 la coordinaci\u00f3n interinstitucional para garantizar un entorno pac\u00edfico en [&hellip;]<\/p>\n","protected":false},"author":1,"featured_media":66455,"comment_status":"closed","ping_status":"open","sticky":false,"template":"","format":"standard","meta":{"advanced_seo_description":"","jetpack_seo_html_title":"","jetpack_seo_noindex":false,"_jetpack_memberships_contains_paid_content":false,"footnotes":"","jetpack_publicize_message":"","jetpack_publicize_feature_enabled":true,"jetpack_social_post_already_shared":true,"jetpack_social_options":{"image_generator_settings":{"template":"highway","default_image_id":0,"font":"","enabled":false},"version":2}},"categories":[21,4],"tags":[22,331,615],"class_list":["post-66454","post","type-post","status-publish","format-standard","has-post-thumbnail","hentry","category-aguascalientes","category-gobierno-del-estado-aguascalientes","tag-aguascalientes","tag-fiscalia-general-del-estado-de-aguascalientes","tag-gobierno-del-estado-de-aguascalientes"],"jetpack_publicize_connections":[],"jetpack_featured_media_url":"https:\/\/i0.wp.com\/informativoelvalledeaguascalientes.online\/wp-content\/uploads\/2025\/03\/f2b8c8dc-0e19-4362-9d5f-25b048c88cb1.jpg?fit=2560%2C1706&ssl=1","jetpack-related-posts":[],"jetpack_sharing_enabled":true,"jetpack_likes_enabled":true,"_links":{"self":[{"href":"https:\/\/informativoelvalledeaguascalientes.online\/index.php?rest_route=\/wp\/v2\/posts\/66454","targetHints":{"allow":["GET"]}}],"collection":[{"href":"https:\/\/informativoelvalledeaguascalientes.online\/index.php?rest_route=\/wp\/v2\/posts"}],"about":[{"href":"https:\/\/informativoelvalledeaguascalientes.online\/index.php?rest_route=\/wp\/v2\/types\/post"}],"author":[{"embeddable":true,"href":"https:\/\/informativoelvalledeaguascalientes.online\/index.php?rest_route=\/wp\/v2\/users\/1"}],"replies":[{"embeddable":true,"href":"https:\/\/informativoelvalledeaguascalientes.online\/index.php?rest_route=%2Fwp%2Fv2%2Fcomments&post=66454"}],"version-history":[{"count":1,"href":"https:\/\/informativoelvalledeaguascalientes.online\/index.php?rest_route=\/wp\/v2\/posts\/66454\/revisions"}],"predecessor-version":[{"id":66456,"href":"https:\/\/informativoelvalledeaguascalientes.online\/index.php?rest_route=\/wp\/v2\/posts\/66454\/revisions\/66456"}],"wp:featuredmedia":[{"embeddable":true,"href":"https:\/\/informativoelvalledeaguascalientes.online\/index.php?rest_route=\/wp\/v2\/media\/66455"}],"wp:attachment":[{"href":"https:\/\/informativoelvalledeaguascalientes.online\/index.php?rest_route=%2Fwp%2Fv2%2Fmedia&parent=66454"}],"wp:term":[{"taxonomy":"category","embeddable":true,"href":"https:\/\/informativoelvalledeaguascalientes.online\/index.php?rest_route=%2Fwp%2Fv2%2Fcategories&post=66454"},{"taxonomy":"post_tag","embeddable":true,"href":"https:\/\/informativoelvalledeaguascalientes.online\/index.php?rest_route=%2Fwp%2Fv2%2Ftags&post=66454"}],"curies":[{"name":"wp","href":"https:\/\/api.w.org\/{rel}","templated":true}]}}