{"id":66448,"date":"2025-03-05T19:58:11","date_gmt":"2025-03-06T01:58:11","guid":{"rendered":"https:\/\/informativoelvalledeaguascalientes.online\/?p=66448"},"modified":"2025-03-05T19:58:11","modified_gmt":"2025-03-06T01:58:11","slug":"tono-martin-del-campo-advierte-retroceso-en-transparencia-tras-eliminacion-del-inai","status":"publish","type":"post","link":"https:\/\/informativoelvalledeaguascalientes.online\/?p=66448","title":{"rendered":"TO\u00d1O MART\u00cdN DEL CAMPO ADVIERTE RETROCESO EN TRANSPARENCIA TRAS ELIMINACI\u00d3N DEL INAI"},"content":{"rendered":"<p>#informativoelvalledeaguascalientes #novaradioaguascalientes #informativoelvalledeaguascalientesll #Aguascalientes<\/p>\n<p>&nbsp;<\/p>\n<p>&nbsp;<\/p>\n<ul>\n<li><strong>Tendr\u00e1 un impacto negativo en la rendici\u00f3n de cuentas y la concentraci\u00f3n de poder<\/strong><\/li>\n<li><strong>Se har\u00e1 m\u00e1s dif\u00edcil la fiscalizaci\u00f3n de recursos p\u00fablicos<\/strong><\/li>\n<\/ul>\n<p>Ciudad de M\u00e9xico. En el Pleno del Senado de la Rep\u00fablica, el senador To\u00f1o Mart\u00edn del Campo se pronunci\u00f3 en contra de la eliminaci\u00f3n del Instituto Nacional de Transparencia, Acceso a la Informaci\u00f3n y Protecci\u00f3n de Datos Personales (INAI), alertando sobre las graves consecuencias que esta reforma representa para la democracia en M\u00e9xico.<\/p>\n<p>Durante su intervenci\u00f3n, el senador compar\u00f3 distintos casos de corrupci\u00f3n y opacidad en administraciones pasadas y actuales, enfatizando el esc\u00e1ndalo de SEGALMEX, en el que se desviaron 15 mil millones de pesos, cifra que sobrepasa ampliamente otras controversias del pasado.<\/p>\n<p>Adem\u00e1s, denunci\u00f3 que el 80% de las licitaciones en la administraci\u00f3n anterior fueron por asignaci\u00f3n directa o invitaci\u00f3n restringida, lo que representa 189 mil millones de pesos otorgados sin un proceso competitivo y transparente, dato que se conoce, gracias a la existencia del INAI.<\/p>\n<p>El senador advirti\u00f3 que la eliminaci\u00f3n de este Instituto traer\u00e1 graves consecuencias. La concentraci\u00f3n del poder en el Ejecutivo federal limitar\u00e1 el acceso ciudadano a la informaci\u00f3n p\u00fablica; la falta de un organismo aut\u00f3nomo, dificultar\u00e1 la fiscalizaci\u00f3n de recursos p\u00fablicos y la transparencia gubernamental; finalmente, coment\u00f3, los datos personales de los ciudadanos podr\u00edan quedar expuestos sin los mecanismos adecuados de protecci\u00f3n.<\/p>\n<p>Lo anterior, se dio en el debate la Ley General de Transparencia y Acceso a la Informaci\u00f3n P\u00fablica, la Ley General de Protecci\u00f3n de Datos Personales en Posesi\u00f3n de Sujetos Obligados y la Ley Federal de Protecci\u00f3n de Datos Personales en Posesi\u00f3n de los Particulares y reforma la Ley Org\u00e1nica de la Administraci\u00f3n P\u00fablica Federal, propuestas por MORENA, tras la reforma constitucional en la materia.<\/p>\n<p>El senador concluy\u00f3 su discurso reiterando su compromiso con la transparencia y la rendici\u00f3n de cuentas, se\u00f1alando que esta reforma representa un grave retroceso para el pa\u00eds y un debilitamiento de los mecanismos democr\u00e1ticos.<\/p>\n","protected":false},"excerpt":{"rendered":"<p>#informativoelvalledeaguascalientes #novaradioaguascalientes #informativoelvalledeaguascalientesll #Aguascalientes &nbsp; &nbsp; Tendr\u00e1 un impacto negativo en la rendici\u00f3n de cuentas y la concentraci\u00f3n de poder Se har\u00e1 m\u00e1s dif\u00edcil la fiscalizaci\u00f3n de recursos p\u00fablicos Ciudad de M\u00e9xico. En el Pleno del Senado de la Rep\u00fablica, el senador To\u00f1o Mart\u00edn del Campo se pronunci\u00f3 en contra de la eliminaci\u00f3n del Instituto [&hellip;]<\/p>\n","protected":false},"author":1,"featured_media":66449,"comment_status":"closed","ping_status":"open","sticky":false,"template":"","format":"standard","meta":{"advanced_seo_description":"","jetpack_seo_html_title":"","jetpack_seo_noindex":false,"_jetpack_memberships_contains_paid_content":false,"footnotes":"","jetpack_publicize_message":"","jetpack_publicize_feature_enabled":true,"jetpack_social_post_already_shared":true,"jetpack_social_options":{"image_generator_settings":{"template":"highway","default_image_id":0,"font":"","enabled":false},"version":2}},"categories":[21,19,7],"tags":[22,23,43],"class_list":["post-66448","post","type-post","status-publish","format-standard","has-post-thumbnail","hentry","category-aguascalientes","category-informacion-general","category-pan-aguascalientes","tag-aguascalientes","tag-pan-aguascalientes","tag-pan-aguascalientes-cde"],"jetpack_publicize_connections":[],"jetpack_featured_media_url":"https:\/\/i0.wp.com\/informativoelvalledeaguascalientes.online\/wp-content\/uploads\/2025\/03\/2f50ef78-1fe5-4ad2-a24a-48ec53f07d3a.jpg?fit=1280%2C853&ssl=1","jetpack-related-posts":[],"jetpack_sharing_enabled":true,"jetpack_likes_enabled":true,"_links":{"self":[{"href":"https:\/\/informativoelvalledeaguascalientes.online\/index.php?rest_route=\/wp\/v2\/posts\/66448","targetHints":{"allow":["GET"]}}],"collection":[{"href":"https:\/\/informativoelvalledeaguascalientes.online\/index.php?rest_route=\/wp\/v2\/posts"}],"about":[{"href":"https:\/\/informativoelvalledeaguascalientes.online\/index.php?rest_route=\/wp\/v2\/types\/post"}],"author":[{"embeddable":true,"href":"https:\/\/informativoelvalledeaguascalientes.online\/index.php?rest_route=\/wp\/v2\/users\/1"}],"replies":[{"embeddable":true,"href":"https:\/\/informativoelvalledeaguascalientes.online\/index.php?rest_route=%2Fwp%2Fv2%2Fcomments&post=66448"}],"version-history":[{"count":1,"href":"https:\/\/informativoelvalledeaguascalientes.online\/index.php?rest_route=\/wp\/v2\/posts\/66448\/revisions"}],"predecessor-version":[{"id":66450,"href":"https:\/\/informativoelvalledeaguascalientes.online\/index.php?rest_route=\/wp\/v2\/posts\/66448\/revisions\/66450"}],"wp:featuredmedia":[{"embeddable":true,"href":"https:\/\/informativoelvalledeaguascalientes.online\/index.php?rest_route=\/wp\/v2\/media\/66449"}],"wp:attachment":[{"href":"https:\/\/informativoelvalledeaguascalientes.online\/index.php?rest_route=%2Fwp%2Fv2%2Fmedia&parent=66448"}],"wp:term":[{"taxonomy":"category","embeddable":true,"href":"https:\/\/informativoelvalledeaguascalientes.online\/index.php?rest_route=%2Fwp%2Fv2%2Fcategories&post=66448"},{"taxonomy":"post_tag","embeddable":true,"href":"https:\/\/informativoelvalledeaguascalientes.online\/index.php?rest_route=%2Fwp%2Fv2%2Ftags&post=66448"}],"curies":[{"name":"wp","href":"https:\/\/api.w.org\/{rel}","templated":true}]}}