{"id":66374,"date":"2025-03-03T19:04:11","date_gmt":"2025-03-04T01:04:11","guid":{"rendered":"https:\/\/informativoelvalledeaguascalientes.online\/?p=66374"},"modified":"2025-03-03T19:04:11","modified_gmt":"2025-03-04T01:04:11","slug":"algunas-actividades-en-el-marco-del-dia-internacional-de-la-mujer-2025-ica","status":"publish","type":"post","link":"https:\/\/informativoelvalledeaguascalientes.online\/?p=66374","title":{"rendered":"Algunas actividades en el marco del D\u00eda Internacional de la Mujer 2025: ICA"},"content":{"rendered":"<p>#informativoelvalledeaguascalientes #novaradioaguascalientes #informativoelvalledeaguascalientesll #Aguascalientes<\/p>\n<p>&nbsp;<\/p>\n<p>En el marco de la conmemoraci\u00f3n del D\u00eda Internacional de la Mujer, el Instituto Cultural de Aguascalientes invita a las diferentes actividades que se llevar\u00e1n a cabo en la Casa Ter\u00e1n, la Ex-Escuela de Cristo y la Universidad de las Artes: mesas de di\u00e1logo, funciones de teatro, tertulia literaria, cine debate, exposiciones, entre otras. La entrada es libre.<\/p>\n<p>&nbsp;<\/p>\n<p><img data-recalc-dims=\"1\" loading=\"lazy\" decoding=\"async\" class=\"alignnone size-medium wp-image-66376\" src=\"https:\/\/i0.wp.com\/informativoelvalledeaguascalientes.online\/wp-content\/uploads\/2025\/03\/8450f76d-53b1-4552-a91f-511a3b45342a.jpg?resize=240%2C300&#038;ssl=1\" alt=\"\" width=\"240\" height=\"300\" srcset=\"https:\/\/i0.wp.com\/informativoelvalledeaguascalientes.online\/wp-content\/uploads\/2025\/03\/8450f76d-53b1-4552-a91f-511a3b45342a.jpg?resize=240%2C300&amp;ssl=1 240w, https:\/\/i0.wp.com\/informativoelvalledeaguascalientes.online\/wp-content\/uploads\/2025\/03\/8450f76d-53b1-4552-a91f-511a3b45342a.jpg?resize=819%2C1024&amp;ssl=1 819w, https:\/\/i0.wp.com\/informativoelvalledeaguascalientes.online\/wp-content\/uploads\/2025\/03\/8450f76d-53b1-4552-a91f-511a3b45342a.jpg?resize=768%2C960&amp;ssl=1 768w, https:\/\/i0.wp.com\/informativoelvalledeaguascalientes.online\/wp-content\/uploads\/2025\/03\/8450f76d-53b1-4552-a91f-511a3b45342a.jpg?resize=1229%2C1536&amp;ssl=1 1229w, https:\/\/i0.wp.com\/informativoelvalledeaguascalientes.online\/wp-content\/uploads\/2025\/03\/8450f76d-53b1-4552-a91f-511a3b45342a.jpg?w=1280&amp;ssl=1 1280w\" sizes=\"auto, (max-width: 240px) 100vw, 240px\" \/><\/p>\n","protected":false},"excerpt":{"rendered":"<p>#informativoelvalledeaguascalientes #novaradioaguascalientes #informativoelvalledeaguascalientesll #Aguascalientes &nbsp; En el marco de la conmemoraci\u00f3n del D\u00eda Internacional de la Mujer, el Instituto Cultural de Aguascalientes invita a las diferentes actividades que se llevar\u00e1n a cabo en la Casa Ter\u00e1n, la Ex-Escuela de Cristo y la Universidad de las Artes: mesas de di\u00e1logo, funciones de teatro, tertulia literaria, cine [&hellip;]<\/p>\n","protected":false},"author":1,"featured_media":66375,"comment_status":"closed","ping_status":"open","sticky":false,"template":"","format":"standard","meta":{"advanced_seo_description":"","jetpack_seo_html_title":"","jetpack_seo_noindex":false,"_jetpack_memberships_contains_paid_content":false,"footnotes":"","jetpack_publicize_message":"","jetpack_publicize_feature_enabled":true,"jetpack_social_post_already_shared":true,"jetpack_social_options":{"image_generator_settings":{"template":"highway","default_image_id":0,"font":"","enabled":false},"version":2}},"categories":[21,4],"tags":[22,615,52],"class_list":["post-66374","post","type-post","status-publish","format-standard","has-post-thumbnail","hentry","category-aguascalientes","category-gobierno-del-estado-aguascalientes","tag-aguascalientes","tag-gobierno-del-estado-de-aguascalientes","tag-ica"],"jetpack_publicize_connections":[],"jetpack_featured_media_url":"https:\/\/i0.wp.com\/informativoelvalledeaguascalientes.online\/wp-content\/uploads\/2025\/03\/de3d3802-3e03-43ea-b746-edecb2713eb1.jpg?fit=1280%2C1600&ssl=1","jetpack-related-posts":[],"jetpack_sharing_enabled":true,"jetpack_likes_enabled":true,"_links":{"self":[{"href":"https:\/\/informativoelvalledeaguascalientes.online\/index.php?rest_route=\/wp\/v2\/posts\/66374","targetHints":{"allow":["GET"]}}],"collection":[{"href":"https:\/\/informativoelvalledeaguascalientes.online\/index.php?rest_route=\/wp\/v2\/posts"}],"about":[{"href":"https:\/\/informativoelvalledeaguascalientes.online\/index.php?rest_route=\/wp\/v2\/types\/post"}],"author":[{"embeddable":true,"href":"https:\/\/informativoelvalledeaguascalientes.online\/index.php?rest_route=\/wp\/v2\/users\/1"}],"replies":[{"embeddable":true,"href":"https:\/\/informativoelvalledeaguascalientes.online\/index.php?rest_route=%2Fwp%2Fv2%2Fcomments&post=66374"}],"version-history":[{"count":1,"href":"https:\/\/informativoelvalledeaguascalientes.online\/index.php?rest_route=\/wp\/v2\/posts\/66374\/revisions"}],"predecessor-version":[{"id":66377,"href":"https:\/\/informativoelvalledeaguascalientes.online\/index.php?rest_route=\/wp\/v2\/posts\/66374\/revisions\/66377"}],"wp:featuredmedia":[{"embeddable":true,"href":"https:\/\/informativoelvalledeaguascalientes.online\/index.php?rest_route=\/wp\/v2\/media\/66375"}],"wp:attachment":[{"href":"https:\/\/informativoelvalledeaguascalientes.online\/index.php?rest_route=%2Fwp%2Fv2%2Fmedia&parent=66374"}],"wp:term":[{"taxonomy":"category","embeddable":true,"href":"https:\/\/informativoelvalledeaguascalientes.online\/index.php?rest_route=%2Fwp%2Fv2%2Fcategories&post=66374"},{"taxonomy":"post_tag","embeddable":true,"href":"https:\/\/informativoelvalledeaguascalientes.online\/index.php?rest_route=%2Fwp%2Fv2%2Ftags&post=66374"}],"curies":[{"name":"wp","href":"https:\/\/api.w.org\/{rel}","templated":true}]}}