{"id":66356,"date":"2025-03-03T18:43:26","date_gmt":"2025-03-04T00:43:26","guid":{"rendered":"https:\/\/informativoelvalledeaguascalientes.online\/?p=66356"},"modified":"2025-03-03T18:43:26","modified_gmt":"2025-03-04T00:43:26","slug":"entrega-tere-jimenez-nueva-infraestructura-educativa-en-secundaria-de-villas-de-nuestra-senora-de-la-asuncion","status":"publish","type":"post","link":"https:\/\/informativoelvalledeaguascalientes.online\/?p=66356","title":{"rendered":"ENTREGA TERE JIM\u00c9NEZ NUEVA INFRAESTRUCTURA EDUCATIVA EN SECUNDARIA DE VILLAS DE NUESTRA SE\u00d1ORA DE LA ASUNCI\u00d3N"},"content":{"rendered":"<p>#informativoelvalledeaguascalientes #novaradioaguascalientes #informativoelvalledeaguascalientesll #Aguascalientes<\/p>\n<p>&nbsp;<\/p>\n<ul class=\"_9iRlZ joYDm\">\n<li class=\"AY0Vp\" dir=\"auto\" aria-level=\"1\">\n<p id=\"viewer-ytzca157\" class=\"o0STb GF80u _6Vwzd HjRUP\" dir=\"\"><span class=\"B-fpk _6Vwzd\"><strong><em>Inaugur\u00f3 obras por m\u00e1s de 9 millones de pesos, que incluyen nuevas aulas y laboratorios<\/em><\/strong><\/span><\/p>\n<\/li>\n<li class=\"AY0Vp\" dir=\"auto\" aria-level=\"1\">\n<p id=\"viewer-9bl0x160\" class=\"o0STb GF80u _6Vwzd HjRUP\" dir=\"\"><span class=\"B-fpk _6Vwzd\"><strong><em>Queremos que nuestras ni\u00f1as, ni\u00f1os y j\u00f3venes cuenten con escuelas dignas, modernas y funcionales: Tere Jim\u00e9nez<\/em><\/strong><\/span><\/p>\n<\/li>\n<\/ul>\n<div id=\"viewer-hacq5162\" class=\"o0STb GF80u joYDm HjRUP\" dir=\"auto\"><span class=\"B-fpk\">\u00a0<\/span><\/div>\n<div id=\"viewer-xexqa163\" class=\"o0STb GF80u joYDm HjRUP\" dir=\"auto\"><span class=\"B-fpk\">\u00a0<\/span><\/div>\n<p id=\"viewer-wdlh2164\" class=\"o0STb GF80u _6Vwzd HjRUP\" dir=\"auto\"><span class=\"B-fpk _6Vwzd\">La gobernadora de Aguascalientes,<strong>\u00a0<\/strong>Tere Jim\u00e9nez, entreg\u00f3 infraestructura educativa por m\u00e1s de 9 millones de pesos en la Escuela Secundaria T\u00e9cnica No. 41, en el fraccionamiento Villas de Nuestra Se\u00f1ora de la Asunci\u00f3n, en el oriente de la capital, con lo que refrenda su compromiso con la educaci\u00f3n.<\/span><\/p>\n<div id=\"viewer-kes27168\" class=\"o0STb GF80u joYDm HjRUP\" dir=\"auto\"><span class=\"B-fpk\">\u00a0<\/span><\/div>\n<p id=\"viewer-czjbf169\" class=\"o0STb GF80u _6Vwzd HjRUP\" dir=\"auto\"><span class=\"B-fpk _6Vwzd\">\u201cQueremos que nuestras ni\u00f1as, ni\u00f1os y j\u00f3venes cuenten con escuelas dignas, modernas y funcionales; que tengan todas las herramientas que necesitan para su formaci\u00f3n acad\u00e9mica y est\u00e9n en un ambiente que les ayude a lograr un mayor aprovechamiento escolar\u201d, les dijo la gobernadora a las y los alumnos de la instituci\u00f3n.<\/span><\/p>\n<div id=\"viewer-8mjtx171\" class=\"o0STb GF80u joYDm HjRUP\" dir=\"auto\"><span class=\"B-fpk\">\u00a0<\/span><\/div>\n<p id=\"viewer-pfo0v172\" class=\"o0STb GF80u _6Vwzd HjRUP\" dir=\"auto\"><span class=\"B-fpk _6Vwzd\">De igual manera, Tere Jim\u00e9nez destac\u00f3 que la educaci\u00f3n es la mejor herencia que se le puede dejar a las nuevas generaciones, por lo que puso a disposici\u00f3n de las y los estudiantes, las diferentes becas educativas que impulsa el Gobierno del Estado, adem\u00e1s de que reiter\u00f3 su compromiso de garantizar que todas y todos los alumnos tengan acceso a una educaci\u00f3n de calidad y cuenten con escuelas seguras y bien equipadas.<\/span><\/p>\n<div id=\"viewer-kiq0i174\" class=\"o0STb GF80u joYDm HjRUP\" dir=\"auto\"><span class=\"B-fpk\">\u00a0<\/span><\/div>\n<p id=\"viewer-g2pw2175\" class=\"o0STb GF80u _6Vwzd HjRUP\" dir=\"auto\"><span class=\"B-fpk _6Vwzd\">J. Jes\u00fas Lara Ram\u00edrez, director general del Instituto de Infraestructura F\u00edsica Educativa del Estado de Aguascalientes, detall\u00f3 que las obras que hoy se entregaron contemplan la construcci\u00f3n de seis nuevas aulas did\u00e1cticas, un laboratorio de ciencias, un laboratorio de dibujo t\u00e9cnico, as\u00ed como la instalaci\u00f3n de escaleras met\u00e1licas.<\/span><\/p>\n<div id=\"viewer-luqkp177\" class=\"o0STb GF80u joYDm HjRUP\" dir=\"auto\"><span class=\"B-fpk\">\u00a0<\/span><\/div>\n<p id=\"viewer-m98f2178\" class=\"o0STb GF80u _6Vwzd HjRUP\" dir=\"auto\"><span class=\"B-fpk _6Vwzd\">Durante el evento c\u00edvico donde se rindieron honores a la bandera, la gobernadora tambi\u00e9n entreg\u00f3 bicicletas, tablets y reconocimientos a las y los estudiantes con los mejores promedios de calificaci\u00f3n.<\/span><\/p>\n<div id=\"viewer-mv47i180\" class=\"o0STb GF80u joYDm HjRUP\" dir=\"auto\"><span class=\"B-fpk\">\u00a0<\/span><\/div>\n<p id=\"viewer-y9n8m181\" class=\"o0STb GF80u _6Vwzd HjRUP\" dir=\"auto\"><span class=\"B-fpk _6Vwzd\">La directora del plantel, Lorena Ruiz Barajas, agradeci\u00f3 a la gobernadora por su apoyo y respaldo para que se realizaran las obras que hoy se inauguraron en esta secundaria: \u201cGracias, gobernadora, por hacer de las ni\u00f1as, ni\u00f1os y adolescentes su prioridad. Aqu\u00ed nos encargaremos de potenciar y desarrollar las competencias de las y los alumnos para que nuestro Aguascalientes siga siendo el gigante de M\u00e9xico\u201d, subray\u00f3.<\/span><\/p>\n<div id=\"viewer-b4ljy183\" class=\"o0STb GF80u joYDm HjRUP\" dir=\"auto\"><span class=\"B-fpk\">\u00a0<\/span><\/div>\n<div dir=\"auto\"><\/div>\n<p id=\"viewer-ixzcs184\" class=\"o0STb GF80u _6Vwzd HjRUP\" dir=\"auto\"><span class=\"B-fpk _6Vwzd\">A nombre de toda la comunidad escolar, Danna Esmeralda Mel\u00e9ndez Acosta le dio las gracias a la gobernadora por la nueva infraestructura: \u201cAgradecemos los espacios educativos que nos provee para seguir super\u00e1ndonos acad\u00e9micamente cada d\u00eda. Somos j\u00f3venes entusiastas, con muchos deseos de mejorar y aprender cada d\u00eda para que nuestras familias, nuestros maestros y usted se sientan orgullosos de nosotros\u201d, asegur\u00f3.<\/span><\/p>\n<div id=\"viewer-decf0186\" class=\"o0STb GF80u joYDm HjRUP\" dir=\"auto\"><span class=\"B-fpk\">\u00a0<\/span><\/div>\n<p id=\"viewer-z0uay187\" class=\"o0STb GF80u _6Vwzd HjRUP\" dir=\"auto\"><span class=\"B-fpk _6Vwzd\">En la ceremonia tambi\u00e9n estuvieron presentes Luis Enrique Guti\u00e9rrez Reynoso, director general del Instituto de Educaci\u00f3n de Aguascalientes (IEA); Isabela Anaya Estrada, presidenta de la Sociedad de Alumnos de la Escuela Secundaria T\u00e9cnica No. 41, as\u00ed como docentes, padres y madres de familia.<\/span><\/p>\n","protected":false},"excerpt":{"rendered":"<p>#informativoelvalledeaguascalientes #novaradioaguascalientes #informativoelvalledeaguascalientesll #Aguascalientes &nbsp; Inaugur\u00f3 obras por m\u00e1s de 9 millones de pesos, que incluyen nuevas aulas y laboratorios Queremos que nuestras ni\u00f1as, ni\u00f1os y j\u00f3venes cuenten con escuelas dignas, modernas y funcionales: Tere Jim\u00e9nez \u00a0 \u00a0 La gobernadora de Aguascalientes,\u00a0Tere Jim\u00e9nez, entreg\u00f3 infraestructura educativa por m\u00e1s de 9 millones de pesos en la [&hellip;]<\/p>\n","protected":false},"author":1,"featured_media":66357,"comment_status":"closed","ping_status":"open","sticky":false,"template":"","format":"standard","meta":{"advanced_seo_description":"","jetpack_seo_html_title":"","jetpack_seo_noindex":false,"_jetpack_memberships_contains_paid_content":false,"footnotes":"","jetpack_publicize_message":"","jetpack_publicize_feature_enabled":true,"jetpack_social_post_already_shared":true,"jetpack_social_options":{"image_generator_settings":{"template":"highway","default_image_id":0,"font":"","enabled":false},"version":2}},"categories":[21,4],"tags":[22,615,39,320],"class_list":["post-66356","post","type-post","status-publish","format-standard","has-post-thumbnail","hentry","category-aguascalientes","category-gobierno-del-estado-aguascalientes","tag-aguascalientes","tag-gobierno-del-estado-de-aguascalientes","tag-iea","tag-tere-jimenez"],"jetpack_publicize_connections":[],"jetpack_featured_media_url":"https:\/\/i0.wp.com\/informativoelvalledeaguascalientes.online\/wp-content\/uploads\/2025\/03\/2a5a67b7-c04e-409b-aece-2899c2445118.jpg?fit=1080%2C720&ssl=1","jetpack-related-posts":[],"jetpack_sharing_enabled":true,"jetpack_likes_enabled":true,"_links":{"self":[{"href":"https:\/\/informativoelvalledeaguascalientes.online\/index.php?rest_route=\/wp\/v2\/posts\/66356","targetHints":{"allow":["GET"]}}],"collection":[{"href":"https:\/\/informativoelvalledeaguascalientes.online\/index.php?rest_route=\/wp\/v2\/posts"}],"about":[{"href":"https:\/\/informativoelvalledeaguascalientes.online\/index.php?rest_route=\/wp\/v2\/types\/post"}],"author":[{"embeddable":true,"href":"https:\/\/informativoelvalledeaguascalientes.online\/index.php?rest_route=\/wp\/v2\/users\/1"}],"replies":[{"embeddable":true,"href":"https:\/\/informativoelvalledeaguascalientes.online\/index.php?rest_route=%2Fwp%2Fv2%2Fcomments&post=66356"}],"version-history":[{"count":1,"href":"https:\/\/informativoelvalledeaguascalientes.online\/index.php?rest_route=\/wp\/v2\/posts\/66356\/revisions"}],"predecessor-version":[{"id":66358,"href":"https:\/\/informativoelvalledeaguascalientes.online\/index.php?rest_route=\/wp\/v2\/posts\/66356\/revisions\/66358"}],"wp:featuredmedia":[{"embeddable":true,"href":"https:\/\/informativoelvalledeaguascalientes.online\/index.php?rest_route=\/wp\/v2\/media\/66357"}],"wp:attachment":[{"href":"https:\/\/informativoelvalledeaguascalientes.online\/index.php?rest_route=%2Fwp%2Fv2%2Fmedia&parent=66356"}],"wp:term":[{"taxonomy":"category","embeddable":true,"href":"https:\/\/informativoelvalledeaguascalientes.online\/index.php?rest_route=%2Fwp%2Fv2%2Fcategories&post=66356"},{"taxonomy":"post_tag","embeddable":true,"href":"https:\/\/informativoelvalledeaguascalientes.online\/index.php?rest_route=%2Fwp%2Fv2%2Ftags&post=66356"}],"curies":[{"name":"wp","href":"https:\/\/api.w.org\/{rel}","templated":true}]}}