{"id":66353,"date":"2025-03-03T18:40:51","date_gmt":"2025-03-04T00:40:51","guid":{"rendered":"https:\/\/informativoelvalledeaguascalientes.online\/?p=66353"},"modified":"2025-03-03T18:40:51","modified_gmt":"2025-03-04T00:40:51","slug":"celebracion-del-dia-internacional-del-artesano-en-calvillo-aguascalientes","status":"publish","type":"post","link":"https:\/\/informativoelvalledeaguascalientes.online\/?p=66353","title":{"rendered":"Celebraci\u00f3n del D\u00eda Internacional del Artesano en Calvillo Aguascalientes"},"content":{"rendered":"<p>#informativoelvalledeaguascalientes #novaradioaguascalientes #informativoelvalledeaguascalientesll #Aguascalientes<\/p>\n<p>&nbsp;<\/p>\n<p>&nbsp;<\/p>\n<p>Celebremos el talento y la dedicaci\u00f3n de las manos que dan vida a nuestras tradiciones.<\/p>\n<p>Descubre el trabajo de las y los artesanos de #CalvilloPuebloM\u00e1gico y de los municipios invitados que nos acompa\u00f1ar\u00e1n en esta gran fiesta de la identidad creativa.<\/p>\n<p>\ud83d\udcc5 16 de marzo de 2025<br \/>\n\ud83d\udccd Plaza Principal de Calvillo<br \/>\n\ud83d\udd70\ufe0f 10:00 a.m.<\/p>\n<p>Muy pronto compartiremos el programa completo. \u00a1No te lo pierdas! \ud83d\ude4c<\/p>\n<p>#LegadoParaMiGente<\/p>\n","protected":false},"excerpt":{"rendered":"<p>#informativoelvalledeaguascalientes #novaradioaguascalientes #informativoelvalledeaguascalientesll #Aguascalientes &nbsp; &nbsp; Celebremos el talento y la dedicaci\u00f3n de las manos que dan vida a nuestras tradiciones. Descubre el trabajo de las y los artesanos de #CalvilloPuebloM\u00e1gico y de los municipios invitados que nos acompa\u00f1ar\u00e1n en esta gran fiesta de la identidad creativa. \ud83d\udcc5 16 de marzo de 2025 \ud83d\udccd Plaza [&hellip;]<\/p>\n","protected":false},"author":1,"featured_media":66354,"comment_status":"closed","ping_status":"open","sticky":false,"template":"","format":"standard","meta":{"advanced_seo_description":"","jetpack_seo_html_title":"","jetpack_seo_noindex":false,"_jetpack_memberships_contains_paid_content":false,"footnotes":"","jetpack_publicize_message":"","jetpack_publicize_feature_enabled":true,"jetpack_social_post_already_shared":true,"jetpack_social_options":{"image_generator_settings":{"template":"highway","default_image_id":0,"font":"","enabled":false},"version":2}},"categories":[21,13],"tags":[22,88,29],"class_list":["post-66353","post","type-post","status-publish","format-standard","has-post-thumbnail","hentry","category-aguascalientes","category-calvillo-aguascalientes","tag-aguascalientes","tag-calvillo","tag-calvillo-aguascalientes"],"jetpack_publicize_connections":[],"jetpack_featured_media_url":"https:\/\/i0.wp.com\/informativoelvalledeaguascalientes.online\/wp-content\/uploads\/2025\/03\/d5580628-f458-498b-85a5-66eec672f977.jpg?fit=1080%2C1303&ssl=1","jetpack-related-posts":[],"jetpack_sharing_enabled":true,"jetpack_likes_enabled":true,"_links":{"self":[{"href":"https:\/\/informativoelvalledeaguascalientes.online\/index.php?rest_route=\/wp\/v2\/posts\/66353","targetHints":{"allow":["GET"]}}],"collection":[{"href":"https:\/\/informativoelvalledeaguascalientes.online\/index.php?rest_route=\/wp\/v2\/posts"}],"about":[{"href":"https:\/\/informativoelvalledeaguascalientes.online\/index.php?rest_route=\/wp\/v2\/types\/post"}],"author":[{"embeddable":true,"href":"https:\/\/informativoelvalledeaguascalientes.online\/index.php?rest_route=\/wp\/v2\/users\/1"}],"replies":[{"embeddable":true,"href":"https:\/\/informativoelvalledeaguascalientes.online\/index.php?rest_route=%2Fwp%2Fv2%2Fcomments&post=66353"}],"version-history":[{"count":1,"href":"https:\/\/informativoelvalledeaguascalientes.online\/index.php?rest_route=\/wp\/v2\/posts\/66353\/revisions"}],"predecessor-version":[{"id":66355,"href":"https:\/\/informativoelvalledeaguascalientes.online\/index.php?rest_route=\/wp\/v2\/posts\/66353\/revisions\/66355"}],"wp:featuredmedia":[{"embeddable":true,"href":"https:\/\/informativoelvalledeaguascalientes.online\/index.php?rest_route=\/wp\/v2\/media\/66354"}],"wp:attachment":[{"href":"https:\/\/informativoelvalledeaguascalientes.online\/index.php?rest_route=%2Fwp%2Fv2%2Fmedia&parent=66353"}],"wp:term":[{"taxonomy":"category","embeddable":true,"href":"https:\/\/informativoelvalledeaguascalientes.online\/index.php?rest_route=%2Fwp%2Fv2%2Fcategories&post=66353"},{"taxonomy":"post_tag","embeddable":true,"href":"https:\/\/informativoelvalledeaguascalientes.online\/index.php?rest_route=%2Fwp%2Fv2%2Ftags&post=66353"}],"curies":[{"name":"wp","href":"https:\/\/api.w.org\/{rel}","templated":true}]}}